{"id":519016,"date":"2024-07-02T09:29:21","date_gmt":"2024-07-02T13:29:21","guid":{"rendered":"https:\/\/diarioelpopular.com\/?p=519016"},"modified":"2024-07-02T09:29:21","modified_gmt":"2024-07-02T13:29:21","slug":"cronicas-quien-mismo-es-bukele-primera-de-dos-partes-anhelos","status":"publish","type":"post","link":"https:\/\/diarioelpopular.com\/index.php\/2024\/07\/02\/cronicas-quien-mismo-es-bukele-primera-de-dos-partes-anhelos\/","title":{"rendered":"CR\u00d3NICAS. \u00bfQui\u00e9n mismo es Bukele? Primera de dos partes: Anhelos"},"content":{"rendered":"<p><img loading=\"lazy\" decoding=\"async\" class=\"alignnone size-custom-full-size wp-image-519017\" src=\"https:\/\/diarioelpopular.com\/wp-content\/uploads\/2024\/07\/Screen-Shot-2024-07-02-at-9.28.37-AM-636x423.png\" alt=\"\" width=\"636\" height=\"423\" srcset=\"https:\/\/diarioelpopular.com\/wp-content\/uploads\/2024\/07\/Screen-Shot-2024-07-02-at-9.28.37-AM-636x423.png 636w, https:\/\/diarioelpopular.com\/wp-content\/uploads\/2024\/07\/Screen-Shot-2024-07-02-at-9.28.37-AM-300x200.png 300w, https:\/\/diarioelpopular.com\/wp-content\/uploads\/2024\/07\/Screen-Shot-2024-07-02-at-9.28.37-AM-768x511.png 768w, https:\/\/diarioelpopular.com\/wp-content\/uploads\/2024\/07\/Screen-Shot-2024-07-02-at-9.28.37-AM-110x73.png 110w, https:\/\/diarioelpopular.com\/wp-content\/uploads\/2024\/07\/Screen-Shot-2024-07-02-at-9.28.37-AM.png 802w\" sizes=\"auto, (max-width: 636px) 100vw, 636px\" \/><\/p>\n<p>&nbsp;<\/p>\n<p>&nbsp;<\/p>\n<p class=\"p1\"><em><strong>Por: Luc\u00eda P. de Garc\u00eda<\/strong><\/em><\/p>\n<p class=\"p1\"><em><strong>Toronto.-<\/strong><\/em> Con el 85% del voto ciudadano, el 1 de junio del 2024 Nayib Armando Bukele Ortez asumi\u00f3 por segunda vez la Presidencia de la Rep\u00fablica de El Salvador para un per\u00edodo de cinco a\u00f1os. Reconocieron su legitimidad todos los pa\u00edses del planeta. Incluso Estados Unidos, donde en 2021 Nayib lleg\u00f3 en visita y Joe Bidden le dej\u00f3 plantado. Esta vez su gobierno envi\u00f3 a la ceremonia de posesi\u00f3n a una alta delegaci\u00f3n presidida por el secretario de Seguridad Nacional, y el Congreso mand\u00f3 sus propios representantes. Tan sorprendente cambio de actitud obliga la pregunta \u00bf\u00e1ngel, demonio, qui\u00e9n mismo es Bukele?<\/p>\n<p class=\"p1\">Sus abuelos llegaron a El Salvador a inicios del siglo XX, huyendo de la violencia en Palestina. \u00c9l, ortodoxo, ella cat\u00f3lica, tuvieron cinco hijos. Hicieron fortuna pese a las trabas gubernamentales. El padre de Nayib, historiador, qu\u00edmico industrial y genio Armando Bukele Kattan, escribi\u00f3 un libro de f\u00edsica, tuvo un programa en televisi\u00f3n, fue nominado al Premio Nobel; tras convertirse al Islam lleg\u00f3 a ser Im\u00e1n e impuls\u00f3 las primeras mezquitas. Con su esposa, Olga Marina Ortez, cat\u00f3lica, tuvo cuatro hijos: Nayib, Karim y los mellizos Yusef e Ibrahim. Hay otros dos hermanos y cuatro hermanas de padre, quien falleci\u00f3 en 2015. La familia es muy apreciada por su alto sentido humano, honradez, sencillez. Entre todos han incrementado sus haberes al trabajar en las compa\u00f1\u00edas heredadas en el \u00e1mbito textil, farmacias, automotor, publicidad y m\u00e1s. <span class=\"Apple-converted-space\">\u00a0<\/span><\/p>\n<p class=\"p1\">Nayib naci\u00f3 el 24 de julio de 1981 en San Salvador. De la prestigiosa Escuela Panamericana pas\u00f3 a la Universidad Centroamericana Jos\u00e9 Sime\u00f3n Ca\u00f1as para cursar Ciencias Jur\u00eddicas, no termin\u00f3 ya que empez\u00f3 a trabajar en la agencia de publicidad familiar Obermet. En 2014 Nayib se cas\u00f3 con Gabriela Rodr\u00edguez Perezalonso luego de diez a\u00f1os de noviazgo. Ella, cristiana evang\u00e9lica descendiente de jud\u00edos sefard\u00edes, de padre salvadore\u00f1o y madre nicarag\u00fcense, naci\u00f3 en 1985 como la menor de cuatro hijas. Brillante doctora en psicolog\u00eda prenatal, en 2018 fund\u00f3 el primer centro de ense\u00f1anza prenatal PrePare al cual dirige, es representante regional ante la Asociaci\u00f3n de Psicolog\u00eda y Salud Pre y Perinatal. La pareja tiene dos ni\u00f1as, de cuatro a\u00f1os y de ocho meses. Nayib dice que Gabriela es el amor de su vida. Quienes les conocen afirman que los dos son un ejemplo de comprensi\u00f3n, apoyo, amor incondicional.<span class=\"Apple-converted-space\">\u00a0<\/span><\/p>\n<p class=\"p1\">Ellos integran la generaci\u00f3n de salvadore\u00f1os nacidos en familias de diferentes or\u00edgenes, credos, costumbres, que aprendieron de la historia de su pa\u00eds en las escuelas: Independencia de Espa\u00f1a en 1821. Fallido intento de establecer una Federaci\u00f3n con las otras naciones de Centroam\u00e9rica. Promulgaci\u00f3n de El Salvador como Estado en 1841. Dictaduras, inestabilidad pol\u00edtica y social constante. Guerra Civil no declarada en la d\u00e9cada de los 70, cuando paramilitares, escuadrones de la muerte y militares afines a la Junta de Gobierno desplazaron a campesinos y cometieron atrocidades contra la poblaci\u00f3n inerme, en flagrante violaci\u00f3n a los Derechos Humanos. Todo sucedi\u00f3 con ayuda econ\u00f3mica y militar de Estados Unidos, las dictaduras de Chile y de Argentina.<span class=\"Apple-converted-space\">\u00a0<\/span><\/p>\n<p class=\"p1\">De nada valieron los llamados a la paz del arzobispo \u00d3scar Arnulfo Romero, el \u00faltimo, al gobierno: \u201cEn nombre de Dios pues, y en nombre de este sufrido pueblo cuyos lamentos suben hasta el cielo cada d\u00eda m\u00e1s tumultuosos, les suplico, les ruego, les ordeno en nombre de Dios: Cese la represi\u00f3n\u201d. Fue asesinado en marzo de 1980 mientras oficiaba una misa.<span class=\"Apple-converted-space\">\u00a0<\/span><\/p>\n<p class=\"p1\">Y naci\u00f3 la rebeld\u00eda. El pueblo respald\u00f3 al Frente Farabundo Mart\u00ed para la Liberaci\u00f3n Nacional (FMLN), alianza de cinco grupos guerrilleros que actuaban desde poco antes con apoyo de Cuba y Nicaragua, bajo sombra de la Uni\u00f3n Sovi\u00e9tica y sus aliados del Bloque Este. La Guerra Civil se agudiz\u00f3. Termin\u00f3 en 1992 con los Acuerdos de Paz de Chapultepec y un saldo de 75.000 muertos, 15.000 desaparecidos, m\u00e1s del 25% de la poblaci\u00f3n desplazada o refugiada.<span class=\"Apple-converted-space\">\u00a0<\/span><\/p>\n<p class=\"p1\">Desde ese momento el FMLN se constituy\u00f3 como partido pol\u00edtico de izquierda y principal opositor de la Alianza Republicana ARENA, partido pol\u00edtico de derecha fundado en 1981. Arena alcanz\u00f3 la presidencia de El Salvador en 1989 y la mantuvo con cuatro mandatos consecutivos hasta 2009, cuando por voto popular asumi\u00f3 el FMLN y lo conserv\u00f3 hasta 2019. <span class=\"Apple-converted-space\">\u00a0<\/span><\/p>\n<p class=\"p1\">Tambi\u00e9n en 1992 empezaron las arremetidas criminales de las pandillas y las maras, originadas en los 80 cuando la Guerra Civil de El Salvador oblig\u00f3 a la poblaci\u00f3n a emigrar. Algunos j\u00f3venes que fueron a<span class=\"Apple-converted-space\">\u00a0 <\/span>California se juntaron a los grupos locales y de ellos aprendieron sus ma\u00f1as. Al volverse rivales suscitaron enfrentamientos tan violentos que fueron regresados a El Salvador. All\u00e1 encontraron abandono estatal, instituciones d\u00e9biles, desigualdad social, pobreza extrema, falta de empleo, lo que facilit\u00f3 su accionar delictivo con el reclutamiento de j\u00f3venes. Sus acciones contra la poblaci\u00f3n fueron perversas: extorciones, raptos, muertes indiscriminadas, a las que sumaron el narcotr\u00e1fico. La intervenci\u00f3n del gobierno desat\u00f3 la respuesta a\u00fan m\u00e1s cruel de los delincuentes. Se generaliz\u00f3 la guerra. Se desencaden\u00f3 otra emigraci\u00f3n. El pa\u00eds se convirti\u00f3 en un infierno, ubic\u00e1ndose como el m\u00e1s peligroso y violento del mundo.<span class=\"Apple-converted-space\">\u00a0 \u00a0<\/span><\/p>\n<p class=\"p1\">Esa realidad vivi\u00f3 aquella generaci\u00f3n. Los m\u00e1s afortunados alcanzaron una profesi\u00f3n; la mayor\u00eda son padres; todos desean un buen futuro para sus hijos. Entre ellos Nayib, quien para conseguir ese anhelo ingres\u00f3 a la pol\u00edtica. Con auspicio del FMLN fue electo Alcalde de Nuevo Cuscatl\u00e1n 2012-2015. A esa ciudad peque\u00f1ita repar\u00f3 calles, dot\u00f3 de agua, luz, cl\u00ednica, biblioteca, all\u00ed tiene su casa en un barrio privado. Como Alcalde de San Salvador 2015-2018 recuper\u00f3 su bello centro hist\u00f3rico; impuls\u00f3 Centros de Desarrollo Infantil, salud, educaci\u00f3n, controles nutricionales; cre\u00f3 el ballet de San Salvador, la primera Secretar\u00eda de Cultura, la Secretar\u00eda de la Mujer y Familia.<\/p>\n<p class=\"p1\">El FMLN no apoy\u00f3 su reelecci\u00f3n ni su aspiraci\u00f3n de alcanzar la Presidencia, fue expulsado por sus cr\u00edticas a ciertos coidearios. Nayib form\u00f3 el Partido Nuevas Ideas y con la Coalici\u00f3n GANA inici\u00f3 la campa\u00f1a electoral. Le benefici\u00f3 conocer la realidad del pa\u00eds; haber efectuado la propaganda pol\u00edtica del FMLN; ser experto en cibern\u00e9tica, manejo de redes sociales, marketin pol\u00edtico. A la ciudadan\u00eda ofreci\u00f3 no caer en la corrupci\u00f3n de los partidos tradicionales ni en el incumplimiento de sus promesas, sino con Nuevas Ideas construir un pa\u00eds sin violencia, con justicia, desarrollo, paz. Gan\u00f3 en primera vuelta con el 53% de los votos, algo inusitado. El 1 de junio de 2019 Nayib asumi\u00f3 la Presidencia de El Salvador tras jurar sobre la Biblia que sosten\u00eda su esposa, ante ministros religiosos cristianos, su familia cat\u00f3lica y musulmana, el pueblo emocionado, dichoso.<span class=\"Apple-converted-space\">\u00a0<\/span><\/p>\n<p class=\"p1\">Pr\u00f3xima semana: \u00bfQui\u00e9n mismo es Bukele? Segunda parte y final: Logros<\/p>\n","protected":false},"excerpt":{"rendered":"<p>&nbsp; &nbsp; Por: Luc\u00eda P. de Garc\u00eda Toronto.- Con el 85% del voto ciudadano, el 1 de junio del 2024 Nayib Armando Bukele Ortez asumi\u00f3&hellip;<\/p>\n","protected":false},"author":99,"featured_media":519017,"comment_status":"open","ping_status":"open","sticky":false,"template":"","format":"standard","meta":{"footnotes":""},"categories":[11362,23],"tags":[],"class_list":["post-519016","post","type-post","status-publish","format-standard","has-post-thumbnail","hentry","category-cronicas","category-latinoamerica"],"_links":{"self":[{"href":"https:\/\/diarioelpopular.com\/index.php\/wp-json\/wp\/v2\/posts\/519016","targetHints":{"allow":["GET"]}}],"collection":[{"href":"https:\/\/diarioelpopular.com\/index.php\/wp-json\/wp\/v2\/posts"}],"about":[{"href":"https:\/\/diarioelpopular.com\/index.php\/wp-json\/wp\/v2\/types\/post"}],"author":[{"embeddable":true,"href":"https:\/\/diarioelpopular.com\/index.php\/wp-json\/wp\/v2\/users\/99"}],"replies":[{"embeddable":true,"href":"https:\/\/diarioelpopular.com\/index.php\/wp-json\/wp\/v2\/comments?post=519016"}],"version-history":[{"count":1,"href":"https:\/\/diarioelpopular.com\/index.php\/wp-json\/wp\/v2\/posts\/519016\/revisions"}],"predecessor-version":[{"id":519018,"href":"https:\/\/diarioelpopular.com\/index.php\/wp-json\/wp\/v2\/posts\/519016\/revisions\/519018"}],"wp:featuredmedia":[{"embeddable":true,"href":"https:\/\/diarioelpopular.com\/index.php\/wp-json\/wp\/v2\/media\/519017"}],"wp:attachment":[{"href":"https:\/\/diarioelpopular.com\/index.php\/wp-json\/wp\/v2\/media?parent=519016"}],"wp:term":[{"taxonomy":"category","embeddable":true,"href":"https:\/\/diarioelpopular.com\/index.php\/wp-json\/wp\/v2\/categories?post=519016"},{"taxonomy":"post_tag","embeddable":true,"href":"https:\/\/diarioelpopular.com\/index.php\/wp-json\/wp\/v2\/tags?post=519016"}],"curies":[{"name":"wp","href":"https:\/\/api.w.org\/{rel}","templated":true}]}}