{"id":519079,"date":"2024-07-05T11:06:18","date_gmt":"2024-07-05T15:06:18","guid":{"rendered":"https:\/\/diarioelpopular.com\/?p=519079"},"modified":"2024-07-05T11:06:18","modified_gmt":"2024-07-05T15:06:18","slug":"la-tasa-de-desempleo-sube-al-6-4-en-junio-en-medio-de-la-perdida-de-empleos","status":"publish","type":"post","link":"https:\/\/diarioelpopular.com\/index.php\/2024\/07\/05\/la-tasa-de-desempleo-sube-al-6-4-en-junio-en-medio-de-la-perdida-de-empleos\/","title":{"rendered":"La tasa de desempleo sube al 6,4% en junio en medio de la p\u00e9rdida de empleos"},"content":{"rendered":"<p><img loading=\"lazy\" decoding=\"async\" class=\"alignnone size-custom-full-size wp-image-519080\" src=\"https:\/\/diarioelpopular.com\/wp-content\/uploads\/2024\/07\/Screen-Shot-2024-07-05-at-11.05.49-AM-636x518.png\" alt=\"\" width=\"636\" height=\"518\" srcset=\"https:\/\/diarioelpopular.com\/wp-content\/uploads\/2024\/07\/Screen-Shot-2024-07-05-at-11.05.49-AM-636x518.png 636w, https:\/\/diarioelpopular.com\/wp-content\/uploads\/2024\/07\/Screen-Shot-2024-07-05-at-11.05.49-AM-300x245.png 300w, https:\/\/diarioelpopular.com\/wp-content\/uploads\/2024\/07\/Screen-Shot-2024-07-05-at-11.05.49-AM-768x626.png 768w, https:\/\/diarioelpopular.com\/wp-content\/uploads\/2024\/07\/Screen-Shot-2024-07-05-at-11.05.49-AM-90x73.png 90w, https:\/\/diarioelpopular.com\/wp-content\/uploads\/2024\/07\/Screen-Shot-2024-07-05-at-11.05.49-AM.png 1006w\" sizes=\"auto, (max-width: 636px) 100vw, 636px\" \/><\/p>\n<p>&nbsp;<\/p>\n<ul>\n<li><strong>La econom\u00eda canadiense se mantuvo pr\u00e1cticamente sin cambios en junio, eliminando 1.400 puestos de trabajo, mientras que el desempleo aument\u00f3 0,2 puntos porcentuales hasta el 6,4 por ciento, inform\u00f3 este viernes Statistics Canada.<\/strong><\/li>\n<\/ul>\n<p>&nbsp;<\/p>\n<p><em><strong>OTTAWA.-<\/strong><\/em> El empleo cay\u00f3 para los hombres j\u00f3venes de entre 15 y 24 a\u00f1os, con 13.000 puestos de trabajo perdidos, mientras que para las mujeres de 25 a 54 a\u00f1os aument\u00f3 en 19.000 puestos de trabajo.<\/p>\n<p>Menos personas trabajaron en transporte, vivienda y administraci\u00f3n p\u00fablica, mientras que se agregaron empleos en el sector de servicios de alimentaci\u00f3n y alojamiento, as\u00ed como en el sector agr\u00edcola.<\/p>\n<p>Los salarios promedio por hora aumentaron un 5,4 por ciento en junio en comparaci\u00f3n con el mismo per\u00edodo del a\u00f1o pasado, y frente al 5,1 por ciento en mayo.<\/p>\n<p>&#8220;Este informe deja claro que el mercado laboral simplemente ya no puede considerarse ajustado; de hecho, r\u00e1pidamente se est\u00e1 inclinando en la otra direcci\u00f3n&#8221;, escribi\u00f3 en una nota el economista de BMO, Douglas Porter.<\/p>\n<p>Se\u00f1al\u00f3 que un mercado laboral m\u00e1s d\u00e9bil aumenta las probabilidades de un recorte de tasas del Banco de Canad\u00e1. Pero el banco central tambi\u00e9n ha estado observando atentamente el aumento de los salarios, que &#8220;siguen siendo la definici\u00f3n misma de r\u00edgido [y] har\u00e1n reflexionar al Banco&#8221;, escribi\u00f3 Porter.<\/p>\n<p>La tasa de desempleo juvenil fue &#8220;particularmente dolorosa&#8221; en junio, a\u00f1adi\u00f3 Porter. Esa tasa, para personas entre 15 y 24 a\u00f1os, aument\u00f3 0,9 puntos porcentuales hasta el 13,5 por ciento el mes pasado.<\/p>\n<p>Es la tasa m\u00e1s alta desde septiembre de 2014, con excepci\u00f3n de 2020 y 2021 debido a la pandemia.<\/p>\n<p><em><strong>Un mercado laboral de verano dif\u00edcil para los estudiantes<\/strong><\/em><br \/>\nHasta ese punto, el mercado laboral de verano se est\u00e1 volviendo m\u00e1s complicado para algunos estudiantes.<\/p>\n<p>La tasa de empleo entre los estudiantes que regresan (aquellos que intentan encontrar trabajos de verano antes de regresar a la escuela a tiempo completo en el oto\u00f1o) cay\u00f3 al 46,8 por ciento.<\/p>\n<p>Se trata de la tasa m\u00e1s baja desde junio de 1998, siendo el primer verano de la pandemia (junio de 2020) una excepci\u00f3n. Tambi\u00e9n es una &#8220;disminuci\u00f3n notable&#8221; con respecto al m\u00e1ximo del 53,7 por ciento informado en junio de 2022, dijo la agencia de datos.<\/p>\n<p>La tasa de desempleo fue del 15,9 por ciento para estos estudiantes, lo que supone un aumento de 3,8 puntos porcentuales respecto al a\u00f1o anterior. Los datos muestran que los estudiantes tienen m\u00e1s dificultades para encontrar trabajo en el mercado laboral de verano.<\/p>\n","protected":false},"excerpt":{"rendered":"<p>&nbsp; La econom\u00eda canadiense se mantuvo pr\u00e1cticamente sin cambios en junio, eliminando 1.400 puestos de trabajo, mientras que el desempleo aument\u00f3 0,2 puntos porcentuales hasta&hellip;<\/p>\n","protected":false},"author":99,"featured_media":519080,"comment_status":"open","ping_status":"open","sticky":false,"template":"","format":"standard","meta":{"footnotes":""},"categories":[21,11191],"tags":[],"class_list":["post-519079","post","type-post","status-publish","format-standard","has-post-thumbnail","hentry","category-canada","category-top-news"],"_links":{"self":[{"href":"https:\/\/diarioelpopular.com\/index.php\/wp-json\/wp\/v2\/posts\/519079","targetHints":{"allow":["GET"]}}],"collection":[{"href":"https:\/\/diarioelpopular.com\/index.php\/wp-json\/wp\/v2\/posts"}],"about":[{"href":"https:\/\/diarioelpopular.com\/index.php\/wp-json\/wp\/v2\/types\/post"}],"author":[{"embeddable":true,"href":"https:\/\/diarioelpopular.com\/index.php\/wp-json\/wp\/v2\/users\/99"}],"replies":[{"embeddable":true,"href":"https:\/\/diarioelpopular.com\/index.php\/wp-json\/wp\/v2\/comments?post=519079"}],"version-history":[{"count":1,"href":"https:\/\/diarioelpopular.com\/index.php\/wp-json\/wp\/v2\/posts\/519079\/revisions"}],"predecessor-version":[{"id":519081,"href":"https:\/\/diarioelpopular.com\/index.php\/wp-json\/wp\/v2\/posts\/519079\/revisions\/519081"}],"wp:featuredmedia":[{"embeddable":true,"href":"https:\/\/diarioelpopular.com\/index.php\/wp-json\/wp\/v2\/media\/519080"}],"wp:attachment":[{"href":"https:\/\/diarioelpopular.com\/index.php\/wp-json\/wp\/v2\/media?parent=519079"}],"wp:term":[{"taxonomy":"category","embeddable":true,"href":"https:\/\/diarioelpopular.com\/index.php\/wp-json\/wp\/v2\/categories?post=519079"},{"taxonomy":"post_tag","embeddable":true,"href":"https:\/\/diarioelpopular.com\/index.php\/wp-json\/wp\/v2\/tags?post=519079"}],"curies":[{"name":"wp","href":"https:\/\/api.w.org\/{rel}","templated":true}]}}