{"id":519114,"date":"2024-07-06T11:19:29","date_gmt":"2024-07-06T15:19:29","guid":{"rendered":"https:\/\/diarioelpopular.com\/?p=519114"},"modified":"2024-07-06T11:19:29","modified_gmt":"2024-07-06T15:19:29","slug":"una-mujer-dirigira-por-primera-vez-las-fuerzas-armadas-de-canada-en-plena-crisis-por-los-casos-de-racismo-y-agresiones-sexuales","status":"publish","type":"post","link":"https:\/\/diarioelpopular.com\/index.php\/2024\/07\/06\/una-mujer-dirigira-por-primera-vez-las-fuerzas-armadas-de-canada-en-plena-crisis-por-los-casos-de-racismo-y-agresiones-sexuales\/","title":{"rendered":"Una mujer dirigir\u00e1 por primera vez las Fuerzas Armadas de Canad\u00e1 en plena crisis por los casos de racismo y agresiones sexuales"},"content":{"rendered":"<p><img loading=\"lazy\" decoding=\"async\" class=\"alignnone size-custom-big-size wp-image-519115\" src=\"https:\/\/diarioelpopular.com\/wp-content\/uploads\/2024\/07\/Screen-Shot-2024-07-06-at-11.18.34-AM-1200x808.png\" alt=\"\" width=\"1200\" height=\"808\" srcset=\"https:\/\/diarioelpopular.com\/wp-content\/uploads\/2024\/07\/Screen-Shot-2024-07-06-at-11.18.34-AM-1200x808.png 1200w, https:\/\/diarioelpopular.com\/wp-content\/uploads\/2024\/07\/Screen-Shot-2024-07-06-at-11.18.34-AM-300x202.png 300w, https:\/\/diarioelpopular.com\/wp-content\/uploads\/2024\/07\/Screen-Shot-2024-07-06-at-11.18.34-AM-768x517.png 768w, https:\/\/diarioelpopular.com\/wp-content\/uploads\/2024\/07\/Screen-Shot-2024-07-06-at-11.18.34-AM-636x428.png 636w, https:\/\/diarioelpopular.com\/wp-content\/uploads\/2024\/07\/Screen-Shot-2024-07-06-at-11.18.34-AM-80x55.png 80w, https:\/\/diarioelpopular.com\/wp-content\/uploads\/2024\/07\/Screen-Shot-2024-07-06-at-11.18.34-AM-108x73.png 108w, https:\/\/diarioelpopular.com\/wp-content\/uploads\/2024\/07\/Screen-Shot-2024-07-06-at-11.18.34-AM.png 1024w\" sizes=\"auto, (max-width: 1200px) 100vw, 1200px\" \/><\/p>\n<h5><em>Jennie Carignan, nueva jefa del Estado Mayor de la Defensa de Canad\u00e1.\u00a0<span class=\"a_m_m\">CANADIAN FORCES (VIA REUTERS)<\/span><\/em><\/h5>\n<h5><\/h5>\n<h5><\/h5>\n<h4 class=\"a_st\"><em>&#8211; Justin Trudeau nombra a Jennie Carignan para ocupar el cargo m\u00e1s alto en el escalaf\u00f3n militar del pa\u00eds. Carignan comenzar\u00e1 a ejercer sus nuevas funciones el 18 de julio<\/em><\/h4>\n<p>&nbsp;<\/p>\n<p class=\"\">Por primera vez en la historia de Canad\u00e1, una mujer ocupar\u00e1 las m\u00e1s altas responsabilidades en las Fuerzas Armadas del pa\u00eds. <a href=\"https:\/\/elpais.com\/internacional\/2024-07-01\/una-semana-nefasta-para-justin-trudeau.html\" data-link-track-dtm=\"\" data-mrf-link=\"https:\/\/elpais.com\/internacional\/2024-07-01\/una-semana-nefasta-para-justin-trudeau.html\">Justin Trudeau<\/a>\u00a0anunci\u00f3 la nominaci\u00f3n de Jennie Carignan como nueva jefa del Estado Mayor de la Defensa. Carignan, que obtuvo el grado de teniente general en 2021 y ser\u00e1 promovida al de general, asumir\u00e1 sus nuevas funciones en una ceremonia programada para el 18 de julio.<\/p>\n<p class=\"\"><a href=\"https:\/\/elpais.com\/internacional\/2024-04-11\/trudeau-asegura-que-las-elecciones-de-2019-y-2021-en-canada-fueron-integras-y-las-decidieron-los-canadienses.html\" data-link-track-dtm=\"\" data-mrf-link=\"https:\/\/elpais.com\/internacional\/2024-04-11\/trudeau-asegura-que-las-elecciones-de-2019-y-2021-en-canada-fueron-integras-y-las-decidieron-los-canadienses.html\">El primer ministro<\/a>\u00a0dijo que, a lo largo de toda su carrera, Jennie Carignan ha demostrado liderazgo, compromiso con la excelencia y dedicaci\u00f3n. \u201cHan sido enormes activos para nuestras Fuerzas Armadas. Carignan contribuir\u00e1 a que Canad\u00e1 sea un pa\u00eds m\u00e1s fuerte y seguro\u201d, manifest\u00f3. Trudeau apunt\u00f3 que se trata de la \u201cpersona id\u00f3nea\u201d para dirigir la instituci\u00f3n en momentos de grandes retos. El premier canadiense agreg\u00f3 que estuvo aconsejado en su decisi\u00f3n por Wayne Eyre, actual jefe del Estado Mayor de la Defensa.<\/p>\n<p class=\"\">Nacida en Val-des-Sources (Quebec), Jennie Carignan ingres\u00f3 en las filas castrenses en 1986 y se gradu\u00f3 como ingeniera militar en 1990. En su trayectoria ha recibido m\u00faltiples distinciones; una de ellas ha sido la orden al m\u00e9rito militar de manos de la gobernadora general de Canad\u00e1. Fue la primera mujer en dirigir una fuerza de combate en el Ej\u00e9rcito. Destaca igualmente su participaci\u00f3n en operaciones en Afganist\u00e1n, Bosnia y Siria. Asimismo, encabez\u00f3 la misi\u00f3n de la OTAN en Irak de 2019 a 2020.<\/p>\n<p class=\"\">Antes de la nominaci\u00f3n, Jennie Carignan se desempe\u00f1aba como jefa de conducta personal y cultura de las Fuerzas Armadas. Su llegada a este puesto tuvo que ver con la crisis en la instituci\u00f3n por los numerosos casos de discriminaci\u00f3n, racismo y agresiones sexuales. En su nuevo cargo, Carignan tendr\u00e1 que seguir implantando distintas recomendaciones para reducir este problema dentro de los cuarteles. De igual forma, deber\u00e1 enfrentar los escollos que dificultan el reclutamiento. Se calcula que las Fuerzas Armadas de Canad\u00e1 acusan un d\u00e9ficit de unos 16.000 miembros.<\/p>\n<p class=\"\">En a\u00f1os recientes, los militares han prestado apoyo significativo en diversos desastres naturales. Ejemplo de ello fue su participaci\u00f3n para combatir la ola de incendios forestales que afect\u00f3 a varios puntos del pa\u00eds en 2023. Carignan tiene experiencia en estos asuntos, ya que dirigi\u00f3 las operaciones de asistencia por<a href=\"https:\/\/elpais.com\/internacional\/2021-11-16\/las-lluvias-causan-estragos-en-la-provincia-canadiense-de-columbia-britanica.html\" data-link-track-dtm=\"\" data-mrf-link=\"https:\/\/elpais.com\/internacional\/2021-11-16\/las-lluvias-causan-estragos-en-la-provincia-canadiense-de-columbia-britanica.html\">\u00a0las inundaciones<\/a>\u00a0que afectaron a la provincia de Quebec en 2019. Sin embargo, Ottawa ha se\u00f1alado la necesidad de que instituciones y niveles gubernamentales est\u00e9n mejor preparados ante la creciente frecuencia de estos eventos.<\/p>\n<p class=\"\">Las Fuerzas Armadas canadienses tambi\u00e9n enfrentan el reto de aumentar su presencia en el \u00c1rtico. De igual forma, la mirada est\u00e1 puesta en otras partes del mundo, como es el caso de Ucrania. Canad\u00e1 ha entregado varios paquetes de ayuda militar al Gobierno de Volod\u00edmir Zelenski en su lucha contra la invasi\u00f3n rusa. El pasado 23 de mayo, un grupo de senadores estadounidenses enviaron una carta a Justin Trudeau. En la misiva, pidieron al primer ministro que Ottawa respete sus compromisos con la OTAN para que destine el 2% del PIB al presupuesto militar. En 2023, los gastos en esta esfera fueron del 1,38%. Trudeau respondi\u00f3 un d\u00eda despu\u00e9s, afirmando que los aliados de Canad\u00e1 est\u00e1n satisfechos con sus inversiones en defensa.<\/p>\n","protected":false},"excerpt":{"rendered":"<p>Jennie Carignan, nueva jefa del Estado Mayor de la Defensa de Canad\u00e1.\u00a0CANADIAN FORCES (VIA REUTERS) &#8211; Justin Trudeau nombra a Jennie Carignan para ocupar el&hellip;<\/p>\n","protected":false},"author":99,"featured_media":519115,"comment_status":"open","ping_status":"open","sticky":false,"template":"","format":"standard","meta":{"footnotes":""},"categories":[21,11191],"tags":[],"class_list":["post-519114","post","type-post","status-publish","format-standard","has-post-thumbnail","hentry","category-canada","category-top-news"],"_links":{"self":[{"href":"https:\/\/diarioelpopular.com\/index.php\/wp-json\/wp\/v2\/posts\/519114","targetHints":{"allow":["GET"]}}],"collection":[{"href":"https:\/\/diarioelpopular.com\/index.php\/wp-json\/wp\/v2\/posts"}],"about":[{"href":"https:\/\/diarioelpopular.com\/index.php\/wp-json\/wp\/v2\/types\/post"}],"author":[{"embeddable":true,"href":"https:\/\/diarioelpopular.com\/index.php\/wp-json\/wp\/v2\/users\/99"}],"replies":[{"embeddable":true,"href":"https:\/\/diarioelpopular.com\/index.php\/wp-json\/wp\/v2\/comments?post=519114"}],"version-history":[{"count":1,"href":"https:\/\/diarioelpopular.com\/index.php\/wp-json\/wp\/v2\/posts\/519114\/revisions"}],"predecessor-version":[{"id":519116,"href":"https:\/\/diarioelpopular.com\/index.php\/wp-json\/wp\/v2\/posts\/519114\/revisions\/519116"}],"wp:featuredmedia":[{"embeddable":true,"href":"https:\/\/diarioelpopular.com\/index.php\/wp-json\/wp\/v2\/media\/519115"}],"wp:attachment":[{"href":"https:\/\/diarioelpopular.com\/index.php\/wp-json\/wp\/v2\/media?parent=519114"}],"wp:term":[{"taxonomy":"category","embeddable":true,"href":"https:\/\/diarioelpopular.com\/index.php\/wp-json\/wp\/v2\/categories?post=519114"},{"taxonomy":"post_tag","embeddable":true,"href":"https:\/\/diarioelpopular.com\/index.php\/wp-json\/wp\/v2\/tags?post=519114"}],"curies":[{"name":"wp","href":"https:\/\/api.w.org\/{rel}","templated":true}]}}