{"id":519269,"date":"2024-07-13T11:25:46","date_gmt":"2024-07-13T15:25:46","guid":{"rendered":"https:\/\/diarioelpopular.com\/?p=519269"},"modified":"2024-07-13T11:25:46","modified_gmt":"2024-07-13T15:25:46","slug":"la-vivienda-se-ha-convertido-en-el-principal-tema-de-preocupacion-nacional-ante-pobre-desempeno-liberal","status":"publish","type":"post","link":"https:\/\/diarioelpopular.com\/index.php\/2024\/07\/13\/la-vivienda-se-ha-convertido-en-el-principal-tema-de-preocupacion-nacional-ante-pobre-desempeno-liberal\/","title":{"rendered":"La vivienda se ha convertido en el principal tema de preocupaci\u00f3n nacional ante pobre desempe\u00f1o liberal"},"content":{"rendered":"<p><img loading=\"lazy\" decoding=\"async\" class=\"alignnone size-custom-full-size wp-image-519270\" src=\"https:\/\/diarioelpopular.com\/wp-content\/uploads\/2024\/07\/Screen-Shot-2024-07-13-at-11.25.03-AM-636x362.png\" alt=\"\" width=\"636\" height=\"362\" srcset=\"https:\/\/diarioelpopular.com\/wp-content\/uploads\/2024\/07\/Screen-Shot-2024-07-13-at-11.25.03-AM-636x362.png 636w, https:\/\/diarioelpopular.com\/wp-content\/uploads\/2024\/07\/Screen-Shot-2024-07-13-at-11.25.03-AM-300x171.png 300w, https:\/\/diarioelpopular.com\/wp-content\/uploads\/2024\/07\/Screen-Shot-2024-07-13-at-11.25.03-AM-768x437.png 768w, https:\/\/diarioelpopular.com\/wp-content\/uploads\/2024\/07\/Screen-Shot-2024-07-13-at-11.25.03-AM-128x73.png 128w, https:\/\/diarioelpopular.com\/wp-content\/uploads\/2024\/07\/Screen-Shot-2024-07-13-at-11.25.03-AM.png 1024w\" sizes=\"auto, (max-width: 636px) 100vw, 636px\" \/><\/p>\n<p>&nbsp;<\/p>\n<ul>\n<li><em><strong>Despu\u00e9s de meses de presentar lo que describen como el plan de vivienda m\u00e1s ambicioso jam\u00e1s realizado, una nueva encuesta muestra que la preocupaci\u00f3n por el costo de la vivienda est\u00e1 aumentando mientras que el apoyo al gobierno liberal est\u00e1 disminuyendo considerablemente.<\/strong><\/em><\/li>\n<\/ul>\n<p>&nbsp;<\/p>\n<p><em><strong>OTTAWA.-<\/strong><\/em> La \u00faltima encuesta realizada por Nanos Research encontr\u00f3 que la vivienda y la preocupaci\u00f3n por su elevado costo est\u00e1n superando r\u00e1pidamente al empleo, la econom\u00eda y el medio ambiente como el tema de principal preocupaci\u00f3n nacional.<\/p>\n<p>Durante el \u00faltimo mes, la encuesta encontr\u00f3 que la preocupaci\u00f3n por la vivienda aument\u00f3 del 8,8 por ciento al 12,5 por ciento, mientras que la preocupaci\u00f3n por que la inflaci\u00f3n sea el principal problema nacional cay\u00f3 del 13,7 por ciento al 12,9 por ciento.<\/p>\n<p>El cient\u00edfico jefe de datos y fundador de Nanos Research, Nik Nanos, dijo que los hallazgos no eran sorprendentes.<\/p>\n<p>&#8220;Muchos canadienses, especialmente los j\u00f3venes, se sienten aplastados por las altas tasas de inter\u00e9s y el costo general de la vivienda, ya sea que la alquilen o paguen una hipoteca&#8221;, dijo Nanos.<\/p>\n<p>&#8220;La preocupaci\u00f3n por la vivienda no est\u00e1 disminuyendo con todos los esfuerzos que el gobierno de Trudeau est\u00e1 poniendo detr\u00e1s de esto, en realidad est\u00e1 aumentando&#8221;.<\/p>\n<p>La agente inmobiliaria y corredora de Ottawa, Marnie Bennett, dice que ha estado en el negocio durante m\u00e1s de 43 a\u00f1os y nunca hab\u00eda visto niveles tan altos de ansiedad tanto por parte de vendedores como de compradores.<\/p>\n<p>&#8220;Nadie puede predecir lo que est\u00e1 pasando en la econom\u00eda&#8221;, afirm\u00f3. &#8220;Estamos lidiando como gente de bienes ra\u00edces con todo este efecto de equilibrio en este momento&#8221;.<\/p>\n<p>Bennett anota que el precio promedio de una casa en Ottawa es de aproximadamente $750,000 y eso es s\u00f3lo para lo que ella llama una casa &#8220;t\u00edpica&#8221; de 3 dormitorios.<\/p>\n<p>Para aumentar su poder adquisitivo, Bennett dice que cada vez m\u00e1s clientes se est\u00e1n mudando al lado este de Ottawa, donde los precios tienden a ser casi $150,000 menos, comprando casas para reformar o eligiendo comprar casas fuera de la ciudad mucho m\u00e1s peque\u00f1as de lo que hab\u00edan buscado inicialmente.<\/p>\n<p>Bennett tambi\u00e9n dice que ve m\u00e1s hogares intergeneracionales y padres que regalan dinero a sus hijos para que puedan pagar el pago inicial.<\/p>\n<p>&#8220;El sue\u00f1o de todo el mundo es ser propietario de una casa, pero no s\u00e9 si eso seguir\u00e1 siendo una realidad porque \u00bfc\u00f3mo vas a ahorrar el dinero?&#8221; ella dijo.<\/p>\n<p>El \u00faltimo seguimiento de las elecciones federales de Nanos sit\u00faa a los conservadores ahora con un 41,0 por ciento, 15 puntos por delante de los liberales con un 25,7 por ciento. Mientras tanto, el NDP tiene un 17,3 por ciento, el Bloque un 8,9 por ciento, el Partido Verde un 4,2 por ciento y el Partido Popular un 2,6 por ciento.<\/p>\n<p>Nanos informa que son los j\u00f3venes, a quienes llam\u00f3 un bloque de voto indeciso, los que parecen estar desertando del gobierno liberal.<\/p>\n<p>&#8220;En 2015, Justin Trudeau construy\u00f3 su mayor\u00eda en torno a muchos j\u00f3venes entusiastas y de mentalidad positiva que eran progresistas&#8221;, dijo. &#8220;Avanzando r\u00e1pidamente, esos mismos j\u00f3venes desilusionados han abandonado a los liberales y est\u00e1n mirando a los conservadores probablemente debido a la ansiedad y frustraci\u00f3n que sienten por el aumento del costo de la vida y la vivienda&#8221;.<\/p>\n<p>Pero el problema para los liberales puede ir m\u00e1s all\u00e1 de cualquier tema y tener m\u00e1s que ver con la propia marca liberal. Lori Turnbull, profesora de la Universidad de Dalhousie, dice que si bien los liberales &#8220;llegaron tarde a la fiesta&#8221; cuando se trata de centrarse en la vivienda como un problema importante, un gran n\u00famero de votantes parecen haber ignorado por completo a los liberales.<\/p>\n<p>&#8220;Se trata m\u00e1s bien de &#8216;\u00bfla gente est\u00e1 escuchando a los liberales?'&#8221;, pregunt\u00f3. &#8220;No importar\u00eda de qu\u00e9 estuvieran hablando los liberales con algunas personas, no importar\u00eda si estuvieran expresando todas las cosas que quer\u00edan escuchar y no importar\u00eda porque no est\u00e1n escuchando&#8221;.<\/p>\n<p>Turnbull anota que existe la sensaci\u00f3n de que los conservadores est\u00e1n ganando impulso y que los liberales, despu\u00e9s de no lograr una fuerza significativa en una encuesta tras otra, est\u00e1n en camino a la derrota.<\/p>\n<p>&#8220;Si empieza a parecer que los liberales van a perder, entonces habr\u00e1 menos gente escuchando cu\u00e1les son sus soluciones propuestas porque piensan que no tendr\u00e1n la oportunidad de implementarlas de todos modos&#8221;, dijo.<\/p>\n<p>Entonces, \u00bfc\u00f3mo podr\u00edan los liberales cambiar de canal y captar m\u00e1s atenci\u00f3n de la gente? Turnbull dice que eso probablemente requerir\u00eda un nuevo l\u00edder, lo que ella considera un evento improbable.<\/p>\n<p>&#8220;\u00bfSer\u00eda eso una soluci\u00f3n para todo? No&#8221;, dijo. &#8220;Parece que Justin Trudeau est\u00e1 en este camino y mientras ese sea el caso, es realmente dif\u00edcil para un partido presentarse de manera diferente con el mismo l\u00edder, especialmente cuando el partido ha asumido tanto la alica\u00edda imagen de Justin Trudeau y se rehizo de acuerdo con sus valores, su persona.&#8221;<\/p>\n","protected":false},"excerpt":{"rendered":"<p>&nbsp; Despu\u00e9s de meses de presentar lo que describen como el plan de vivienda m\u00e1s ambicioso jam\u00e1s realizado, una nueva encuesta muestra que la preocupaci\u00f3n&hellip;<\/p>\n","protected":false},"author":99,"featured_media":519270,"comment_status":"open","ping_status":"open","sticky":false,"template":"","format":"standard","meta":{"footnotes":""},"categories":[21,11191],"tags":[],"class_list":["post-519269","post","type-post","status-publish","format-standard","has-post-thumbnail","hentry","category-canada","category-top-news"],"_links":{"self":[{"href":"https:\/\/diarioelpopular.com\/index.php\/wp-json\/wp\/v2\/posts\/519269","targetHints":{"allow":["GET"]}}],"collection":[{"href":"https:\/\/diarioelpopular.com\/index.php\/wp-json\/wp\/v2\/posts"}],"about":[{"href":"https:\/\/diarioelpopular.com\/index.php\/wp-json\/wp\/v2\/types\/post"}],"author":[{"embeddable":true,"href":"https:\/\/diarioelpopular.com\/index.php\/wp-json\/wp\/v2\/users\/99"}],"replies":[{"embeddable":true,"href":"https:\/\/diarioelpopular.com\/index.php\/wp-json\/wp\/v2\/comments?post=519269"}],"version-history":[{"count":1,"href":"https:\/\/diarioelpopular.com\/index.php\/wp-json\/wp\/v2\/posts\/519269\/revisions"}],"predecessor-version":[{"id":519271,"href":"https:\/\/diarioelpopular.com\/index.php\/wp-json\/wp\/v2\/posts\/519269\/revisions\/519271"}],"wp:featuredmedia":[{"embeddable":true,"href":"https:\/\/diarioelpopular.com\/index.php\/wp-json\/wp\/v2\/media\/519270"}],"wp:attachment":[{"href":"https:\/\/diarioelpopular.com\/index.php\/wp-json\/wp\/v2\/media?parent=519269"}],"wp:term":[{"taxonomy":"category","embeddable":true,"href":"https:\/\/diarioelpopular.com\/index.php\/wp-json\/wp\/v2\/categories?post=519269"},{"taxonomy":"post_tag","embeddable":true,"href":"https:\/\/diarioelpopular.com\/index.php\/wp-json\/wp\/v2\/tags?post=519269"}],"curies":[{"name":"wp","href":"https:\/\/api.w.org\/{rel}","templated":true}]}}