{"id":519367,"date":"2024-07-19T09:01:33","date_gmt":"2024-07-19T13:01:33","guid":{"rendered":"https:\/\/diarioelpopular.com\/?p=519367"},"modified":"2024-07-19T09:01:33","modified_gmt":"2024-07-19T13:01:33","slug":"que-es-el-codigo-de-conducta-de-los-supermercados-entrara-en-vigor-para-junio-2025-y-no-reduciran-los-precios","status":"publish","type":"post","link":"https:\/\/diarioelpopular.com\/index.php\/2024\/07\/19\/que-es-el-codigo-de-conducta-de-los-supermercados-entrara-en-vigor-para-junio-2025-y-no-reduciran-los-precios\/","title":{"rendered":"\u00bfQu\u00e9 es el c\u00f3digo de conducta de los supermercados? Entrar\u00e1 en vigor para junio 2025 y no reducir\u00e1n los precios"},"content":{"rendered":"<p><img loading=\"lazy\" decoding=\"async\" class=\"alignnone size-custom-full-size wp-image-519368\" src=\"https:\/\/diarioelpopular.com\/wp-content\/uploads\/2024\/07\/Screen-Shot-2024-07-19-at-9.01.05-AM-636x454.png\" alt=\"\" width=\"636\" height=\"454\" srcset=\"https:\/\/diarioelpopular.com\/wp-content\/uploads\/2024\/07\/Screen-Shot-2024-07-19-at-9.01.05-AM-636x454.png 636w, https:\/\/diarioelpopular.com\/wp-content\/uploads\/2024\/07\/Screen-Shot-2024-07-19-at-9.01.05-AM-300x214.png 300w, https:\/\/diarioelpopular.com\/wp-content\/uploads\/2024\/07\/Screen-Shot-2024-07-19-at-9.01.05-AM-768x548.png 768w, https:\/\/diarioelpopular.com\/wp-content\/uploads\/2024\/07\/Screen-Shot-2024-07-19-at-9.01.05-AM-102x73.png 102w, https:\/\/diarioelpopular.com\/wp-content\/uploads\/2024\/07\/Screen-Shot-2024-07-19-at-9.01.05-AM.png 1024w\" sizes=\"auto, (max-width: 636px) 100vw, 636px\" \/><\/p>\n<p>&nbsp;<\/p>\n<p><em><strong>Las nuevas reglas podr\u00edan aumentar la competencia, pero no reducir los precios<\/strong><\/em><\/p>\n<p>&nbsp;<\/p>\n<p>El c\u00f3digo de conducta de comestibles de Canad\u00e1 super\u00f3 un obst\u00e1culo importante esta semana con la noticia de que todos los principales minoristas de comestibles lo firmar\u00e1n.<\/p>\n<p>El c\u00f3digo ha tardado a\u00f1os en elaborarse, tras un per\u00edodo de relaciones tensas entre minoristas y proveedores.<\/p>\n<p>Un importante punto de discordia han sido las tarifas que los minoristas han cobrado por mantener en stock los productos de los proveedores y promocionarlos.<\/p>\n<p>&#8220;Los minoristas est\u00e1n relativamente concentrados en el mercado canadiense, por lo que tienen poder de mercado&#8221;, afirm\u00f3 Mike Von Massow, economista alimentario de la Universidad de Guelph.<\/p>\n<p>&#8220;Pueden decirles a los proveedores: &#8216;Controlamos el 15, el 20, el 30 por ciento del mercado canadiense; si quieren tener acceso a esos consumidores, tienen que darnos precios m\u00e1s baratos, tienen que pagarnos para que estemos en los estantes, &#8220;Tienes que pagar otras tarifas a medida que establecemos las compras de comestibles en l\u00ednea, tienes que aceptar el pago a 90 d\u00edas&#8221; o lo que sea, por lo que los minoristas han ejercido ese poder&#8221;.<\/p>\n<p><em><strong>\u00bfC\u00f3mo surgi\u00f3 el c\u00f3digo?<\/strong><\/em><\/p>\n<p>Un informe federal de 2021 encontr\u00f3 que esas tarifas hab\u00edan aumentado &#8220;en su forma y escala&#8221;, lo que gener\u00f3 tensi\u00f3n en las relaciones de la cadena de suministro y disminuy\u00f3 el inter\u00e9s de inversi\u00f3n de algunos procesadores de alimentos.<\/p>\n<p>La din\u00e1mica tambi\u00e9n hab\u00eda dificultado el acceso de los peque\u00f1os productores al mercado, seg\u00fan el informe, y la competencia de los minoristas m\u00e1s peque\u00f1os e independientes.<\/p>\n<p>El informe se\u00f1al\u00f3 que Australia y el Reino Unido hab\u00edan respondido a preocupaciones similares estableciendo c\u00f3digos de conducta en los supermercados. Se cre\u00f3 un comit\u00e9 formado por grupos industriales para explorar un c\u00f3digo similar para el mercado canadiense.<\/p>\n<p><strong><em>\u00bfC\u00f3mo ayudar\u00eda el c\u00f3digo?<\/em><\/strong><\/p>\n<p>El c\u00f3digo de conducta incluye disposiciones para tratos justos y \u00e9ticos, acuerdos comerciales y algunos temas diversos, como c\u00f3mo manejar el proceso de exclusi\u00f3n de un producto de la lista.<\/p>\n<p>Una secci\u00f3n establece reglas detalladas sobre tarifas y bajo qu\u00e9 circunstancias los minoristas pueden cobrarlas, y el c\u00f3digo tambi\u00e9n establece un proceso para resolver disputas si las partes no pueden llegar a un acuerdo por s\u00ed mismas.<\/p>\n<p>Establecer directrices sobre c\u00f3mo interact\u00faan los minoristas y los proveedores deber\u00eda ayudar a proteger a estos \u00faltimos, afirma Von Massow, as\u00ed como a los peque\u00f1os tenderos que no tienen el mismo poder de negociaci\u00f3n.<\/p>\n<p>El gobierno federal est\u00e1 tratando de atraer a algunos tenderos extranjeros a Canad\u00e1 para combatir el aumento de los precios de los alimentos. Pero algunos investigadores de la industria alimentaria dicen que eso es pura palabrer\u00eda y que Canad\u00e1 es un pa\u00eds dif\u00edcil de vender para los actores internacionales. Este es el por qu\u00e9.<br \/>\n&#8220;Va a haber un campo de juego m\u00e1s nivelado&#8221;, dijo, pero &#8220;supongo que no ser\u00e1 un campo de juego perfectamente nivelado&#8221;. porque los jugadores m\u00e1s grandes probablemente siempre mantendr\u00e1n una ventaja porque realizan pedidos en vol\u00famenes tan grandes.<\/p>\n<p>Michael Graydon, director ejecutivo de Food &amp; Consumer Products de Canad\u00e1, dice que el c\u00f3digo significar\u00e1 una nueva era de relaciones m\u00e1s amigables entre tenderos y proveedores.<\/p>\n<p>El c\u00f3digo del Reino Unido ha sido &#8220;incre\u00edblemente exitoso&#8221; y se basa en los mismos principios que el de Canad\u00e1, dice.<\/p>\n<p>&#8220;Espero que se obtengan los mismos resultados&#8221;.<\/p>\n<p><em><strong>\u00bfQu\u00e9 significar\u00e1 un c\u00f3digo para los consumidores?<\/strong><\/em><\/p>\n<p>Si bien el c\u00f3digo no fue escrito con el objetivo de bajar los precios en las tiendas de comestibles, Gary Sands, vicepresidente senior de la Federaci\u00f3n Canadiense de Comerciantes Independientes, predice que en \u00faltima instancia tendr\u00e1 un &#8220;impacto positivo&#8221; en los precios.<\/p>\n<p>&#8220;En otros pa\u00edses que han introducido c\u00f3digos de conducta en el sector alimentario, los precios han bajado&#8221;, afirm\u00f3.<\/p>\n<p>El gobierno federal est\u00e1 bajo mucha presi\u00f3n para bajar los precios de los alimentos. \u00bfUna idea? Crear m\u00e1s competencia, pero \u00bfc\u00f3mo lo hacemos? Adem\u00e1s, una f\u00f3rmula para descubrir si est\u00e1s obteniendo valor de tu guardarropa. Adem\u00e1s, c\u00f3mo la econom\u00eda de la industria musical actual obliga a los m\u00fasicos a exprimir a sus superfans.<br \/>\nA\u00fan as\u00ed, comparar los datos de inflaci\u00f3n de alimentos de estos pa\u00edses no ofrece un panorama concluyente y es dif\u00edcil vincular los cambios a un solo factor.<\/p>\n<p>Von Massow, el economista alimentario, cree que el c\u00f3digo podr\u00eda en \u00faltima instancia hacer subir los precios, si eso significa poner l\u00edmites a las concesiones que los tenderos pueden exigir a sus proveedores.<\/p>\n<p>&#8220;Es dif\u00edcil para un economista ver c\u00f3mo quitarles dinero a los grandes tenderos tambi\u00e9n conducir\u00e1 a precios m\u00e1s bajos&#8221;, afirm\u00f3.<\/p>\n<p><em><strong>\u00bfQu\u00e9 significar\u00eda un c\u00f3digo para la competencia?<\/strong><\/em><\/p>\n<p>Tanto Von Massow como Sands coinciden en que el c\u00f3digo deber\u00eda ayudar a los peque\u00f1os tenderos a competir con sus hom\u00f3logos m\u00e1s grandes.<\/p>\n<p>En este momento, Sands dice que los tenderos independientes a menudo se encuentran en desventaja porque no tienen el mismo poder de negociaci\u00f3n que las cadenas m\u00e1s grandes.<\/p>\n<p>Ha habido momentos, dice, en los que un determinado producto tiene poca oferta o gran demanda, y los grandes tenderos han exigido obtener oferta adicional a expensas de sus competidores m\u00e1s peque\u00f1os. Estas tiendas son a veces las \u00fanicas tiendas de comestibles disponibles en una comunidad rural o remota, dijo.<\/p>\n<p>&#8220;Como resultado, algunas de esas comunidades se han quedado sin productos esenciales&#8221;, dijo. &#8220;Con el c\u00f3digo, ese es uno de los principios que hemos abordado: ese escenario, ese tipo de situaciones no volver\u00e1n a ocurrir&#8221;.<\/p>\n<p>Christine Tacon, ex jueza del c\u00f3digo del Reino Unido, dice que cree que promovi\u00f3 exitosamente la competencia en su pa\u00eds.<\/p>\n<p>&#8220;Cuando comenc\u00e9, regul\u00e9 a 10 [minoristas]; ahora hay 14&#8221;, dijo Tacon. &#8220;Estoy seguro de que ayud\u00f3 a aumentar la competencia&#8221;.<\/p>\n<p><em><strong>\u00bfC\u00f3mo se har\u00e1 cumplir el c\u00f3digo?<\/strong><\/em><\/p>\n<p>La participaci\u00f3n en el c\u00f3digo es voluntaria, al menos por ahora.<\/p>\n<p>Esto se debe en parte a que los tenderos de Canad\u00e1 tienen que lidiar con una compleja combinaci\u00f3n de leyes federales, provinciales y territoriales. Exist\u00eda la preocupaci\u00f3n de que legislar el c\u00f3digo pudiera dar como resultado que cada provincia tuviera una versi\u00f3n diferente y, en algunas provincias, no tuvieran ning\u00fan c\u00f3digo.<\/p>\n<p>&#8220;Esto es realmente un acto de fe en t\u00e9rminos de aplicaci\u00f3n de la ley&#8221;, afirm\u00f3 Sands. &#8220;Confiamos en que todos los que suscriban p\u00fablicamente el c\u00f3digo se adhieran a los principios&#8221;.<\/p>\n<p>Sands dice que habr\u00e1 un juez que podr\u00e1 intervenir si las partes no pueden llegar a un acuerdo, y que el c\u00f3digo ser\u00e1 revisado despu\u00e9s de aproximadamente un a\u00f1o para garantizar que est\u00e9 funcionando.<\/p>\n<p>Tacon, ex jueza del Reino Unido, dice que entiende por qu\u00e9 Canad\u00e1 quiere comenzar con un c\u00f3digo voluntario, pero a\u00f1ade que el del Reino Unido s\u00f3lo empez\u00f3 a entrar en vigor una vez que se hizo obligatorio.<\/p>\n<p><em><strong>\u00bfQue sigue?<\/strong><\/em><\/p>\n<p>Se espera que el c\u00f3digo de conducta de los supermercados entre en vigor el 1 de junio de 2025.<\/p>\n<p>Hay mucho trabajo por hacer desde entonces hasta ahora, dice Graydon, de Food &amp; Consumer Products of Canada.<\/p>\n<p>Durante el pr\u00f3ximo a\u00f1o, dice, deben contratar un juez, informar a miles de fabricantes, proveedores y minoristas independientes sobre el c\u00f3digo, y lograr que todas esas partes se registren.<\/p>\n<p>&#8220;Este es un ejercicio de reclutamiento masivo&#8221;, afirm\u00f3.<\/p>\n","protected":false},"excerpt":{"rendered":"<p>&nbsp; Las nuevas reglas podr\u00edan aumentar la competencia, pero no reducir los precios &nbsp; El c\u00f3digo de conducta de comestibles de Canad\u00e1 super\u00f3 un obst\u00e1culo&hellip;<\/p>\n","protected":false},"author":99,"featured_media":519368,"comment_status":"open","ping_status":"open","sticky":false,"template":"","format":"standard","meta":{"footnotes":""},"categories":[21,11191],"tags":[],"class_list":["post-519367","post","type-post","status-publish","format-standard","has-post-thumbnail","hentry","category-canada","category-top-news"],"_links":{"self":[{"href":"https:\/\/diarioelpopular.com\/index.php\/wp-json\/wp\/v2\/posts\/519367","targetHints":{"allow":["GET"]}}],"collection":[{"href":"https:\/\/diarioelpopular.com\/index.php\/wp-json\/wp\/v2\/posts"}],"about":[{"href":"https:\/\/diarioelpopular.com\/index.php\/wp-json\/wp\/v2\/types\/post"}],"author":[{"embeddable":true,"href":"https:\/\/diarioelpopular.com\/index.php\/wp-json\/wp\/v2\/users\/99"}],"replies":[{"embeddable":true,"href":"https:\/\/diarioelpopular.com\/index.php\/wp-json\/wp\/v2\/comments?post=519367"}],"version-history":[{"count":1,"href":"https:\/\/diarioelpopular.com\/index.php\/wp-json\/wp\/v2\/posts\/519367\/revisions"}],"predecessor-version":[{"id":519369,"href":"https:\/\/diarioelpopular.com\/index.php\/wp-json\/wp\/v2\/posts\/519367\/revisions\/519369"}],"wp:featuredmedia":[{"embeddable":true,"href":"https:\/\/diarioelpopular.com\/index.php\/wp-json\/wp\/v2\/media\/519368"}],"wp:attachment":[{"href":"https:\/\/diarioelpopular.com\/index.php\/wp-json\/wp\/v2\/media?parent=519367"}],"wp:term":[{"taxonomy":"category","embeddable":true,"href":"https:\/\/diarioelpopular.com\/index.php\/wp-json\/wp\/v2\/categories?post=519367"},{"taxonomy":"post_tag","embeddable":true,"href":"https:\/\/diarioelpopular.com\/index.php\/wp-json\/wp\/v2\/tags?post=519367"}],"curies":[{"name":"wp","href":"https:\/\/api.w.org\/{rel}","templated":true}]}}