{"id":519371,"date":"2024-07-19T09:19:45","date_gmt":"2024-07-19T13:19:45","guid":{"rendered":"https:\/\/diarioelpopular.com\/?p=519371"},"modified":"2024-07-19T09:19:45","modified_gmt":"2024-07-19T13:19:45","slug":"visa-mexico-canada-es-un-irritante-bilateral-para-las-relaciones-entre-este-pais-y-estados-unidos","status":"publish","type":"post","link":"https:\/\/diarioelpopular.com\/index.php\/2024\/07\/19\/visa-mexico-canada-es-un-irritante-bilateral-para-las-relaciones-entre-este-pais-y-estados-unidos\/","title":{"rendered":"Visa M\u00e9xico-Canad\u00e1 es un &#8220;irritante bilateral&#8221; para las relaciones entre este pa\u00eds y Estados Unidos"},"content":{"rendered":"<p><img loading=\"lazy\" decoding=\"async\" class=\"alignnone size-custom-full-size wp-image-519372\" src=\"https:\/\/diarioelpopular.com\/wp-content\/uploads\/2024\/07\/Screen-Shot-2024-07-19-at-9.19.10-AM-636x615.png\" alt=\"\" width=\"636\" height=\"615\" srcset=\"https:\/\/diarioelpopular.com\/wp-content\/uploads\/2024\/07\/Screen-Shot-2024-07-19-at-9.19.10-AM-636x615.png 636w, https:\/\/diarioelpopular.com\/wp-content\/uploads\/2024\/07\/Screen-Shot-2024-07-19-at-9.19.10-AM-300x290.png 300w, https:\/\/diarioelpopular.com\/wp-content\/uploads\/2024\/07\/Screen-Shot-2024-07-19-at-9.19.10-AM-768x743.png 768w, https:\/\/diarioelpopular.com\/wp-content\/uploads\/2024\/07\/Screen-Shot-2024-07-19-at-9.19.10-AM-75x73.png 75w, https:\/\/diarioelpopular.com\/wp-content\/uploads\/2024\/07\/Screen-Shot-2024-07-19-at-9.19.10-AM.png 856w\" sizes=\"auto, (max-width: 636px) 100vw, 636px\" \/><\/p>\n<p>&nbsp;<\/p>\n<p>&nbsp;<\/p>\n<ul>\n<li><em><strong>La decisi\u00f3n del gobierno liberal de haber eliminado el requisito de visa para los ciudadanos mexicanos se convirti\u00f3 en un \u201cirritante bilateral\u201d para la administraci\u00f3n Biden, ya que el n\u00famero de migrantes en ambos lados de la frontera se dispar\u00f3, seg\u00fan muestran documentos recientemente publicados.<\/strong><\/em><\/li>\n<\/ul>\n<p>&nbsp;<\/p>\n<p><em><strong>OTTAWA.-<\/strong><\/em> El ministro de Inmigraci\u00f3n, Marc Miller, restableci\u00f3 las visas para ciudadanos mexicanos el pasado 29 de febrero de 2024 para frenar lo que llam\u00f3 \u201ccrecimiento exponencial\u201d en las solicitudes de asilo, lo que pone a prueba el sistema de refugiados de Canad\u00e1 y los recursos de las provincias, al tiempo que provoca la ira de los funcionarios estadounidenses.<\/p>\n<p>Las notas informativas internas del gobierno arrojan nueva luz sobre las \u201cpreocupaciones de Washington sobre el abuso\u201d de la exenci\u00f3n de visa y la presi\u00f3n bajo la que estaba Ottawa para volver a imponer el requisito.<\/p>\n<p>\u201cLos ciudadanos mexicanos que ingresan a Canad\u00e1&#8230; y posteriormente intentan ingresar ilegalmente a Estados Unidos sigue siendo un irritante bilateral\u201d, se lee en el documento obtenido por Global News a trav\u00e9s de las leyes de acceso a la informaci\u00f3n.<\/p>\n<p>&#8220;La idea de que Estados Unidos ve algo como &#8216;irritante&#8217; es notable porque lo que los estadounidenses ven como &#8216;irritante&#8217; es visto por los canadienses como existencial&#8230; eso es probablemente el colmo&#8221;, dijo el profesor de ciencias pol\u00edticas de la Universidad de Carleton, Aaron Ettinger.<\/p>\n<p>Las notas informativas fechadas el 23 de enero \u2013un mes antes de que Miller restableciera el requisito de visa\u2013 incluyen puntos de conversaci\u00f3n preparados para el ministro de Seguridad P\u00fablica, Dominic LeBlanc, antes de una reuni\u00f3n con el embajador de Estados Unidos, David Cohen.<\/p>\n<p>&#8220;Canad\u00e1 comparte las preocupaciones de Estados Unidos sobre el abuso de los viajes sin visa por parte de titulares de pasaportes mexicanos&#8221;, dice el documento.<\/p>\n<p>\u201cYo (LeBlanc) entiendo los impactos que las decisiones de visas canadienses tienen en la frontera entre Canad\u00e1 y Estados Unidos y el mayor grado de migraci\u00f3n ilegal hacia el sur generada por la exenci\u00f3n de visas de M\u00e9xico\u201d.<\/p>\n<p>Ettinger, que se especializa en pol\u00edtica exterior de Estados Unidos, dice que Canad\u00e1 probablemente sopes\u00f3 mucho esas preocupaciones.<\/p>\n<p>Ottawa puede &#8220;soportar las cr\u00edticas&#8221; de las provincias, pero &#8220;se convierte en algo m\u00e1s grande cuando se trata de Estados Unidos&#8230; Canad\u00e1 tiende a tomar las cosas mucho m\u00e1s en serio&#8221;, dijo el profesor de Carleton.<\/p>\n<p>El primer ministro Justin Trudeau elimin\u00f3 el requisito de visa en 2016, implementado por su predecesor Stephen Harper. Se consider\u00f3 un punto de discordia con M\u00e9xico, el tercer socio comercial m\u00e1s grande de Canad\u00e1.<\/p>\n<p>Lo que sigui\u00f3 fue un aumento en las solicitudes de asilo en Canad\u00e1 y un aumento en los cruces de migrantes en la frontera entre Estados Unidos y Canad\u00e1.<\/p>\n<p>Entre 2016 y 2023, las solicitudes de asilo de ciudadanos mexicanos a Canad\u00e1 se dispararon, alcanzando un r\u00e9cord de casi 24.000 el a\u00f1o pasado, y la mayor\u00eda lleg\u00f3 a Quebec. Seg\u00fan el departamento federal de inmigraci\u00f3n, aproximadamente el 60 por ciento de esas solicitudes fueron rechazadas, retiradas o abandonadas.<\/p>\n<p>Despu\u00e9s de la exenci\u00f3n de visa, el n\u00famero de personas que intentaban cruzar la frontera entre Estados Unidos y Canad\u00e1 tambi\u00e9n alcanz\u00f3 niveles sin precedentes.<\/p>\n<p>La Oficina de Aduanas y Protecci\u00f3n Fronteriza de Estados Unidos inform\u00f3 189.402 \u201cencuentros\u201d en la frontera norte en 2023, lo que representa un aumento de casi el 600 por ciento con respecto a 2021.<\/p>\n<p>&#8220;Estos son inmigrantes u otras personas que est\u00e1n tratando de cruzar la frontera de Canad\u00e1 a Estados Unidos&#8221;, dijo Fen Hampson, presidente del Consejo Mundial de Migraci\u00f3n y Refugiados, en una entrevista con Global News.<\/p>\n<p>\u201cEn muchos casos, son rechazados. A veces son detenidos donde esperan una decisi\u00f3n sobre si pueden permanecer en Estados Unidos\u201d.<\/p>\n<p>El mes pasado, Joe Biden impidi\u00f3 que los inmigrantes solicitaran asilo cuando los funcionarios estadounidenses consideraron que la frontera sur estaba desbordada, en lo que se considera una de las pol\u00edticas de inmigraci\u00f3n m\u00e1s restrictivas de un presidente dem\u00f3crata en la memoria reciente.<\/p>\n<p>Las cifras en la frontera entre Estados Unidos y Canad\u00e1 palidecen en comparaci\u00f3n con los m\u00e1s de dos millones de \u201cencuentros\u201d en la frontera entre Estados Unidos y M\u00e9xico el a\u00f1o pasado.<\/p>\n<p>Pero fueron suficientes para causar preocupaci\u00f3n en Washington por la pol\u00edtica de visas de Canad\u00e1.<\/p>\n<p>Si bien hubo \u201ccr\u00edticas amables\u201d p\u00fablicamente por parte de Estados Unidos, los documentos sugieren que \u201clos estadounidenses estaban presionando\u201d a Ottawa en privado para que cambiara de rumbo, en parte debido a cuestiones de \u201cseguridad p\u00fablica\u201d, dice Ettinger.<\/p>\n<p><em><strong>C\u00f3mo el crimen organizado est\u00e1 desempe\u00f1ando un papel<\/strong><\/em><br \/>\nEl 7 de febrero de 2024, tres semanas antes de que se restableciera el requisito de visa mexicana, Richard Burchill, comisionado adjunto interino de operaciones criminales policiales federales de la RCMP, compareci\u00f3 ante el comit\u00e9 permanente sobre ciudadan\u00eda e inmigraci\u00f3n y dijo que \u201ccriminales organizados de todo tipo, mexicanos incluido el c\u00e1rtel\u201d est\u00e1n involucrados en el contrabando de \u201cpersonas vulnerables\u201d a Canad\u00e1.<\/p>\n<p>&#8220;En Canad\u00e1, seg\u00fan nuestras investigaciones en todo el pa\u00eds, hay crimen organizado mexicano involucrado en esto&#8221;, dijo Burchill a los parlamentarios.<\/p>\n<p>El presidente del Consejo Mundial de Migraciones y Refugiados dice que las pandillas mexicanas, incluidos el Cartel de Sinaloa y Los Zetas, est\u00e1n explotando la &#8220;d\u00e9bil aplicaci\u00f3n de la ley&#8221;.<\/p>\n<p>\u201cEst\u00e1n considerando que Canad\u00e1 es un lugar muy hospitalario para hacer negocios; drogas, lavado de dinero y, cada vez m\u00e1s, contrabando y trata de personas\u201d, dijo Hampson.<\/p>\n<p>\u201cTenemos un problema con nuestros puertos porosos\u2026. Lo vemos a diario cuando los autos son robados y enviados fuera del pa\u00eds\u201d.<\/p>\n<p>Hampson tambi\u00e9n se\u00f1al\u00f3 la violencia de las pandillas, el abuso dom\u00e9stico, la pobreza y la persecuci\u00f3n que alimentan la migraci\u00f3n en Am\u00e9rica Latina y m\u00e1s all\u00e1.<\/p>\n<p>\u201cNo son s\u00f3lo los mexicanos o los nacionales mexicanos los que representan poco m\u00e1s de la mitad de las interceptaciones por parte de las autoridades estadounidenses. La segunda categor\u00eda m\u00e1s grande son los surasi\u00e1ticos, particularmente los individuos de la India\u201d.<\/p>\n<p>Ante la comisi\u00f3n, el ministro de Inmigraci\u00f3n reconoci\u00f3 que \u201clos delincuentes se aprovechan de la vulnerabilidad y el volumen de personas que vienen a Canad\u00e1\u201d.<\/p>\n<p>\u201cSin embargo, independientemente del motivo de una persona para venir a Canad\u00e1, un requisito de pasaporte o visa no detendr\u00e1 a una persona determinada a hacer este tipo de cosas\u201d, dijo Miller el 7 de febrero.<\/p>\n<p><em><strong>\u00bfLa reimposici\u00f3n de visas har\u00e1 alguna diferencia?<\/strong><\/em><br \/>\nEn una declaraci\u00f3n a Global News, la portavoz de Inmigraci\u00f3n, Refugiados y Ciudadan\u00eda de Canad\u00e1, Isabelle Dubois, dijo que \u201cel n\u00famero de solicitudes realizadas por ciudadanos mexicanos en los aeropuertos canadienses ha disminuido significativamente\u201d desde que se restableci\u00f3 el requisito de visa.<\/p>\n<p>Cuando se le pregunt\u00f3 en qu\u00e9 medida las preocupaciones de Estados Unidos influyeron en las acciones de Ottawa, Dubois dijo: &#8220;Las decisiones de pol\u00edtica de visas de Canad\u00e1 son soberanas&#8230; basadas en una evaluaci\u00f3n integral y rigurosa de riesgos y beneficios&#8221;.<\/p>\n<p>Pero Hampson duda que la medida detenga el flujo de inmigrantes y califica la reimposici\u00f3n de visas como un \u201cinterruptor de muerte\u201d.<\/p>\n<p>&#8220;Esto es algo f\u00e1cil de hacer para los gobiernos, pero en realidad no aborda el n\u00facleo del problema, que son las redes criminales que participan en el traslado de personas a trav\u00e9s de las fronteras&#8221;, afirm\u00f3. &#8220;Todo es parte de un paquete m\u00e1s grande y no se va a resolver poniendo una visa a los mexicanos&#8221;.<\/p>\n","protected":false},"excerpt":{"rendered":"<p>&nbsp; &nbsp; La decisi\u00f3n del gobierno liberal de haber eliminado el requisito de visa para los ciudadanos mexicanos se convirti\u00f3 en un \u201cirritante bilateral\u201d para&hellip;<\/p>\n","protected":false},"author":99,"featured_media":519372,"comment_status":"open","ping_status":"open","sticky":false,"template":"","format":"standard","meta":{"footnotes":""},"categories":[21],"tags":[],"class_list":["post-519371","post","type-post","status-publish","format-standard","has-post-thumbnail","hentry","category-canada"],"_links":{"self":[{"href":"https:\/\/diarioelpopular.com\/index.php\/wp-json\/wp\/v2\/posts\/519371","targetHints":{"allow":["GET"]}}],"collection":[{"href":"https:\/\/diarioelpopular.com\/index.php\/wp-json\/wp\/v2\/posts"}],"about":[{"href":"https:\/\/diarioelpopular.com\/index.php\/wp-json\/wp\/v2\/types\/post"}],"author":[{"embeddable":true,"href":"https:\/\/diarioelpopular.com\/index.php\/wp-json\/wp\/v2\/users\/99"}],"replies":[{"embeddable":true,"href":"https:\/\/diarioelpopular.com\/index.php\/wp-json\/wp\/v2\/comments?post=519371"}],"version-history":[{"count":1,"href":"https:\/\/diarioelpopular.com\/index.php\/wp-json\/wp\/v2\/posts\/519371\/revisions"}],"predecessor-version":[{"id":519373,"href":"https:\/\/diarioelpopular.com\/index.php\/wp-json\/wp\/v2\/posts\/519371\/revisions\/519373"}],"wp:featuredmedia":[{"embeddable":true,"href":"https:\/\/diarioelpopular.com\/index.php\/wp-json\/wp\/v2\/media\/519372"}],"wp:attachment":[{"href":"https:\/\/diarioelpopular.com\/index.php\/wp-json\/wp\/v2\/media?parent=519371"}],"wp:term":[{"taxonomy":"category","embeddable":true,"href":"https:\/\/diarioelpopular.com\/index.php\/wp-json\/wp\/v2\/categories?post=519371"},{"taxonomy":"post_tag","embeddable":true,"href":"https:\/\/diarioelpopular.com\/index.php\/wp-json\/wp\/v2\/tags?post=519371"}],"curies":[{"name":"wp","href":"https:\/\/api.w.org\/{rel}","templated":true}]}}