{"id":519529,"date":"2024-07-26T09:00:33","date_gmt":"2024-07-26T13:00:33","guid":{"rendered":"https:\/\/diarioelpopular.com\/?p=519529"},"modified":"2024-07-26T09:00:33","modified_gmt":"2024-07-26T13:00:33","slug":"el-banco-de-canada-afirma-que-los-inmigrantes-tienen-problemas-de-vivienda-y-empleo","status":"publish","type":"post","link":"https:\/\/diarioelpopular.com\/index.php\/2024\/07\/26\/el-banco-de-canada-afirma-que-los-inmigrantes-tienen-problemas-de-vivienda-y-empleo\/","title":{"rendered":"El Banco de Canad\u00e1 afirma que los inmigrantes tienen problemas de vivienda y empleo"},"content":{"rendered":"<p><img loading=\"lazy\" decoding=\"async\" class=\"alignnone size-custom-full-size wp-image-519531\" src=\"https:\/\/diarioelpopular.com\/wp-content\/uploads\/2024\/07\/Screen-Shot-2024-07-26-at-8.59.42-AM-636x509.png\" alt=\"\" width=\"636\" height=\"509\" srcset=\"https:\/\/diarioelpopular.com\/wp-content\/uploads\/2024\/07\/Screen-Shot-2024-07-26-at-8.59.42-AM-636x509.png 636w, https:\/\/diarioelpopular.com\/wp-content\/uploads\/2024\/07\/Screen-Shot-2024-07-26-at-8.59.42-AM-300x240.png 300w, https:\/\/diarioelpopular.com\/wp-content\/uploads\/2024\/07\/Screen-Shot-2024-07-26-at-8.59.42-AM-768x615.png 768w, https:\/\/diarioelpopular.com\/wp-content\/uploads\/2024\/07\/Screen-Shot-2024-07-26-at-8.59.42-AM-91x73.png 91w, https:\/\/diarioelpopular.com\/wp-content\/uploads\/2024\/07\/Screen-Shot-2024-07-26-at-8.59.42-AM.png 1024w\" sizes=\"auto, (max-width: 636px) 100vw, 636px\" \/><\/p>\n<p>&nbsp;<\/p>\n<p>&nbsp;<\/p>\n<ul>\n<li><em><strong>El Banco de Canad\u00e1 ha cuestionado las afirmaciones de larga data del gabinete federal liberal de que la inmigraci\u00f3n es un beneficio neto inmediato para el pa\u00eds, seg\u00fan Blacklock&#8217;s Reporter.<\/strong><\/em><\/li>\n<\/ul>\n<p>&nbsp;<\/p>\n<p><em><strong>OTTAWA.-<\/strong> <\/em>En cambio, los analistas bancarios dijeron que los inmigrantes normalmente aumentan los alquileres, tardan en conseguir empleo y contribuyen &#8220;a las presiones inflacionarias en algunos sectores&#8221;.<\/p>\n<p>&#8220;El fuerte crecimiento demogr\u00e1fico de los \u00faltimos a\u00f1os ha impulsado la demanda de vivienda&#8221;, seg\u00fan un Informe de Pol\u00edtica Monetaria.<\/p>\n<p>\u201cEsto se suma a las presiones existentes sobre los elevados precios de la vivienda y los alquileres. El aumento de la demanda de vivienda por parte de los reci\u00e9n llegados se est\u00e1 sintiendo en todos los tipos de vivienda, pero el mayor impacto inicial tiende a producirse en los mercados de alquiler. Esto se debe a que la mayor\u00eda de los reci\u00e9n llegados comienzan como inquilinos\u201d.<\/p>\n<p>Y cuando se trata de empleos, los investigadores dijeron que muchos inmigrantes \u201cenfrentan desaf\u00edos importantes para integrarse al mercado laboral canadiense. Las dificultades para obtener credenciales extranjeras y experiencia reconocida en Canad\u00e1 a menudo tambi\u00e9n resultan en que los reci\u00e9n llegados acepten trabajos donde las habilidades no coinciden con las requeridas para el puesto. Este posible desajuste tambi\u00e9n pesa sobre la productividad\u201d.<\/p>\n<p>En \u00faltima instancia, dijo el Banco, \u201cel impulso a la oferta laboral debido a la llegada de reci\u00e9n llegados podr\u00eda ser inicialmente algo menor de lo que se esperar\u00eda dado el aumento de la poblaci\u00f3n en edad de trabajar\u201d.<\/p>\n<p>Los analistas dijeron que el Banco asumi\u00f3 que el gabinete frenar\u00eda la inmigraci\u00f3n despu\u00e9s de que se permiti\u00f3 la entrada a Canad\u00e1 a 2,3 millones de extranjeros en 2023, incluidos 1.040.985 estudiantes extranjeros, 766.250 trabajadores migrantes y 471.550 inmigrantes desembarcados. Muchas personas en demasiado corto tiempo.<\/p>\n<p>&#8220;En general, los perfiles de consumo y empleo de los reci\u00e9n llegados sugieren que contribuyen ligeramente m\u00e1s a la demanda que a la oferta en los primeros a\u00f1os despu\u00e9s de su llegada a Canad\u00e1&#8221;, dijo la Pol\u00edtica Monetaria.<\/p>\n<p>&#8220;Esta desigualdad contribuye a las presiones inflacionarias en algunos sectores&#8221;.<\/p>\n<p>El informe contradice las repetidas afirmaciones de Ottawa de que la inmigraci\u00f3n representaba un beneficio neto r\u00e1pido para Canad\u00e1.<\/p>\n<p>\u201cSi queremos maximizar nuestro potencial econ\u00f3mico como pa\u00eds para pagar todas las cosas que disfrutamos, necesitamos incorporar m\u00e1s personas a nuestra fuerza laboral\u201d, dijo el entonces ministro liberal de Inmigraci\u00f3n, Sean Fraser, al comit\u00e9 de inmigraci\u00f3n de la C\u00e1mara de los Comunes en 2022. \u201cLa inmigraci\u00f3n va a desempe\u00f1ar un papel importante\u201d.<\/p>\n","protected":false},"excerpt":{"rendered":"<p>&nbsp; &nbsp; El Banco de Canad\u00e1 ha cuestionado las afirmaciones de larga data del gabinete federal liberal de que la inmigraci\u00f3n es un beneficio neto&hellip;<\/p>\n","protected":false},"author":99,"featured_media":519531,"comment_status":"open","ping_status":"open","sticky":false,"template":"","format":"standard","meta":{"footnotes":""},"categories":[21,11191],"tags":[],"class_list":["post-519529","post","type-post","status-publish","format-standard","has-post-thumbnail","hentry","category-canada","category-top-news"],"_links":{"self":[{"href":"https:\/\/diarioelpopular.com\/index.php\/wp-json\/wp\/v2\/posts\/519529","targetHints":{"allow":["GET"]}}],"collection":[{"href":"https:\/\/diarioelpopular.com\/index.php\/wp-json\/wp\/v2\/posts"}],"about":[{"href":"https:\/\/diarioelpopular.com\/index.php\/wp-json\/wp\/v2\/types\/post"}],"author":[{"embeddable":true,"href":"https:\/\/diarioelpopular.com\/index.php\/wp-json\/wp\/v2\/users\/99"}],"replies":[{"embeddable":true,"href":"https:\/\/diarioelpopular.com\/index.php\/wp-json\/wp\/v2\/comments?post=519529"}],"version-history":[{"count":1,"href":"https:\/\/diarioelpopular.com\/index.php\/wp-json\/wp\/v2\/posts\/519529\/revisions"}],"predecessor-version":[{"id":519532,"href":"https:\/\/diarioelpopular.com\/index.php\/wp-json\/wp\/v2\/posts\/519529\/revisions\/519532"}],"wp:featuredmedia":[{"embeddable":true,"href":"https:\/\/diarioelpopular.com\/index.php\/wp-json\/wp\/v2\/media\/519531"}],"wp:attachment":[{"href":"https:\/\/diarioelpopular.com\/index.php\/wp-json\/wp\/v2\/media?parent=519529"}],"wp:term":[{"taxonomy":"category","embeddable":true,"href":"https:\/\/diarioelpopular.com\/index.php\/wp-json\/wp\/v2\/categories?post=519529"},{"taxonomy":"post_tag","embeddable":true,"href":"https:\/\/diarioelpopular.com\/index.php\/wp-json\/wp\/v2\/tags?post=519529"}],"curies":[{"name":"wp","href":"https:\/\/api.w.org\/{rel}","templated":true}]}}