{"id":519562,"date":"2024-07-29T10:06:44","date_gmt":"2024-07-29T14:06:44","guid":{"rendered":"https:\/\/diarioelpopular.com\/?p=519562"},"modified":"2024-07-29T10:06:44","modified_gmt":"2024-07-29T14:06:44","slug":"se-busca-una-mejor-manera-de-otorgar-la-residencia-permanente-a-familias-de-solicitantes-de-refugio","status":"publish","type":"post","link":"https:\/\/diarioelpopular.com\/index.php\/2024\/07\/29\/se-busca-una-mejor-manera-de-otorgar-la-residencia-permanente-a-familias-de-solicitantes-de-refugio\/","title":{"rendered":"Se busca una mejor manera de otorgar la residencia permanente a familias de solicitantes de refugio"},"content":{"rendered":"<p><img loading=\"lazy\" decoding=\"async\" class=\"alignnone size-custom-full-size wp-image-519563\" src=\"https:\/\/diarioelpopular.com\/wp-content\/uploads\/2024\/07\/Screen-Shot-2024-07-29-at-10.06.16-AM-636x457.png\" alt=\"\" width=\"636\" height=\"457\" srcset=\"https:\/\/diarioelpopular.com\/wp-content\/uploads\/2024\/07\/Screen-Shot-2024-07-29-at-10.06.16-AM-636x457.png 636w, https:\/\/diarioelpopular.com\/wp-content\/uploads\/2024\/07\/Screen-Shot-2024-07-29-at-10.06.16-AM-300x216.png 300w, https:\/\/diarioelpopular.com\/wp-content\/uploads\/2024\/07\/Screen-Shot-2024-07-29-at-10.06.16-AM-768x552.png 768w, https:\/\/diarioelpopular.com\/wp-content\/uploads\/2024\/07\/Screen-Shot-2024-07-29-at-10.06.16-AM-102x73.png 102w, https:\/\/diarioelpopular.com\/wp-content\/uploads\/2024\/07\/Screen-Shot-2024-07-29-at-10.06.16-AM.png 1024w\" sizes=\"auto, (max-width: 636px) 100vw, 636px\" \/><\/p>\n<p>&nbsp;<\/p>\n<p>&nbsp;<\/p>\n<ul>\n<li><em><strong>Los defensores instan a un permiso de residencia temporal para que los c\u00f3nyuges e hijos de personas protegidas puedan esperar en Canad\u00e1 para recibir su residencia permanente.<\/strong><\/em><\/li>\n<\/ul>\n<p>&nbsp;<\/p>\n<p><em><strong>OTTAWA.-<\/strong><\/em> Para muchos solicitantes de refugio, obtener protecci\u00f3n en Canad\u00e1 puede llevar 18 meses. Puede llevar mucho m\u00e1s tiempo reunirse con los c\u00f3nyuges y los hijos que dejaron atr\u00e1s.<\/p>\n<p>Y es probable que estas reunificaciones familiares tomen a\u00fan m\u00e1s tiempo en el futuro cercano, ya que el n\u00famero de solicitantes (y de casos aceptados) est\u00e1 aumentando, mientras que una cuota anual limita cu\u00e1ntas de las \u201cpersonas protegidas\u201d y sus familiares inmediatos en el extranjero pueden pasar a ser residentes permanentes.<\/p>\n<p>Con el gobierno federal congelando los niveles de inmigraci\u00f3n permanente este a\u00f1o hasta 2026, tanto la Asociaci\u00f3n de Abogados de Canad\u00e1 como el Consejo Canadiense para los Refugiados est\u00e1n exigiendo una pol\u00edtica p\u00fablica de Ottawa que permita a los dependientes de personas protegidas en el extranjero venir con un permiso de residencia temporal, para facilitar su separaci\u00f3n prolongada.<\/p>\n<p>\u201cAs\u00ed que al menos est\u00e1s esperando en Canad\u00e1 la finalizaci\u00f3n de tu residencia permanente\u201d, dijo Gauri Sreenivasan, codirector ejecutivo del consejo de refugiados.<\/p>\n<p>\u201cCanad\u00e1 ya ha dicho que su familia es elegible. Simplemente tenemos este proceso realmente lento para esperar el documento. Entonces decimos: \u2018Otorguenles un permiso de residencia temporal para que puedan esperar en Canad\u00e1, rodeados de sus padres y los ni\u00f1os puedan ir a la escuela&#8217;\u201d.<\/p>\n<p><em><strong>Aumentan los solicitantes de asilo<\/strong><\/em><br \/>\nEl n\u00famero anual de personas que solicitan asilo en Canad\u00e1 ha aumentado significativamente desde 2021, cuando las fronteras internacionales se reabrieron por completo despu\u00e9s de la pandemia, de 24.127 a 137.947 en 2023. En los primeros tres meses de este a\u00f1o, se reportaron 46.693 solicitantes.<\/p>\n<p>Con m\u00e1s casos en tramitaci\u00f3n, el n\u00famero de decisiones positivas tambi\u00e9n ha crecido, de 30.290 en 2021 a 37.222 en 2023. Entre enero y marzo de este a\u00f1o, la junta de refugiados ya concedi\u00f3 protecci\u00f3n a 11.082 personas. Hay alrededor de 186.000 reclamaciones pendientes en el sistema.<\/p>\n<p>Sin embargo, las cuotas de residencia permanente asignadas cada a\u00f1o a personas y familias protegidas no se est\u00e1n poniendo al d\u00eda. En 2021, se les asignaron 23.500 plazas de residencia permanente, pero el n\u00famero de personas a las que se les concedi\u00f3 asilo super\u00f3 esa cifra en 6.790. El a\u00f1o pasado, hubo 25.000 plazas, lo que provoc\u00f3 un d\u00e9ficit de 12.222. La cola sigue creciendo. (Nota: el n\u00famero de personas a las que se les concedi\u00f3 asilo incluye a los solicitantes principales y a sus familiares en Canad\u00e1 \u00fanicamente).<\/p>\n<p>Seg\u00fan el sitio web del Departamento de Inmigraci\u00f3n, actualmente el solicitante principal (la persona a la que se le otorga el estatus de protecci\u00f3n) tarda 24 meses y sus dependientes en el extranjero 50 meses para obtener la residencia permanente en Canad\u00e1. Esto se suma al promedio de 18 meses que le toma a la junta de refugiados resolver los casos de los solicitantes.<\/p>\n<p>\u201cDejas atr\u00e1s a tu familia con la esperanza de poder obtener protecci\u00f3n y luego los traes aqu\u00ed\u201d, dijo Gabriela Ramo, presidenta de la secci\u00f3n de leyes de inmigraci\u00f3n de la Asociaci\u00f3n de Abogados de Canad\u00e1. \u201cEsa no es una experiencia poco com\u00fan.<\/p>\n<p>\u201cSe trata de la cuota. Hay un n\u00famero limitado de lugares y tienes una piscina enorme\u201d.<\/p>\n<p>La mayor\u00eda de las personas a las que se les concedi\u00f3 asilo, ya examinadas durante ese proceso, finalmente se convierten en residentes permanentes, dicen los defensores, y la demora en reunirse con sus familias crea m\u00e1s dificultades y retrasa su asentamiento.<\/p>\n<p>\u201cNo puedes integrarte completamente en Canad\u00e1 cuando est\u00e1s preocupado por tu familia en el otro lado del mundo y est\u00e1s en un estado de limbo\u201d, dijo Ramo. &#8220;Todo en tu vida est\u00e1 suspendido&#8221;.<\/p>\n<p><em><strong>&#8216;Los extra\u00f1aba mucho&#8217;<\/strong><\/em><br \/>\nVerene Mukabera, ex refugiada, conoce bien ese sentimiento; Le tom\u00f3 un total de cuatro a\u00f1os antes de que su esposo y su hija se reunieran con ella en Canad\u00e1.<\/p>\n<p>La mujer ruandesa estaba embarazada de siete meses cuando lleg\u00f3 sola en 2006. Tuvo que cuidar sola de su beb\u00e9 durante cuatro a\u00f1os mientras trabajaba para mantenerse a s\u00ed misma y a su familia en el extranjero.<\/p>\n<p>\u201cEstaba llorando todo el tiempo sin ning\u00fan motivo. Me irritaba y me deprim\u00eda f\u00e1cilmente\u201d, recuerda Mukabera, que necesitaba asesoramiento sobre salud mental. \u201cLos extra\u00f1aba mucho. Incluso despu\u00e9s de obtener el estatus de persona protegida, no pude ir a verlos. El dinero era un problema y no pod\u00eda volver atr\u00e1s\u201d.<\/p>\n<p>Su hija se reuni\u00f3 con ella en Canad\u00e1 cuando ten\u00eda nueve a\u00f1os, cuatro a\u00f1os despu\u00e9s de que Mukabera se fuera.<\/p>\n<p>\u201cMe sent\u00ed como una extra\u00f1a para mi hija. Eso es lo m\u00e1s dif\u00edcil\u201d, dijo esta mujer de 50 a\u00f1os, que se emplea como trabajadora de apoyo personal en Gatineau, Qu\u00e9.<\/p>\n<p>Como Mukabera ya llevaba varios a\u00f1os aqu\u00ed, era el sost\u00e9n de la familia y el cambio de roles entre ella y su marido se convirti\u00f3 en una fuente de tensi\u00f3n. \u201cNuestra relaci\u00f3n familiar sufri\u00f3. Nos llev\u00f3 algunos a\u00f1os volver a empezar como familia\u201d.<\/p>\n<p><em><strong>Lanzamiento del proyecto piloto<\/strong><\/em><br \/>\nEl Departamento de Inmigraci\u00f3n dijo que todos los solicitantes de residencia permanente deben someterse a autorizaciones m\u00e9dicas y de seguridad, y que a sus dependientes se les exige que se examine su historial y estatus migratorio. Los funcionarios han lanzado un programa piloto para centralizar y agilizar el procesamiento de dependientes en el extranjero dentro de Canad\u00e1 en lugar de hacerlo a trav\u00e9s de puestos de visas en otros pa\u00edses.<\/p>\n<p>&#8220;El ajuste oportuno del estatus migratorio y la reunificaci\u00f3n familiar sigue siendo uno de los objetivos del sistema de asilo de Canad\u00e1&#8221;, dijo el departamento, a\u00f1adiendo que los permisos de residencia temporal ya est\u00e1n disponibles seg\u00fan cada caso.<\/p>\n<p>Sreenivasan, del consejo de refugiados, dijo que muchas personas protegidas se ven obligadas a acudir al Tribunal Federal para obtener \u00f3rdenes que presionen a los funcionarios de inmigraci\u00f3n para que aceleren sus solicitudes de residencia permanente, lo que conlleva costos legales innecesarios.<\/p>\n<p>A pesar de la reciente reacci\u00f3n p\u00fablica contra el creciente n\u00famero de residentes temporales que llegan a Canad\u00e1 para trabajar y estudiar, Sreenivasan advirti\u00f3 que las circunstancias de las personas protegidas son totalmente diferentes.<\/p>\n<p>&#8220;No son como trabajadores extranjeros temporales o estudiantes internacionales, que vienen y luego pueden regresar a casa&#8221;, dijo. \u201cNo deber\u00edamos pensar en los refugiados y sus familias como residentes temporales. Para m\u00ed, todo el debate sobre los refugiados est\u00e1 fuera de lugar en esa categor\u00eda\u201d.<\/p>\n","protected":false},"excerpt":{"rendered":"<p>&nbsp; &nbsp; Los defensores instan a un permiso de residencia temporal para que los c\u00f3nyuges e hijos de personas protegidas puedan esperar en Canad\u00e1 para&hellip;<\/p>\n","protected":false},"author":99,"featured_media":519563,"comment_status":"open","ping_status":"open","sticky":false,"template":"","format":"standard","meta":{"footnotes":""},"categories":[21],"tags":[],"class_list":["post-519562","post","type-post","status-publish","format-standard","has-post-thumbnail","hentry","category-canada"],"_links":{"self":[{"href":"https:\/\/diarioelpopular.com\/index.php\/wp-json\/wp\/v2\/posts\/519562","targetHints":{"allow":["GET"]}}],"collection":[{"href":"https:\/\/diarioelpopular.com\/index.php\/wp-json\/wp\/v2\/posts"}],"about":[{"href":"https:\/\/diarioelpopular.com\/index.php\/wp-json\/wp\/v2\/types\/post"}],"author":[{"embeddable":true,"href":"https:\/\/diarioelpopular.com\/index.php\/wp-json\/wp\/v2\/users\/99"}],"replies":[{"embeddable":true,"href":"https:\/\/diarioelpopular.com\/index.php\/wp-json\/wp\/v2\/comments?post=519562"}],"version-history":[{"count":1,"href":"https:\/\/diarioelpopular.com\/index.php\/wp-json\/wp\/v2\/posts\/519562\/revisions"}],"predecessor-version":[{"id":519564,"href":"https:\/\/diarioelpopular.com\/index.php\/wp-json\/wp\/v2\/posts\/519562\/revisions\/519564"}],"wp:featuredmedia":[{"embeddable":true,"href":"https:\/\/diarioelpopular.com\/index.php\/wp-json\/wp\/v2\/media\/519563"}],"wp:attachment":[{"href":"https:\/\/diarioelpopular.com\/index.php\/wp-json\/wp\/v2\/media?parent=519562"}],"wp:term":[{"taxonomy":"category","embeddable":true,"href":"https:\/\/diarioelpopular.com\/index.php\/wp-json\/wp\/v2\/categories?post=519562"},{"taxonomy":"post_tag","embeddable":true,"href":"https:\/\/diarioelpopular.com\/index.php\/wp-json\/wp\/v2\/tags?post=519562"}],"curies":[{"name":"wp","href":"https:\/\/api.w.org\/{rel}","templated":true}]}}