{"id":519640,"date":"2024-08-01T08:47:02","date_gmt":"2024-08-01T12:47:02","guid":{"rendered":"https:\/\/diarioelpopular.com\/?p=519640"},"modified":"2024-08-01T08:47:02","modified_gmt":"2024-08-01T12:47:02","slug":"los-delitos-violentos-han-aumentado-desde-2015-la-policia-duda-que-la-historia-no-esta-completa","status":"publish","type":"post","link":"https:\/\/diarioelpopular.com\/index.php\/2024\/08\/01\/los-delitos-violentos-han-aumentado-desde-2015-la-policia-duda-que-la-historia-no-esta-completa\/","title":{"rendered":"Los delitos violentos han aumentado desde 2015. La polic\u00eda duda que la historia no est\u00e1 completa"},"content":{"rendered":"<p><img loading=\"lazy\" decoding=\"async\" class=\"alignnone size-custom-full-size wp-image-519641\" src=\"https:\/\/diarioelpopular.com\/wp-content\/uploads\/2024\/08\/Screen-Shot-2024-08-01-at-8.46.28-AM-636x386.png\" alt=\"\" width=\"636\" height=\"386\" srcset=\"https:\/\/diarioelpopular.com\/wp-content\/uploads\/2024\/08\/Screen-Shot-2024-08-01-at-8.46.28-AM-636x386.png 636w, https:\/\/diarioelpopular.com\/wp-content\/uploads\/2024\/08\/Screen-Shot-2024-08-01-at-8.46.28-AM-300x182.png 300w, https:\/\/diarioelpopular.com\/wp-content\/uploads\/2024\/08\/Screen-Shot-2024-08-01-at-8.46.28-AM-768x466.png 768w, https:\/\/diarioelpopular.com\/wp-content\/uploads\/2024\/08\/Screen-Shot-2024-08-01-at-8.46.28-AM-120x73.png 120w, https:\/\/diarioelpopular.com\/wp-content\/uploads\/2024\/08\/Screen-Shot-2024-08-01-at-8.46.28-AM.png 1024w\" sizes=\"auto, (max-width: 636px) 100vw, 636px\" \/><\/p>\n<p>&nbsp;<\/p>\n<p>&nbsp;<\/p>\n<ul>\n<li><em><strong>Los datos recientemente publicados sobre el aumento de los delitos violentos en Canad\u00e1 s\u00f3lo cuentan una parte de la historia, afirma una organizaci\u00f3n policial nacional.<\/strong><\/em><\/li>\n<\/ul>\n<p>&nbsp;<\/p>\n<p>El volumen y la gravedad de los delitos denunciados por la polic\u00eda han seguido \u201cuna tendencia ascendente que comenz\u00f3 en 2015\u201d, dijo Statistics Canada en uno de sus informes.<\/p>\n<p>El \u00edndice de gravedad de los delitos violentos &#8220;permaneci\u00f3 pr\u00e1cticamente sin cambios&#8221; el a\u00f1o pasado, dijo la agencia de estad\u00edsticas, porque hubo una disminuci\u00f3n en los delitos m\u00e1s graves, como el homicidio. Sin embargo, hubo un aumento del siete por ciento en delitos violentos como asaltos, robos y extorsiones, dijo Statistics Canada.<\/p>\n<p>Pero la Federaci\u00f3n Nacional de Polic\u00eda (NPF), el sindicato que representa a aproximadamente 20.000 miembros de la RCMP, dijo que es posible que los datos no reflejen completamente la imagen real de las tasas de criminalidad en todo el pa\u00eds, algo que la propia Estad\u00edsticas de Canad\u00e1 tambi\u00e9n se\u00f1ala.<\/p>\n<p>&#8220;Un robo con arma de fuego en una peque\u00f1a ciudad de, digamos, Saskatchewan distorsiona los datos con respecto a los delitos violentos en Saskatchewan en su conjunto&#8221;, dijo el presidente y director ejecutivo de NPF, Brian Sauv\u00e9, a Global News en una entrevista.<\/p>\n<p>\u201cSaskatchewan tiene muchas ciudades peque\u00f1as. \u00bfPero eso convierte a Saskatchewan en una provincia particularmente violenta?<\/p>\n<p>El \u00edndice general de gravedad de la delincuencia aument\u00f3 un dos por ciento en 2023, seg\u00fan muestra el informe de Statistics Canada, lo que supone un tercer aumento anual consecutivo.<\/p>\n<p>El \u00edndice de gravedad de los delitos no violentos aument\u00f3 un tres por ciento el a\u00f1o pasado, tras un aumento del cinco por ciento el a\u00f1o anterior. El aumento m\u00e1s reciente fue impulsado por un aumento del cinco por ciento en los robos de veh\u00edculos motorizados denunciados por la polic\u00eda (un tema de creciente preocupaci\u00f3n y atenci\u00f3n durante el a\u00f1o pasado) y picos de dos d\u00edgitos en el fraude y el hurto en tiendas.<\/p>\n<p>En lo que respecta a los delitos violentos, el \u00edndice de gravedad aument\u00f3 un 32 por ciento desde 2015, cuando los conservadores enfatizan que fue cuando se eligi\u00f3 por primera vez al actual gobierno liberal.<\/p>\n<p>Los nuevos datos tambi\u00e9n parecen respaldar otro tema de conversaci\u00f3n conservador: que el total de violaciones violentas del C\u00f3digo Penal denunciadas a la polic\u00eda ha aumentado casi un 50 por ciento desde 2015.<\/p>\n<p>\u201cViolaciones violentas totales del C\u00f3digo Penal\u201d es un t\u00e9rmino general que incluye homicidios, intentos de asesinato, agresiones, incluidas agresiones sexuales, robos y secuestros.<\/p>\n<p>El l\u00edder conservador Pierre Poilievre atribuy\u00f3 el jueves el aumento de la delincuencia a las pol\u00edticas gubernamentales actuales, culpando tanto a los gobernantes liberales como al NDP, que han apoyado a los liberales en votos de confianza clave durante los \u00faltimos dos a\u00f1os.<\/p>\n<p>Sauv\u00e9 dice que ha escuchado \u201cfrustraci\u00f3n\u201d de los miembros de la RCMP del NPF porque se les pide cada vez m\u00e1s que se ocupen no solo del crimen, sino tambi\u00e9n de los crecientes incidentes de salud mental y sobredosis de drogas.<\/p>\n<p>Dijo que todos los niveles de gobierno son culpables de las reducciones en los apoyos y de la falta de \u201cplanes continuos de seguridad p\u00fablica s\u00f3lidos\u201d para garantizar que la gente no recurra al crimen o la violencia.<\/p>\n<p>&#8220;Hay una desesperaci\u00f3n creciente entre la gente&#8230; que tal vez no puedan pagar el alquiler del mes y sientan que no tienen m\u00e1s remedio que recurrir a algo dr\u00e1stico&#8221;, dijo.<\/p>\n<p>&#8220;La verdadera pregunta no es &#8216;\u00bfpor qu\u00e9 hay m\u00e1s crimen&#8217; sino &#8216;\u00bfpor qu\u00e9 la gente est\u00e1 m\u00e1s insatisfecha con su suerte en la vida?'&#8221;<\/p>\n<p>Varias encuestas recientes han sugerido que los canadienses est\u00e1n cada vez m\u00e1s preocupados por sus finanzas personales en medio del creciente costo de vida, incluida la alta inflaci\u00f3n y las tasas de inter\u00e9s.<\/p>\n<p><em><strong>Las pol\u00edticas de fianzas vuelven a ser criticadas<\/strong><\/em><br \/>\nPoilievre tambi\u00e9n se\u00f1al\u00f3 este jueves el reciente asesinato de Breanna Broadfoot, de 17 a\u00f1os, quien seg\u00fan la polic\u00eda fue v\u00edctima de violencia de pareja. El l\u00edder conservador dijo que el sospechoso hab\u00eda sido arrestado previamente, pero fue liberado antes del ataque fatal a Broadfoot.<\/p>\n<p>\u201cElla es s\u00f3lo la \u00faltima v\u00edctima del loco y radical sistema de justicia de captura y liberaci\u00f3n del Partido Liberal-NDP\u201d, dijo Poilievre en una conferencia de prensa frente al patio de una escuela.<\/p>\n<p>\u201cPermite que los mismos delincuentes violentos reincidentes queden libres una y otra vez\u201d.<\/p>\n<p>El a\u00f1o pasado, el gobierno liberal colabor\u00f3 \u200b\u200bcon todas las provincias y territorios para realizar cambios en el sistema de fianzas, tras los crecientes llamamientos de los premiers y ministros de justicia provinciales y territoriales para que se reforzaran las leyes tras informes de delitos cometidos por reincidentes cr\u00f3nicos.<\/p>\n<p>Los nuevos cambios exigen que los acusados \u200b\u200bque han sido arrestados y acusados \u200b\u200bde ciertos delitos demuestren al tribunal por qu\u00e9 deber\u00edan ser liberados, en lugar de que la Corona tenga que demostrar por qu\u00e9 deber\u00edan permanecer tras las rejas.<\/p>\n<p>Hace una semana, los premiers escribieron una carta al primer ministro Justin Trudeau pidiendo otra revisi\u00f3n del sistema de fianzas, a la luz de otra reciente muerte por apu\u00f1alamiento de una mujer el mes pasado en British Columbia.<\/p>\n<p>Tori Dunn, de 30 a\u00f1os, fue asesinada en su casa de Surrey, B.C., en junio. La sospechosa ten\u00eda un historial criminal largo y violento y hab\u00eda sido liberada apenas unas semanas antes de ser asesinada.<\/p>\n<p>&#8220;Las enmiendas del a\u00f1o pasado a la legislaci\u00f3n federal sobre fianzas representan un progreso valioso, pero recientes incidentes preocupantes sugieren que esta legislaci\u00f3n puede no estar funcionando como se esperaba&#8221;, dijeron los primeros ministros en una declaraci\u00f3n conjunta despu\u00e9s de reunirse en Halifax.<\/p>\n<p>El ministro de Justicia, Arif Virani, ofreci\u00f3 el jueves sus condolencias a la familia de Broadfoot \u201cpor la desgarradora tragedia que nunca deber\u00eda haber ocurrido\u201d, pero culp\u00f3 a las provincias.<\/p>\n<p>\u201cHemos actuado ante los llamados de las provincias para que se adopten medidas m\u00e1s estrictas en el C\u00f3digo Penal. Ahora es el momento de que hagan cumplir la ley de manera efectiva\u201d, dijo Virani en un comunicado junto con el ministro de Seguridad P\u00fablica, Dominic LeBlanc, el jueves.<\/p>\n<p>Sauv\u00e9 dijo que el NPF tambi\u00e9n ha pedido a las provincias y territorios que hagan su parte para impulsar los servicios judiciales y correccionales en sus jurisdicciones para implementar adecuadamente la \u201csegunda mitad de la ecuaci\u00f3n\u201d de la reforma de las fianzas; la primera mitad son los cambios federales.<\/p>\n<p>Poilievre ha prometido que si se convierte en primer ministro impedir\u00e1 que los reincidentes violentos puedan optar a libertad bajo fianza, arresto domiciliario o libertad condicional. Tambi\u00e9n promete detener el flujo de medicamentos regulados a nivel federal, com\u00fanmente conocidos como suministro m\u00e1s seguro, y cerrar los sitios de consumo supervisado cerca de las escuelas, redirigiendo los fondos federales para esos servicios hacia servicios de tratamiento y recuperaci\u00f3n.<\/p>\n<p>Los Nuevos Dem\u00f3cratas niegan haber contribuido de alguna manera al aumento de la tasa de criminalidad porque no est\u00e1n en el gobierno, pero al mismo tiempo reconocen estar aliados con Trudeau para \u00e9ste siga en el poder.<\/p>\n<p>El l\u00edder del NDP, Jagmeet Singh, ha dicho que la reforma de las fianzas no puede ser la \u00fanica soluci\u00f3n para mantener seguras a las comunidades. Los nuevos dem\u00f3cratas han pedido una mejor supervisi\u00f3n de las personas que quedan en libertad bajo fianza y un mayor apoyo a las personas que padecen enfermedades mentales y adicciones.<\/p>\n","protected":false},"excerpt":{"rendered":"<p>&nbsp; &nbsp; Los datos recientemente publicados sobre el aumento de los delitos violentos en Canad\u00e1 s\u00f3lo cuentan una parte de la historia, afirma una organizaci\u00f3n&hellip;<\/p>\n","protected":false},"author":99,"featured_media":519641,"comment_status":"open","ping_status":"open","sticky":false,"template":"","format":"standard","meta":{"footnotes":""},"categories":[21,11191],"tags":[],"class_list":["post-519640","post","type-post","status-publish","format-standard","has-post-thumbnail","hentry","category-canada","category-top-news"],"_links":{"self":[{"href":"https:\/\/diarioelpopular.com\/index.php\/wp-json\/wp\/v2\/posts\/519640","targetHints":{"allow":["GET"]}}],"collection":[{"href":"https:\/\/diarioelpopular.com\/index.php\/wp-json\/wp\/v2\/posts"}],"about":[{"href":"https:\/\/diarioelpopular.com\/index.php\/wp-json\/wp\/v2\/types\/post"}],"author":[{"embeddable":true,"href":"https:\/\/diarioelpopular.com\/index.php\/wp-json\/wp\/v2\/users\/99"}],"replies":[{"embeddable":true,"href":"https:\/\/diarioelpopular.com\/index.php\/wp-json\/wp\/v2\/comments?post=519640"}],"version-history":[{"count":1,"href":"https:\/\/diarioelpopular.com\/index.php\/wp-json\/wp\/v2\/posts\/519640\/revisions"}],"predecessor-version":[{"id":519642,"href":"https:\/\/diarioelpopular.com\/index.php\/wp-json\/wp\/v2\/posts\/519640\/revisions\/519642"}],"wp:featuredmedia":[{"embeddable":true,"href":"https:\/\/diarioelpopular.com\/index.php\/wp-json\/wp\/v2\/media\/519641"}],"wp:attachment":[{"href":"https:\/\/diarioelpopular.com\/index.php\/wp-json\/wp\/v2\/media?parent=519640"}],"wp:term":[{"taxonomy":"category","embeddable":true,"href":"https:\/\/diarioelpopular.com\/index.php\/wp-json\/wp\/v2\/categories?post=519640"},{"taxonomy":"post_tag","embeddable":true,"href":"https:\/\/diarioelpopular.com\/index.php\/wp-json\/wp\/v2\/tags?post=519640"}],"curies":[{"name":"wp","href":"https:\/\/api.w.org\/{rel}","templated":true}]}}