{"id":519732,"date":"2024-08-06T10:11:35","date_gmt":"2024-08-06T14:11:35","guid":{"rendered":"https:\/\/diarioelpopular.com\/?p=519732"},"modified":"2024-08-06T10:11:35","modified_gmt":"2024-08-06T14:11:35","slug":"cronicas-ecuador-sin-fiesta-patria","status":"publish","type":"post","link":"https:\/\/diarioelpopular.com\/index.php\/2024\/08\/06\/cronicas-ecuador-sin-fiesta-patria\/","title":{"rendered":"CR\u00d3NICAS: Ecuador \u00bfSin Fiesta Patria?"},"content":{"rendered":"<p><img loading=\"lazy\" decoding=\"async\" class=\"alignnone size-custom-full-size wp-image-519734\" src=\"https:\/\/diarioelpopular.com\/wp-content\/uploads\/2024\/08\/Screen-Shot-2024-08-06-at-10.10.52-AM-636x453.png\" alt=\"\" width=\"636\" height=\"453\" srcset=\"https:\/\/diarioelpopular.com\/wp-content\/uploads\/2024\/08\/Screen-Shot-2024-08-06-at-10.10.52-AM-636x453.png 636w, https:\/\/diarioelpopular.com\/wp-content\/uploads\/2024\/08\/Screen-Shot-2024-08-06-at-10.10.52-AM-300x214.png 300w, https:\/\/diarioelpopular.com\/wp-content\/uploads\/2024\/08\/Screen-Shot-2024-08-06-at-10.10.52-AM-768x547.png 768w, https:\/\/diarioelpopular.com\/wp-content\/uploads\/2024\/08\/Screen-Shot-2024-08-06-at-10.10.52-AM-103x73.png 103w, https:\/\/diarioelpopular.com\/wp-content\/uploads\/2024\/08\/Screen-Shot-2024-08-06-at-10.10.52-AM.png 1024w\" sizes=\"auto, (max-width: 636px) 100vw, 636px\" \/><\/p>\n<p>&nbsp;<\/p>\n<p class=\"p1\"><em><strong>Por: Luc\u00eda P. de Garc\u00eda<\/strong><\/em><\/p>\n<p class=\"p1\"><em><strong>Toronto.-<span class=\"Apple-converted-space\">\u00a0 <\/span><\/strong><\/em>La Fecha Patria del 10 de Agosto de 1809, cuya conmemoraci\u00f3n nos enorgullece a los ecuatorianos, se aproxima. Aquel sol que sorprendi\u00f3 a los habitantes de Quito saliendo a las calles para festejar el fin del coloniaje de Espa\u00f1a al grito de \u00a1Libertad! hoy es testigo de la angustia de la poblaci\u00f3n ante otro dominio: inseguridad, narcotr\u00e1fico, delincuencia, corrupci\u00f3n. Crisis social, econ\u00f3mica, de salud, educaci\u00f3n. Hay miseria, hambre, desempleo, emigraci\u00f3n.<span class=\"Apple-converted-space\">\u00a0<\/span><\/p>\n<p class=\"p1\">Ante la tragedia, surge la evocaci\u00f3n del glorioso pasado. El ind\u00edgena Eugenio Espejo, periodista y m\u00e9dico, sembr\u00f3 el esp\u00edritu emancipador en sus seguidores y por ese ideal muri\u00f3 en prisi\u00f3n en 1795. La madrugada de aquel hist\u00f3rico d\u00eda los patriotas fueron de la casa de Manuela Ca\u00f1izares a la Presidencia de la Real Audiencia. All\u00ed entregaron al Conde Manuel Ruiz de Castilla la disposici\u00f3n de la Junta Soberana de Quito del relevo de sus funciones y el nombramiento de la Primera Junta de Gobierno Aut\u00f3noma, como Presidente Juan P\u00edo Mont\u00fafar Marqu\u00e9s de Selva Alegre. El Primer Grito de Independencia y gobierno aut\u00f3nomo inici\u00f3 la lucha libertadora de Hispanoam\u00e9rica e hizo merecedora a la ciudad del nombre \u201cQuito, Luz de Am\u00e9rica\u201d. A los 75 d\u00edas las fuerzas realistas sofocaron la insurrecci\u00f3n y encarcelaron a los h\u00e9roes. Un a\u00f1o m\u00e1s tarde, cuando los quite\u00f1os intentaron rescatarlos, \u00e9stos fueron masacrados, Quito cay\u00f3 v\u00edctima del pillaje y de una carnicer\u00eda que termin\u00f3 con el 1% de sus habitantes.<\/p>\n<p class=\"p1\">Desde entonces Ecuador ha estado creando su historia. La de hoy; ser uno de los pa\u00edses m\u00e1s inseguros del mundo. Para entender esta situaci\u00f3n resumir\u00e9 los \u00faltimos cuatro gobiernos.<span class=\"Apple-converted-space\">\u00a0<\/span><\/p>\n<p class=\"p1\">El economista Rafael Correa fue Presidente de la Rep\u00fablica 2007-2017. Tuvo el apoyo de la mayor\u00eda en la Asamblea Nacional y la gu\u00eda de la Nueva Constituci\u00f3n aprobada en 2008 en Consulta Popular. Fue la primera en el mundo en reconocer los derechos a la Naturaleza. La Consulta Popular 2011 permiti\u00f3 una reforma que devolvi\u00f3 la confianza en la Funci\u00f3n Judicial.<span class=\"Apple-converted-space\">\u00a0<\/span><\/p>\n<p class=\"p1\">El Estado asumi\u00f3 el control total de la econom\u00eda. Cobr\u00f3 impuestos a tradicionales evasores, los m\u00e1s acaudalados del pa\u00eds. Realiz\u00f3 una auditor\u00eda de la deuda externa, no pag\u00f3 la considerada deuda ileg\u00edtima y ese dinero destin\u00f3 al desarrollo social. \u201cSin las recetas del FMI que s\u00f3lo causan tragedias nos fue requetebi\u00e9n\u201d dijo Correa y lo confirm\u00f3 el viceministro de Cooperaci\u00f3n Econ\u00f3mica y Desarrollo de Alemania, Hans Jurgen Beerfeltz tras visitar Ecuador en 2013, llam\u00e1ndolo \u201cel jaguar latinoamericano\u201d y el l\u00edder de la regi\u00f3n, donde el anhelo de progreso y uni\u00f3n lo compart\u00edan los gobernantes de entonces por sobre sus diferencias ideol\u00f3gicas, logrando que el sue\u00f1o de Sim\u00f3n Bol\u00edvar se hiciera realidad por un momento fugaz a trav\u00e9s de UNASUR, la \u201cPatria Grande\u201d que otorg\u00f3 a Quito el honor de ser nombrada su capital.<span class=\"Apple-converted-space\">\u00a0<\/span><\/p>\n<p class=\"p1\">La Revoluci\u00f3n Ciudadana, hoy RC5, posibilit\u00f3 el retorno de los emigrantes del fat\u00eddico Feriado Bancario de 1999. Encontraron un Ecuador con dignidad, paz, alegr\u00eda, que ostentaba el segundo lugar en seguridad luego de Chile. Las instituciones estructuradas, eficientes, n\u00edtidas, elegantes. <span class=\"Apple-converted-space\">\u00a0<\/span><\/p>\n<p class=\"p1\">El progreso era notable: carreteras, v\u00edas f\u00e9rreas, hospitales de alta tecnolog\u00eda. Servicio de salud del Seguro Social ampliado a c\u00f3nyuges e hijos. Cobertura total del costo de incapacidades, enfermedades incurables y catastr\u00f3ficas. Mejora de educaci\u00f3n en todos los niveles; gratuita y de calidad en planteles p\u00fablicos donde el alumnado recib\u00eda uniformes, libros, desayuno, dos refrigerios diarios. Becas locales e internacionales a los mejores estudiantes de secundaria y universidad. Familias de escasos recursos con acceso a viviendas de bajo costo. En boga el turismo, la inversi\u00f3n extranjera. Los Multiprop\u00f3sito, lugares donde se acumulaba el exceso de lluvia para en \u00e9poca de sequ\u00edas distribuir sus aguas en el campo, generaron un promedio de 2,5 cosechas anuales y abastecieron a tres flamantes hidroel\u00e9ctricas que permitieron exportar energ\u00eda. Pol\u00edticas sociales auspiciaron trabajo, mejoraron sueldos, la reducci\u00f3n de pobreza era notoria. Las c\u00e1rceles se hab\u00edan convertido en verdaderos centros de rehabilitaci\u00f3n.<span class=\"Apple-converted-space\">\u00a0<\/span><\/p>\n<p class=\"p1\">En abril de 2016 un terremoto de 7.8 de magnitud escala de Richter y m\u00e1s de 200 r\u00e9plicas sobre 6 de magnitud afect\u00f3 la Costa, en especial la Provincia de Manab\u00ed. La peor tragedia en 67 a\u00f1os golpe\u00f3 al pa\u00eds. Denuncias de irregularidades econ\u00f3micas ensombrecieron la reconstrucci\u00f3n.<span class=\"Apple-converted-space\">\u00a0<\/span><\/p>\n<p class=\"p1\">El Palacio de Gobierno de Carondelet, que abri\u00f3 sus puertas en 2007 para compartir su belleza con quienes lo visitaban y exponer los obsequios que recib\u00eda el gobernante, en 2017 inaugur\u00f3 el Museo de la Presidencia. En 400 m2 sus 11 salas tem\u00e1ticas registraron 200 a\u00f1os de la historia de Ecuador y sus relaciones internacionales, retratos de 41 presidentes constitucionales, el mural del Descubrimiento del R\u00edo Amazonas pintado por Guayasam\u00edn. Bajo el concepto de que \u201ctodo lo recibido como representante de un pueblo pertenece a dicho pueblo\u201d Correa leg\u00f3 al Ecuador m\u00e1s de 11.000 regalos valorados sobre 2,5 millones de d\u00f3lares: condecoraciones, joyas, fina artesan\u00eda local, llaves de ciudades, piezas de estima simb\u00f3lica, regalos de varios pa\u00edses, todos de gran hermosura y alto valor econ\u00f3mico. Seg\u00fan su decreto de 2014 futuros gobernantes y funcionarios deb\u00edan hacer lo mismo con obsequios que costaran m\u00e1s de una canasta b\u00e1sica, 366 d\u00f3lares. Rafael Correa termin\u00f3 su mandato con 62% de aprobaci\u00f3n.<\/p>\n<p class=\"p1\">Le sucedi\u00f3 el empresario Lenin Moreno, su vicepresidente 2007-2013. Tras asumir el cargo 2017-2021 Moreno evidenci\u00f3 su envidia a su predecesor: le critic\u00f3 e intencionalmente descuid\u00f3 su obra, persigui\u00f3 a sus ex compa\u00f1eros. Ciertos medios de comunicaci\u00f3n resentidos con Correa porque en las sabatinas informativas al pa\u00eds aclaraba sus tergiversaciones, instig\u00f3 aquel comportamiento y alent\u00f3 su consigna \u201cdescorreizar hasta aniquilar a todos los corre\u00edstas\u201d. <span class=\"Apple-converted-space\">\u00a0<\/span><\/p>\n<p class=\"p1\">La Consulta Popular 2018 permiti\u00f3 que Julio C\u00e9sar Trujillo asumiera transitoriamente la presidencia del Consejo de Participaci\u00f3n Ciudadana y Control Social CPCCS. Al declararse con plenos poderes, por sobre la Constituci\u00f3n nombr\u00f3 autoridades de los m\u00e1ximos organismos del Estado y puso candado constitucional a su desinstitucionalizaci\u00f3n. De su repentina muerte el anticorre\u00edsmo culp\u00f3 a Correa y lo sigue haciendo con todo lo malo que sucede en Ecuador. Vale indicar que la Fiscal General y la gran mayor\u00eda de jueces del Trujillato contin\u00faan en funciones. <span class=\"Apple-converted-space\">\u00a0<\/span><\/p>\n<p class=\"p1\">La crisis social desencaden\u00f3 Estados de Excepci\u00f3n, protesta popular, represi\u00f3n extrema, acci\u00f3n de entidades defensoras de Derechos Humanos y del Defensor del Pueblo, quien fue apresado y sin sentencia preso tres a\u00f1os. El COVID encontr\u00f3 hospitales p\u00fablicos sin medicinas ni insumos, sofisticados aparatos destrozados, m\u00e9dicos y personal despedido. S\u00f3lo se vacun\u00f3 a gente VIP.<span class=\"Apple-converted-space\">\u00a0<\/span><\/p>\n<p class=\"p1\">En 2019 estall\u00f3 el Caso Sobornos contra Correa y 20 personas, entre ellas su ex vicepresidente Jorge Glas 2013-2017 y binomio de Moreno. La prueba, el cuaderno que una asesora del ex mandatario hab\u00eda escrito durante el vuelo de 45 minutos entre Quito y Guayaquil, donde citaba supuesto cohecho en las elecciones seccionales de 5 a\u00f1os antes; nombres de personas y empresas; sumas de dinero, fechas, horas. Fiscal\u00eda lo present\u00f3 antes de la inscripci\u00f3n de candidatos presidenciales 2021-2025. Correa iba a participar como binomio de Andr\u00e9s Ar\u00e1uz, no pudo. En 2020 se emiti\u00f3 la sentencia: 8 a\u00f1os de prisi\u00f3n por \u201cInflujo Ps\u00edquico\u201d. Juristas internacionales calificaron el dictamen como \u201clawfare\u201d guerra de bajeza jur\u00eddica. <span class=\"s1\">Hoy Rafael Correa sigue viviendo en B\u00e9lgica desde que dej\u00f3 la presidencia, como prometi\u00f3 a su esposa de nacionalidad belga. En 2022 recibi\u00f3 el asilo pol\u00edtico. Enfrenta 56 procesos de Fiscal\u00eda. Los tres pedidos de Alerta Roja dirigidos a Interpol para detenerle y extraditarle a Ecuador, han sido negados por considerarlos sin sustento delictivo sino asuntos de \u00e1mbito pol\u00edtico.<\/span><\/p>\n<p class=\"p1\">Lenin Moreno rode\u00f3 de vallas al Palacio de Carondelet; aboli\u00f3 la ceremonia de cambio de guardia del lunes; desapareci\u00f3 al Museo de la Presidencia. Crecieron narcotr\u00e1fico, inseguridad, emigraci\u00f3n. Ocurri\u00f3 la primera brutal masacre carcelaria. Moreno dej\u00f3 el cargo con 9,3% de aprobaci\u00f3n. Dos a\u00f1os despu\u00e9s Fiscal\u00eda revivir\u00eda el caso INA Papers que le involucra a \u00e9l, su esposa, una de sus tres hijas, dos hermanos, dos cu\u00f1ados y 30 personas m\u00e1s. El caso inici\u00f3 en 2019 por supuestos sobornos en el proyecto hidroel\u00e9ctrico Coca Codo Sinclair.<\/p>\n<p class=\"p1\">El banquero Guillermo Lasso fue electo presidente 2021-2025 pese a su rol en el nefasto Feriado Bancario de 1999. Tras jurar ante Contralor\u00eda no poseer dinero en para\u00edsos fiscales, precisar sus bienes, decirse due\u00f1o del Banco de Guayaquil y de una fortuna de 31 millones de d\u00f3lares, vacun\u00f3 a la poblaci\u00f3n contra el COVID en 100 d\u00edas, es su \u00fanica obra relevante. Luego de abolir la imprescindible Ley de Comunicaci\u00f3n se dedic\u00f3 a su consigna \u201cHay que neutralizar a Rafael Correa, aunque nos cueste la econom\u00eda\u201d, y lo hizo con tal eficiencia que la econom\u00eda est\u00e1 en ca\u00edda libre y la poblaci\u00f3n est\u00e1 dividida entre corre\u00edstas y anticorre\u00edstas.<span class=\"Apple-converted-space\">\u00a0<\/span><\/p>\n<p class=\"p2\"><span class=\"s2\">Al publicarse los Pandora Papers en cuya lista de depositarios en para\u00edsos fiscales estaba su nombre, los se\u00f1alamientos de perjurio no justific\u00f3, por lo que la<\/span> Comisi\u00f3n de Garant\u00edas Constitucionales de la Asamblea determin\u00f3 que deb\u00eda ser destituido. All\u00ed qued\u00f3 todo, mientras al Banco del Pac\u00edfico que recib\u00eda los pagos al Estado lo reemplaz\u00f3 con el Banco de Guayaquil.<span class=\"Apple-converted-space\">\u00a0<\/span><\/p>\n<p class=\"p3\"><span class=\"s1\">Pronto <\/span>se vio el desastre: 5 masacres carcelarias. Agudizaci\u00f3n de las crisis. Incremento de inseguridad, corrupci\u00f3n, delincuencia, narcotr\u00e1fico con posibles nexos de su cu\u00f1ado. Continuo Estado de Excepci\u00f3n. <span class=\"s1\">En mayo del 2023 la <\/span>Asamblea Nacional plante\u00f3 juicio pol\u00edtico a Lasso. Seguro de su destituci\u00f3n decret\u00f3 la Muerte Cruzada, disolvi\u00f3 la Asamblea y dio t\u00e9rmino a su mandato 6 meses despu\u00e9s con el <span class=\"s1\">13,9% de aprobaci\u00f3n y su fortuna con $21 millones m\u00e1s.<\/span><\/p>\n<p class=\"p2\">La misma fecha, 23 de noviembre del 2023, la Asamblea General posision\u00f3 a Daniel Noboa, estadounidense-ecuatoriano de 37 a\u00f1os, para completar el per\u00edodo de Lasso hasta mayo del 2025. Su sensatez y calma durante el debate presidencial atrajeron al electorado harto de divisiones, odios y de la obsesi\u00f3n enfermiza con Correa. En el cargo ha mostrado tener igual obsesi\u00f3n, ser autoritario, caprichoso, vengativo. Cada d\u00eda crea una nueva confrontaci\u00f3n.<span class=\"Apple-converted-space\">\u00a0<\/span><\/p>\n<p class=\"p2\">Ha arremetido con especial dureza contra mujeres: sendos juicios a su ex esposa. Acusaci\u00f3n de sabotaje y destituci\u00f3n a una ex ministra. Destituci\u00f3n a la rectora de un colegio por defender un \u00e1rea protegida. A una periodista que lleg\u00f3 al pa\u00eds en su adolescencia y es su cr\u00edtica le revoc\u00f3 la visa por \u201catentar contra la seguridad nacional\u201d. A su vicepresidente Ver\u00f3nica Abad, a quien presiona para que renuncie sin precisar el motivo, en diciembre del 2023 la envi\u00f3 a Israel como Embajadora de Ecuador para \u201cpacificar la zona\u201d.<span class=\"Apple-converted-space\">\u00a0<\/span><\/p>\n<p class=\"p2\">En lo internacional, Noboa ha generado conflicto con Rusia. Esc\u00e1ndalo en <span class=\"s2\">Espa\u00f1a. Repudio de la mayor\u00eda de los pa\u00edses a Ecuador por invadir<\/span> la Embajada de M\u00e9xico y apresar a su asilado, Jorge Glas. Malestar por comentarios pol\u00edticos. La semana anterior ridiculiz\u00f3 al pa\u00eds su propuesta de reunir a la OEA para tratar las elecciones de Venezuela, que no es miembro desde 2019.<span class=\"Apple-converted-space\">\u00a0<\/span><\/p>\n<p class=\"p2\">En lo interno, ha denunciado supuestos golpes de Estado. Calificado de \u201cguerra interna\u201d al accionar delincuencial que genera inseguridad y la casi permanente declaratoria de Estado de Excepci\u00f3n. Ha agudizado todas las crisis. Se importa energ\u00eda el\u00e9ctrica, combustibles. Pacientes fallecen por falta de medicinas. Se incrementa la deserci\u00f3n escolar. J\u00f3venes son captados por la delincuencia. Familias enteras emigran a sabiendas que arriesgan la vida y que es posible que durante ese viaje hacia lo incierto ni\u00f1os, ni\u00f1as y mujeres sufran abuso sexual.<\/p>\n<p class=\"p2\">En las adineradas esferas del gobierno reinan farra, moda, Tik Tok. Se cancelan contratos o se crea otros para beneficiar allegados. En los Ministerios, menos del 30% del presupuesto se ha ejecutado. Hay ineptitud, improvisaci\u00f3n, quemeimportismo. Nadie imagina siquiera las penurias de la gente, en tanto Noboa ha gastado $7,5 millones en promover su imagen.<\/p>\n<p class=\"p2\">Se dijo que para combatir la inseguridad era imperativo subir el IVA al 15% y el precio de los combustibles. Ya se hizo, y aunque desde el gobierno se proclame \u201cahorro de vidas\u201d las cifras no cuadran, peor la realidad: las masacres se dan en las calles. Avezados reos escapan. Las distintas ramas del delito avanzan por doquier. El ajuste econ\u00f3mico golpea muy duramente a la poblaci\u00f3n. El gasto disminuye, igual la demanda de bienes y servicios. El FMI que da pr\u00e9stamos, exige pagos a las deudas y el gobierno les da prioridad, se\u00f1ala que el crecimiento econ\u00f3mico de este a\u00f1o ser\u00e1 0,1%. El 21 de julio el Banco Central anunci\u00f3 que Ecuador entr\u00f3 en recesi\u00f3n.<span class=\"Apple-converted-space\">\u00a0<\/span><\/p>\n<p class=\"p2\">La Asamblea Nacional plante\u00f3 juicio pol\u00edtico a ex integrantes de la Judicatura. En julio, Wilmar Ter\u00e1n, ex juez de la Corte Nacional de Justicia encarcelado en La Roca, con documentos y chats que en su celular registran sus conversaciones con Fiscal\u00eda, asever\u00f3 que el Caso Sobornos fue fraguado, que \u00e9l sentenci\u00f3 a Rafael Correa por \u201cInflujo Ps\u00edquico\u201d, \u00a1Cu\u00e1nto me arrepiento! dijo. Adem\u00e1s de solicitar peritaje internacional a su celular, se\u00f1al\u00f3 que se \u201cinvestiga\u201d a los jueces y eso les hace emitir sentencias conforme intereses privados. Los nombrados han guardado silencio. Los medios de comunicaci\u00f3n resentidos han omitido tan importantes noticias. El Poder Judicial ha perdido prestigio al ejercer \u201cjusticia politizada y pol\u00edtica judicializada\u201d.<span class=\"Apple-converted-space\">\u00a0 \u00a0<\/span><\/p>\n<p class=\"p2\">Todo esto ha ocurrido bajo 5 Estados de Excepci\u00f3n. El s\u00e1bado 3, la Corte Constitucional llam\u00f3 la atenci\u00f3n a Noboa por no justificar la guerra interna, limitar la libertad de asociaci\u00f3n y emitir la<span class=\"Apple-converted-space\">\u00a0 <\/span>\u00faltima excepci\u00f3n usando un informe de la World Jurist Association, sin jurisdicci\u00f3n nacional.<span class=\"Apple-converted-space\">\u00a0 \u00a0<\/span><\/p>\n<p class=\"p2\">En estos a\u00f1os la injusticia ha asesinado reputaciones y causado enorme sufrimiento a las v\u00edctimas y sus familias. Los medios de comunicaci\u00f3n resentidos han fomentado las obsesiones, el odio y la divisi\u00f3n entre ecuatorianos otrora hermanos, solidarios, amorosos con la Patria.<span class=\"Apple-converted-space\">\u00a0<\/span><\/p>\n<p class=\"p2\">Ante la tragedia creada intencionalmente por miserables intereses \u00bfqu\u00e9 dir\u00e1n nuestros pr\u00f3ceres, h\u00e9roes y m\u00e1rtires que nos alcanzaron libertad y gloria? Queridos compatriotas: dejemos atr\u00e1s esta pesadilla e inspir\u00e9monos en aquel legado y en el ejemplo que hoy nos dan nuestros deportistas que participan en las Olimpiadas de Par\u00eds a pesar de no haber tenido apoyo econ\u00f3mico gubernamental. Que la medalla de oro en marcha obtenida por Andr\u00e9s Pintado con esfuerzo y determinaci\u00f3n nos llene de honor, orgullo, y nos motive a todos sin excepci\u00f3n a la reconciliaci\u00f3n sincera, para que nuestro Ecuador no se quede sin Fiesta Patria\u2026<span class=\"Apple-converted-space\">\u00a0<\/span><\/p>\n<p class=\"p4\">.<\/p>\n","protected":false},"excerpt":{"rendered":"<p>&nbsp; Por: Luc\u00eda P. de Garc\u00eda Toronto.-\u00a0 La Fecha Patria del 10 de Agosto de 1809, cuya conmemoraci\u00f3n nos enorgullece a los ecuatorianos, se aproxima.&hellip;<\/p>\n","protected":false},"author":99,"featured_media":519734,"comment_status":"open","ping_status":"open","sticky":false,"template":"","format":"standard","meta":{"footnotes":""},"categories":[81,11362,23],"tags":[],"class_list":["post-519732","post","type-post","status-publish","format-standard","has-post-thumbnail","hentry","category-columnistas","category-cronicas","category-latinoamerica"],"_links":{"self":[{"href":"https:\/\/diarioelpopular.com\/index.php\/wp-json\/wp\/v2\/posts\/519732","targetHints":{"allow":["GET"]}}],"collection":[{"href":"https:\/\/diarioelpopular.com\/index.php\/wp-json\/wp\/v2\/posts"}],"about":[{"href":"https:\/\/diarioelpopular.com\/index.php\/wp-json\/wp\/v2\/types\/post"}],"author":[{"embeddable":true,"href":"https:\/\/diarioelpopular.com\/index.php\/wp-json\/wp\/v2\/users\/99"}],"replies":[{"embeddable":true,"href":"https:\/\/diarioelpopular.com\/index.php\/wp-json\/wp\/v2\/comments?post=519732"}],"version-history":[{"count":1,"href":"https:\/\/diarioelpopular.com\/index.php\/wp-json\/wp\/v2\/posts\/519732\/revisions"}],"predecessor-version":[{"id":519735,"href":"https:\/\/diarioelpopular.com\/index.php\/wp-json\/wp\/v2\/posts\/519732\/revisions\/519735"}],"wp:featuredmedia":[{"embeddable":true,"href":"https:\/\/diarioelpopular.com\/index.php\/wp-json\/wp\/v2\/media\/519734"}],"wp:attachment":[{"href":"https:\/\/diarioelpopular.com\/index.php\/wp-json\/wp\/v2\/media?parent=519732"}],"wp:term":[{"taxonomy":"category","embeddable":true,"href":"https:\/\/diarioelpopular.com\/index.php\/wp-json\/wp\/v2\/categories?post=519732"},{"taxonomy":"post_tag","embeddable":true,"href":"https:\/\/diarioelpopular.com\/index.php\/wp-json\/wp\/v2\/tags?post=519732"}],"curies":[{"name":"wp","href":"https:\/\/api.w.org\/{rel}","templated":true}]}}