{"id":519749,"date":"2024-08-06T11:09:40","date_gmt":"2024-08-06T15:09:40","guid":{"rendered":"https:\/\/diarioelpopular.com\/?p=519749"},"modified":"2024-08-06T11:09:40","modified_gmt":"2024-08-06T15:09:40","slug":"uno-de-los-rios-mas-contaminados-del-ecuador-gana-un-juicio-y-es-declarado-sujeto-de-derechos","status":"publish","type":"post","link":"https:\/\/diarioelpopular.com\/index.php\/2024\/08\/06\/uno-de-los-rios-mas-contaminados-del-ecuador-gana-un-juicio-y-es-declarado-sujeto-de-derechos\/","title":{"rendered":"Uno de los r\u00edos m\u00e1s contaminados del Ecuador gana un juicio y es declarado sujeto de derechos"},"content":{"rendered":"<p><img loading=\"lazy\" decoding=\"async\" class=\"alignnone size-custom-big-size wp-image-519750\" src=\"https:\/\/diarioelpopular.com\/wp-content\/uploads\/2024\/08\/Screen-Shot-2024-08-06-at-11.08.56-AM-1200x803.png\" alt=\"\" width=\"1200\" height=\"803\" srcset=\"https:\/\/diarioelpopular.com\/wp-content\/uploads\/2024\/08\/Screen-Shot-2024-08-06-at-11.08.56-AM-1200x803.png 1200w, https:\/\/diarioelpopular.com\/wp-content\/uploads\/2024\/08\/Screen-Shot-2024-08-06-at-11.08.56-AM-300x201.png 300w, https:\/\/diarioelpopular.com\/wp-content\/uploads\/2024\/08\/Screen-Shot-2024-08-06-at-11.08.56-AM-768x514.png 768w, https:\/\/diarioelpopular.com\/wp-content\/uploads\/2024\/08\/Screen-Shot-2024-08-06-at-11.08.56-AM-636x426.png 636w, https:\/\/diarioelpopular.com\/wp-content\/uploads\/2024\/08\/Screen-Shot-2024-08-06-at-11.08.56-AM-80x55.png 80w, https:\/\/diarioelpopular.com\/wp-content\/uploads\/2024\/08\/Screen-Shot-2024-08-06-at-11.08.56-AM-109x73.png 109w, https:\/\/diarioelpopular.com\/wp-content\/uploads\/2024\/08\/Screen-Shot-2024-08-06-at-11.08.56-AM.png 1024w\" sizes=\"auto, (max-width: 1200px) 100vw, 1200px\" \/><\/p>\n<h5><em>El r\u00edo Mach\u00e1ngara, en Quito (Ecuador) el pasado 31 de julio.<\/em><\/h5>\n<h5><em><span class=\"a_m_m\">KAREN TORO<\/span><\/em><\/h5>\n<h5><\/h5>\n<h5><\/h5>\n<h4 class=\"a_st\"><em>&#8211; El r\u00edo Mach\u00e1ngara atraviesa 22 kil\u00f3metros de la capital ecuatoriana y lleva consigo desechos humanos e industriales de los poco m\u00e1s de dos millones de habitantes. Sus aguas est\u00e1n tan contaminadas como las del alcantarillado de Par\u00eds, seg\u00fan un estudio<\/em><\/h4>\n<p>&nbsp;<\/p>\n<p class=\"\">\u201cMach\u00e1ngara de menta: eres mi r\u00edo\u201d, dice la primera l\u00ednea de la demanda de acci\u00f3n de protecci\u00f3n del r\u00edo, uno de los m\u00e1s contaminados del Ecuador y que atraviesa 22 kil\u00f3metros de Quito, la capital ecuatoriana. El poema del ecuatoriano Jorge Carrera Andrade fue escrito hace m\u00e1s de 90 a\u00f1os, cuando este afluente formaba parte de la vida de sus habitantes. Con el paso del tiempo, el desarrollo de la ciudad y un sistema de alcantarillado que arroja sus desechos al agua provoc\u00f3 que las personas vivan de espaldas a \u00e9l. De la postal del Mach\u00e1ngara de menta, cristalino y en el que era posible ba\u00f1arse, no queda nada. Ahora son\u00a0<a href=\"https:\/\/elpais.com\/america-futura\/2024-07-22\/el-cecot-la-megacarcel-de-bukele-tira-sus-aguas-negras-sobre-tres-comunidades-empobrecidas.html\" data-link-track-dtm=\"\" data-mrf-link=\"https:\/\/elpais.com\/america-futura\/2024-07-22\/el-cecot-la-megacarcel-de-bukele-tira-sus-aguas-negras-sobre-tres-comunidades-empobrecidas.html\">aguas negras: contaminadas por basura pl\u00e1tica<\/a>,\u00a0<a href=\"https:\/\/elpais.com\/america-colombia\/2024-04-19\/otros-40000-millones-de-pesos-perdidos.html\" data-link-track-dtm=\"\" data-mrf-link=\"https:\/\/elpais.com\/america-colombia\/2024-04-19\/otros-40000-millones-de-pesos-perdidos.html\">aguas residuales<\/a>\u00a0y todo tipo de descargas industriales. Pero el deseo de rescatar aquel r\u00edo reuni\u00f3 a abogados, cient\u00edficos, y ciudadanos para buscar soluciones y plantear una demanda que convierta al r\u00edo en sujeto de derechos.<\/p>\n<p class=\"\">Todo comenz\u00f3 con una reuni\u00f3n, la idea de descontaminar el ecosistema del r\u00edo y grupo de WhatsApp. Poco a poco, miembros de diferentes sectores de la sociedad civil se unieron al chat. El grupo\u00a0<i>Por el Mach\u00e1ngara<\/i>\u00a0creci\u00f3 hasta agrupar a 50 expertos que han trabajado por el r\u00edo. \u201cHab\u00eda una conjunci\u00f3n incre\u00edble de gente que ven\u00eda desde la cartograf\u00eda, la hidrolog\u00eda, la infectolog\u00eda, la cultura y, de pronto, est\u00e1bamos todos ah\u00ed\u201d, cuenta Ramiro \u00c1vila Santamar\u00eda, uno de los abogados del caso.<\/p>\n<p class=\"\">Dentro de este proceso de participaci\u00f3n ciudadana colabor\u00f3 Marta Echavarria, fundadora de Mujeres por el Agua, organizaci\u00f3n que re\u00fane a mujeres dedicadas a la investigaci\u00f3n del agua en el Ecuador. Desde hace cuatro a\u00f1os, Echavarria ha visibilizado el estado de los r\u00edos a trav\u00e9s de caminatas. Una de esas visitas fue al Mach\u00e1ngara. \u201cMuchas personas no sab\u00edan ni qu\u00e9 r\u00edo era, cuando es una de las arterias principales de la historia de Quito\u201d, comenta. \u201cVemos c\u00f3mo el desarrollo urbano ha convertido a los r\u00edos en basureros y la ausencia de gesti\u00f3n pol\u00edtica para tratar esas aguas y\u00a0<a href=\"https:\/\/elpais.com\/america-futura\/2024-07-02\/america-latina-lidera-la-agenda-ambiental-en-un-mundo-en-crisis.html\" data-link-track-dtm=\"\" data-mrf-link=\"https:\/\/elpais.com\/america-futura\/2024-07-02\/america-latina-lidera-la-agenda-ambiental-en-un-mundo-en-crisis.html\">lograr un desarrollo sostenible<\/a>\u201d.<\/p>\n<p>&nbsp;<\/p>\n<h5 class=\"a_m a_m-h \"><span class=\"_db a_m_w _pr lb_btn\"><img loading=\"lazy\" decoding=\"async\" class=\"_re lazyload a_m-h\" src=\"https:\/\/imagenes.elpais.com\/resizer\/v2\/3SJ5HDAQZJDCRBOUNU4Y75XCSY.jpg?auth=30978d521891988fd7ebcdab16978d75480075a2f61dbf197ce3f5666610b9ca&amp;width=414\" sizes=\"auto, (min-width:1199px) 1155px,(min-width:1001px) calc(100vw - 44px),(min-width:768px) 767px, 100vw\" srcset=\"https:\/\/imagenes.elpais.com\/resizer\/v2\/3SJ5HDAQZJDCRBOUNU4Y75XCSY.jpg?auth=30978d521891988fd7ebcdab16978d75480075a2f61dbf197ce3f5666610b9ca&amp;width=414 414w,https:\/\/imagenes.elpais.com\/resizer\/v2\/3SJ5HDAQZJDCRBOUNU4Y75XCSY.jpg?auth=30978d521891988fd7ebcdab16978d75480075a2f61dbf197ce3f5666610b9ca&amp;width=828 640w,https:\/\/imagenes.elpais.com\/resizer\/v2\/3SJ5HDAQZJDCRBOUNU4Y75XCSY.jpg?auth=30978d521891988fd7ebcdab16978d75480075a2f61dbf197ce3f5666610b9ca&amp;width=980 1000w,https:\/\/imagenes.elpais.com\/resizer\/v2\/3SJ5HDAQZJDCRBOUNU4Y75XCSY.jpg?auth=30978d521891988fd7ebcdab16978d75480075a2f61dbf197ce3f5666610b9ca&amp;width=1960 1960w\" alt=\"Aguas residuales que bajan del barrio El Bat\u00e1n, desembocan en el r\u00edo Mach\u00e1ngara. \" width=\"414\" height=\"277\" \/><\/span><em>Aguas residuales que bajan del barrio El Bat\u00e1n, <\/em><br \/>\n<em>desembocan en el r\u00edo Mach\u00e1ngara.<\/em><br \/>\n<em><span class=\"a_m_m\">KAREN TORO<\/span><\/em><\/h5>\n<p>&nbsp;<\/p>\n<p>&nbsp;<\/p>\n<p class=\"\">Ramiro \u00c1vila y m\u00e1s de una decena de colectivos de la sociedad civil trabajaron durante un a\u00f1o y medio en la construcci\u00f3n de la acci\u00f3n de protecci\u00f3n a favor del r\u00edo Mach\u00e1ngara. Las reuniones eran peri\u00f3dicas, por Zoom. En cada encuentro, un experto hablaba sobre el r\u00edo: \u201cEscuchaba los discursos y luego ped\u00eda que hagan un documento. As\u00ed, notaric\u00e9 las opciones de la gente para usarlo como evidencia en el juicio\u201d, relata \u00c1vila. Con toda la informaci\u00f3n, un equipo de cient\u00edficos de la Universidad de las Am\u00e9ricas realiz\u00f3 la prueba final, un an\u00e1lisis del agua del r\u00edo. Era el \u00faltimo eslab\u00f3n para demostrar lo que todos sab\u00edan: la situaci\u00f3n del r\u00edo era cr\u00edtica.<\/p>\n<h3 class=\"\"><b>El agua de una alcantarilla<\/b><\/h3>\n<p class=\"\">Las aguas del r\u00edo Mach\u00e1ngara est\u00e1n tan contaminadas como las del\u00a0<a href=\"https:\/\/elpais.com\/deportes\/juegos-olimpicos\/2024-07-30\/el-triatlon-olimpico-masculino-se-pospone-un-dia-por-la-mala-calidad-del-agua-en-el-sena.html\" target=\"_blank\" rel=\"noopener\" data-link-track-dtm=\"\" data-mrf-link=\"https:\/\/elpais.com\/deportes\/juegos-olimpicos\/2024-07-30\/el-triatlon-olimpico-masculino-se-pospone-un-dia-por-la-mala-calidad-del-agua-en-el-sena.html\">alcantarillado de Par\u00eds<\/a>. Esos fueron los resultados que arroj\u00f3 el an\u00e1lisis, dice Blanca R\u00edos-Touma, investigadora de la Udla y una de las cient\u00edficas que realiz\u00f3 el an\u00e1lisis para el juicio. La ec\u00f3loga, junto con un grupo de estudiantes de Ingenier\u00eda Ambiental, tomaron muestras del r\u00edo Mach\u00e1ngara y encontraron en solo un\u202fmililitro de agua m\u00e1s de 200 colonias fecales, bacterias que se encuentran en los intestinos de los animales y humanos.<\/p>\n<p class=\"\">Todas aquellas aguas negras desembocan en el r\u00edo. La \u00fanica\u00a0<a href=\"https:\/\/elpais.com\/internacional\/2015\/05\/13\/actualidad\/1431542093_232345.html\" data-link-track-dtm=\"\" data-mrf-link=\"https:\/\/elpais.com\/internacional\/2015\/05\/13\/actualidad\/1431542093_232345.html\">planta de tratamiento de aguas residuales<\/a>\u00a0existente apenas procesa el 2% del agua de la ciudad, explica la experta que ha estudiado el Mach\u00e1ngara por m\u00e1s de 20 a\u00f1os. Regresar al r\u00edo es encontrarse con una superficie de espuma blanca: son los tensoactivos \u2014compuestos que se encuentra en detergentes, jabones y desengrasantes\u2014 que infectan el r\u00edo. \u201cLa\u00a0<a href=\"https:\/\/elpais.com\/america\/termometro-social\/2023-04-26\/involucrarse-mas-como-resguardar-los-recursos-hidricos-de-america-latina.html\" data-link-track-dtm=\"\" data-mrf-link=\"https:\/\/elpais.com\/america\/termometro-social\/2023-04-26\/involucrarse-mas-como-resguardar-los-recursos-hidricos-de-america-latina.html\">situaci\u00f3n no ha mejorado<\/a>. Nos hemos cargado el r\u00edo\u201d.<\/p>\n<p>&nbsp;<\/p>\n<h5 class=\"a_m a_m-h \"><span class=\"_db a_m_w _pr lb_btn\"><img loading=\"lazy\" decoding=\"async\" class=\"_re lazyload a_m-h\" src=\"https:\/\/imagenes.elpais.com\/resizer\/v2\/SQEIQGWU7FA3RFSWDVQNBIUJJY.jpg?auth=0a5dcc2b90bb0f5c9e9d586433288afd3c868df5d271da37e0690b9e6719d641&amp;width=414\" sizes=\"auto, (min-width:1199px) 1155px,(min-width:1001px) calc(100vw - 44px),(min-width:768px) 767px, 100vw\" srcset=\"https:\/\/imagenes.elpais.com\/resizer\/v2\/SQEIQGWU7FA3RFSWDVQNBIUJJY.jpg?auth=0a5dcc2b90bb0f5c9e9d586433288afd3c868df5d271da37e0690b9e6719d641&amp;width=414 414w,https:\/\/imagenes.elpais.com\/resizer\/v2\/SQEIQGWU7FA3RFSWDVQNBIUJJY.jpg?auth=0a5dcc2b90bb0f5c9e9d586433288afd3c868df5d271da37e0690b9e6719d641&amp;width=828 640w,https:\/\/imagenes.elpais.com\/resizer\/v2\/SQEIQGWU7FA3RFSWDVQNBIUJJY.jpg?auth=0a5dcc2b90bb0f5c9e9d586433288afd3c868df5d271da37e0690b9e6719d641&amp;width=980 1000w,https:\/\/imagenes.elpais.com\/resizer\/v2\/SQEIQGWU7FA3RFSWDVQNBIUJJY.jpg?auth=0a5dcc2b90bb0f5c9e9d586433288afd3c868df5d271da37e0690b9e6719d641&amp;width=1960 1960w\" alt=\"Blanca R\u00edos, ec\u00f3loga e investigadora de la UDLA, toma muestras del r\u00edo.\" width=\"414\" height=\"277\" \/><\/span><em>Blanca R\u00edos, ec\u00f3loga e investigadora de la UDLA,<br \/>\ntoma muestras del r\u00edo.<br \/>\n<span class=\"a_m_m\">KAREN TORO<\/span><\/em><\/h5>\n<p>&nbsp;<\/p>\n<p>&nbsp;<\/p>\n<p class=\"\">Las aguas del Mach\u00e1ngara pr\u00e1cticamente no tienen vida. \u201cSolo quedan organismos descomponedores como hongos o bacterias\u201d, tolerantes a una contaminaci\u00f3n severa, subraya R\u00edos-Touma. El ox\u00edgeno de sus aguas es uno de los problemas m\u00e1s preocupantes: est\u00e1 por debajo del 80%, l\u00edmite permitido para la preservaci\u00f3n de la vida acu\u00e1tica. Incluso hay zonas, cuenta la cient\u00edfica, en las que han encontrado apenas un 2% de ox\u00edgeno. Lo que ha provocado que todos los organismos y animales que dependen del ox\u00edgeno, como peces, algas e insectos, mueran.<\/p>\n<p class=\"\">\u201cEn un r\u00edo limpio puedes encontrar entre 60 grupos de insectos acu\u00e1ticos\u201d, indicadores naturales del estado de buen estado del agua y uno de los grupos m\u00e1s sensibles a los cambios ambientales, apunta R\u00edos-Touma. \u201cEn el\u00a0<a href=\"https:\/\/link.springer.com\/article\/10.1007\/s11252-022-01248-1\" data-link-track-dtm=\"\" data-mrf-link=\"https:\/\/link.springer.com\/article\/10.1007\/s11252-022-01248-1\">Mach\u00e1ngara se ha perdido un 85% de la diversidad<\/a>\u00a0de estas especies\u201d.<\/p>\n<h3 class=\"\"><b>El r\u00edo asiste a la audiencia<\/b><\/h3>\n<p class=\"\">\u201cEn la demanda del r\u00edo Mach\u00e1ngara hay historia, cultura y ciencia\u201d, admite convencido \u00c1vila. La acci\u00f3n de protecci\u00f3n vio la luz el 28 de mayo de 2024. All\u00ed llevaron dos frascos: uno con agua del r\u00edo y un papel en el que estaba escrito \u201cMach\u00e1ngara\u201d, y el otro de agua con menta. Fue un \u201cacto simb\u00f3lico llevar al r\u00edo a la audiencia\u201d. Los jueces vieron el agua turbia, que todos conocen y, a su vez, el olor del agua de lo que alguna vez fue el r\u00edo.<\/p>\n<p class=\"\">\u201cEl Mach\u00e1ngara compareci\u00f3 por s\u00ed mismo. Es sujeto de derechos y cualquier persona puede actuar a nombre de los r\u00edos\u201d, resalta \u00c1vila. Mar\u00eda Elena Rodr\u00edguez, parte del\u00a0<a href=\"https:\/\/x.com\/cabildocivico?lang=es\" data-link-track-dtm=\"\" data-mrf-link=\"https:\/\/x.com\/cabildocivico?lang=es\">Cabildo C\u00edvico de Quito<\/a>, fue una de las representantes del r\u00edo en la demanda. La Constituci\u00f3n del Ecuador permite que cualquier persona represente a la naturaleza \u2014animales, plantas, r\u00edos, ecosistemas enteros\u2014 cuando vea que sus derechos est\u00e1n siendo vulnerados. Incluso, el art\u00edculo 71 de la Constituci\u00f3n establece que \u201cla naturaleza o Pacha Mama, donde se reproduce y realiza la vida, tiene derecho a que se respete integralmente su existencia y el mantenimiento y regeneracio\u0301n de sus ciclos vitales, estructura, funciones y procesos evolutivos\u201d. Aunque, en la pr\u00e1ctica, es algo que no sucede.<\/p>\n<p>&nbsp;<\/p>\n<h5 class=\"a_m a_m-h \"><span class=\"_db a_m_w _pr lb_btn\"><img loading=\"lazy\" decoding=\"async\" class=\"_re lazyload a_m-h\" src=\"https:\/\/imagenes.elpais.com\/resizer\/v2\/GS6E4VC3XVFHBJKBOPAG3CVDXM.jpg?auth=a6488aef4216edf0d1c7a596824d6ee4a4165d633a8c2ca0b109eb1b791c839c&amp;width=414\" sizes=\"auto, (min-width:1199px) 1155px,(min-width:1001px) calc(100vw - 44px),(min-width:768px) 767px, 100vw\" srcset=\"https:\/\/imagenes.elpais.com\/resizer\/v2\/GS6E4VC3XVFHBJKBOPAG3CVDXM.jpg?auth=a6488aef4216edf0d1c7a596824d6ee4a4165d633a8c2ca0b109eb1b791c839c&amp;width=414 414w,https:\/\/imagenes.elpais.com\/resizer\/v2\/GS6E4VC3XVFHBJKBOPAG3CVDXM.jpg?auth=a6488aef4216edf0d1c7a596824d6ee4a4165d633a8c2ca0b109eb1b791c839c&amp;width=828 640w,https:\/\/imagenes.elpais.com\/resizer\/v2\/GS6E4VC3XVFHBJKBOPAG3CVDXM.jpg?auth=a6488aef4216edf0d1c7a596824d6ee4a4165d633a8c2ca0b109eb1b791c839c&amp;width=980 1000w,https:\/\/imagenes.elpais.com\/resizer\/v2\/GS6E4VC3XVFHBJKBOPAG3CVDXM.jpg?auth=a6488aef4216edf0d1c7a596824d6ee4a4165d633a8c2ca0b109eb1b791c839c&amp;width=1960 1960w\" alt=\"Un colibr\u00ed revolotea entre la vegetaci\u00f3n de las orillas del r\u00edo.\" width=\"414\" height=\"277\" \/><\/span><em>Un colibr\u00ed revolotea entre la vegetaci\u00f3n de las orillas del r\u00edo.<br \/>\n<span class=\"a_m_m\">KAREN TORO<\/span><\/em><\/h5>\n<p>&nbsp;<\/p>\n<p>&nbsp;<\/p>\n<p class=\"\">Rodr\u00edguez cuenta que su pedido fue claro, una restituci\u00f3n \u201cintegral\u201d del r\u00edo: \u201cHay muchos derechos fundamentales que han sido afectados, como los derechos a la naturaleza y el derecho a la ciudad, a apropiarnos y disfrutar del espacio verde\u201d. Un cuerpo de agua degradado, que cruza el sur, norte y el hipercentro, es un actor clave, que impacta la calidad de vida y hasta puede ocasionar el desarrollo de enfermedades para sus habitantes.<\/p>\n<p class=\"\">Para \u00c1vila, la\u00a0<a href=\"https:\/\/elpais.com\/america-futura\/2024-03-22\/el-modelo-de-conservacion-del-agua-que-america-latina-ha-exportado-a-europa.html\" data-link-track-dtm=\"\" data-mrf-link=\"https:\/\/elpais.com\/america-futura\/2024-03-22\/el-modelo-de-conservacion-del-agua-que-america-latina-ha-exportado-a-europa.html\">construcci\u00f3n de las reparaciones del r\u00edo<\/a>\u00a0fue uno de los puntos mejor logrados porque incluye un enfoque ambiental y social. Lo principal fue reconocer al Mach\u00e1ngara como sujeto de derechos, \u201csignifica darle un valor distinto, algo que es objeto, le dices que es sujeto, algo que no tiene valor, de pronto, tiene derechos\u201d. Lo siguiente fue declararlo como eje estrat\u00e9gico para la regeneraci\u00f3n social y ambiental: si se limpia el r\u00edo, se reactiva la vida de la ciudad. Adem\u00e1s de implementar plantas de tratamiento de aguas residuales con\u00a0<a href=\"https:\/\/elpais.com\/america-futura\/2024-01-24\/el-papel-clave-del-sector-privado-para-potenciar-las-soluciones-basadas-en-la-naturaleza.html\" data-link-track-dtm=\"\" data-mrf-link=\"https:\/\/elpais.com\/america-futura\/2024-01-24\/el-papel-clave-del-sector-privado-para-potenciar-las-soluciones-basadas-en-la-naturaleza.html\">tecnolog\u00edas basadas en la naturaleza<\/a>. \u201cLo interesante era plantear soluciones diferentes a las que ha hecho el Municipio de Quito y que no han funcionado. Ese es el aporte que tiene la demanda\u201d, zanja \u00c1vila.<\/p>\n<p class=\"\">Movimientos sociales argumentaron la violaci\u00f3n de derechos del Mach\u00e1ngara y todas las 54 quebradas y riachuelos, que llegan al r\u00edo durante su trayecto. Sin contar los otros afluentes en los que desemboca el Mach\u00e1ngara y que est\u00e1n contaminados por sus aguas. Como el San Pedro, de Quito, que recibe\u00a0<a href=\"https:\/\/elpais.com\/america-futura\/2024-05-25\/limpiar-los-rios-de-ecuador-para-salvar-a-las-islas-galapagos-del-monstruo-de-la-basura-plastica.html\" data-link-track-dtm=\"\" data-mrf-link=\"https:\/\/elpais.com\/america-futura\/2024-05-25\/limpiar-los-rios-de-ecuador-para-salvar-a-las-islas-galapagos-del-monstruo-de-la-basura-plastica.html\">parte de la basura pl\u00e1stica<\/a>, aguas servidas y desechos de la ciudad.<\/p>\n<p>&nbsp;<\/p>\n<h5 class=\"a_m a_m-h \"><span class=\"_db a_m_w _pr lb_btn\"><img loading=\"lazy\" decoding=\"async\" class=\"_re lazyload a_m-h\" src=\"https:\/\/imagenes.elpais.com\/resizer\/v2\/O2OQUJRC75HS7ASNXBEJGZCCUI.jpg?auth=272949fc084d4c81740788699a4793be63c45404fbfe5af85347b3699291730b&amp;width=414\" sizes=\"auto, (min-width:1199px) 1155px,(min-width:1001px) calc(100vw - 44px),(min-width:768px) 767px, 100vw\" srcset=\"https:\/\/imagenes.elpais.com\/resizer\/v2\/O2OQUJRC75HS7ASNXBEJGZCCUI.jpg?auth=272949fc084d4c81740788699a4793be63c45404fbfe5af85347b3699291730b&amp;width=414 414w,https:\/\/imagenes.elpais.com\/resizer\/v2\/O2OQUJRC75HS7ASNXBEJGZCCUI.jpg?auth=272949fc084d4c81740788699a4793be63c45404fbfe5af85347b3699291730b&amp;width=828 640w,https:\/\/imagenes.elpais.com\/resizer\/v2\/O2OQUJRC75HS7ASNXBEJGZCCUI.jpg?auth=272949fc084d4c81740788699a4793be63c45404fbfe5af85347b3699291730b&amp;width=980 1000w,https:\/\/imagenes.elpais.com\/resizer\/v2\/O2OQUJRC75HS7ASNXBEJGZCCUI.jpg?auth=272949fc084d4c81740788699a4793be63c45404fbfe5af85347b3699291730b&amp;width=1960 1960w\" alt=\"El Mach\u00e1ngara atraviesa 22 kil\u00f3metros de Quito y es uno de los r\u00edos m\u00e1s contaminados del pa\u00eds.\" width=\"414\" height=\"277\" \/><\/span><em>El Mach\u00e1ngara atraviesa 22 kil\u00f3metros de Quito y es uno de<br \/>\nlos r\u00edos m\u00e1s contaminados del pa\u00eds.<br \/>\n<span class=\"a_m_m\">KAREN TORO<\/span><\/em><\/h5>\n<p>&nbsp;<\/p>\n<p>&nbsp;<\/p>\n<p class=\"\">Las v\u00edctimas indirectas son los m\u00e1s de dos millones de habitantes de ciudad andina y todas las comunidades que reciben sus aguas contaminadas r\u00edo abajo, adema\u0301s de \u201cla flora y la fauna que habitaba en el ri\u0301o Macha\u0301ngara, asi\u0301 como todos los organismos que quedan y han podido sobrevivir en este ambiente\u201d.<\/p>\n<p class=\"\">Pese a que el r\u00edo Mach\u00e1ngara gan\u00f3 la demanda, el Municipio de Quito apel\u00f3 el fallo judicial. Su justificaci\u00f3n fue no estar de acuerdo con los mecanismos de descontaminaci\u00f3n. Pero los colectivos ciudadanos y movimientos sociales est\u00e1n dispuestos a recuperar el r\u00edo y volver a ver un Mach\u00e1ngara limpio. Esperan el cumplimiento inmediato de la sentencia. La ec\u00f3loga Blanca R\u00edos-Touma a\u00f1ade que la reparaci\u00f3n es un proceso sostenido, en el que la recuperaci\u00f3n de este afluente no debe depender de voluntades pol\u00edticas.<\/p>\n<p class=\"\">Que el r\u00edo haya sido declarado como sujeto derechos es un \u00e9xito: \u201cUna victoria que la tomamos como nuestra porque es empoderarnos y decir que como ciudadanos podemos provocar un cambio\u201d, sostiene Echavarria.<\/p>\n<p>&nbsp;<\/p>\n<h5 class=\"a_m a_m-h \"><span class=\"_db a_m_w _pr lb_btn\"><img loading=\"lazy\" decoding=\"async\" class=\"_re lazyload a_m-h\" src=\"https:\/\/imagenes.elpais.com\/resizer\/v2\/A3YSWVFQW5BWLF43VC2RXOHRQA.jpg?auth=97498aeb349635d1382af8ff1b4b83668649136d23fbad7c13b6ea2855f85d72&amp;width=414\" sizes=\"auto, (min-width:1199px) 1155px,(min-width:1001px) calc(100vw - 44px),(min-width:768px) 767px, 100vw\" srcset=\"https:\/\/imagenes.elpais.com\/resizer\/v2\/A3YSWVFQW5BWLF43VC2RXOHRQA.jpg?auth=97498aeb349635d1382af8ff1b4b83668649136d23fbad7c13b6ea2855f85d72&amp;width=414 414w,https:\/\/imagenes.elpais.com\/resizer\/v2\/A3YSWVFQW5BWLF43VC2RXOHRQA.jpg?auth=97498aeb349635d1382af8ff1b4b83668649136d23fbad7c13b6ea2855f85d72&amp;width=828 640w,https:\/\/imagenes.elpais.com\/resizer\/v2\/A3YSWVFQW5BWLF43VC2RXOHRQA.jpg?auth=97498aeb349635d1382af8ff1b4b83668649136d23fbad7c13b6ea2855f85d72&amp;width=980 1000w,https:\/\/imagenes.elpais.com\/resizer\/v2\/A3YSWVFQW5BWLF43VC2RXOHRQA.jpg?auth=97498aeb349635d1382af8ff1b4b83668649136d23fbad7c13b6ea2855f85d72&amp;width=1960 1960w\" alt=\"Una de las f\u00e1bricas que operan cerca del r\u00edo Mach\u00e1ngara y cuyos residuos industriales se vierten directamente al r\u00edo. \" width=\"414\" height=\"277\" \/><\/span><em>Una de las f\u00e1bricas que operan cerca del r\u00edo Mach\u00e1ngara<br \/>\ny cuyos residuos industriales se vierten directamente al r\u00edo.<br \/>\n<span class=\"a_m_m\">KAREN TORO<\/span><\/em><\/h5>\n","protected":false},"excerpt":{"rendered":"<p>El r\u00edo Mach\u00e1ngara, en Quito (Ecuador) el pasado 31 de julio. KAREN TORO &#8211; El r\u00edo Mach\u00e1ngara atraviesa 22 kil\u00f3metros de la capital ecuatoriana y&hellip;<\/p>\n","protected":false},"author":99,"featured_media":519750,"comment_status":"open","ping_status":"open","sticky":false,"template":"","format":"standard","meta":{"footnotes":""},"categories":[23],"tags":[],"class_list":["post-519749","post","type-post","status-publish","format-standard","has-post-thumbnail","hentry","category-latinoamerica"],"_links":{"self":[{"href":"https:\/\/diarioelpopular.com\/index.php\/wp-json\/wp\/v2\/posts\/519749","targetHints":{"allow":["GET"]}}],"collection":[{"href":"https:\/\/diarioelpopular.com\/index.php\/wp-json\/wp\/v2\/posts"}],"about":[{"href":"https:\/\/diarioelpopular.com\/index.php\/wp-json\/wp\/v2\/types\/post"}],"author":[{"embeddable":true,"href":"https:\/\/diarioelpopular.com\/index.php\/wp-json\/wp\/v2\/users\/99"}],"replies":[{"embeddable":true,"href":"https:\/\/diarioelpopular.com\/index.php\/wp-json\/wp\/v2\/comments?post=519749"}],"version-history":[{"count":1,"href":"https:\/\/diarioelpopular.com\/index.php\/wp-json\/wp\/v2\/posts\/519749\/revisions"}],"predecessor-version":[{"id":519751,"href":"https:\/\/diarioelpopular.com\/index.php\/wp-json\/wp\/v2\/posts\/519749\/revisions\/519751"}],"wp:featuredmedia":[{"embeddable":true,"href":"https:\/\/diarioelpopular.com\/index.php\/wp-json\/wp\/v2\/media\/519750"}],"wp:attachment":[{"href":"https:\/\/diarioelpopular.com\/index.php\/wp-json\/wp\/v2\/media?parent=519749"}],"wp:term":[{"taxonomy":"category","embeddable":true,"href":"https:\/\/diarioelpopular.com\/index.php\/wp-json\/wp\/v2\/categories?post=519749"},{"taxonomy":"post_tag","embeddable":true,"href":"https:\/\/diarioelpopular.com\/index.php\/wp-json\/wp\/v2\/tags?post=519749"}],"curies":[{"name":"wp","href":"https:\/\/api.w.org\/{rel}","templated":true}]}}