{"id":519753,"date":"2024-08-07T09:13:13","date_gmt":"2024-08-07T13:13:13","guid":{"rendered":"https:\/\/diarioelpopular.com\/?p=519753"},"modified":"2024-08-07T09:13:13","modified_gmt":"2024-08-07T13:13:13","slug":"introducen-cambios-para-reducir-el-uso-de-trabajadores-temporales-en-canada","status":"publish","type":"post","link":"https:\/\/diarioelpopular.com\/index.php\/2024\/08\/07\/introducen-cambios-para-reducir-el-uso-de-trabajadores-temporales-en-canada\/","title":{"rendered":"Introducen cambios para reducir el uso de trabajadores temporales en Canad\u00e1"},"content":{"rendered":"<p><img loading=\"lazy\" decoding=\"async\" class=\"alignnone size-custom-full-size wp-image-519754\" src=\"https:\/\/diarioelpopular.com\/wp-content\/uploads\/2024\/08\/Screen-Shot-2024-08-07-at-9.12.34-AM-636x397.png\" alt=\"\" width=\"636\" height=\"397\" srcset=\"https:\/\/diarioelpopular.com\/wp-content\/uploads\/2024\/08\/Screen-Shot-2024-08-07-at-9.12.34-AM-636x397.png 636w, https:\/\/diarioelpopular.com\/wp-content\/uploads\/2024\/08\/Screen-Shot-2024-08-07-at-9.12.34-AM-300x187.png 300w, https:\/\/diarioelpopular.com\/wp-content\/uploads\/2024\/08\/Screen-Shot-2024-08-07-at-9.12.34-AM-768x480.png 768w, https:\/\/diarioelpopular.com\/wp-content\/uploads\/2024\/08\/Screen-Shot-2024-08-07-at-9.12.34-AM-117x73.png 117w, https:\/\/diarioelpopular.com\/wp-content\/uploads\/2024\/08\/Screen-Shot-2024-08-07-at-9.12.34-AM.png 858w\" sizes=\"auto, (max-width: 636px) 100vw, 636px\" \/><\/p>\n<p>&nbsp;<\/p>\n<p><em><strong>&#8211; El gobierno federal ha informado que introducir\u00e1 nuevas medidas para abordar los problemas actuales con el Programa de Trabajadores Extranjeros Temporales (TFW) de Canad\u00e1<\/strong><\/em><\/p>\n<p>&nbsp;<\/p>\n<p><em><strong>OTTAWA.-<\/strong> <\/em>En un anuncio el martes, el Ministro de Empleo, Randy Boissonnault, dijo que se reuni\u00f3 con representantes de las asociaciones empresariales m\u00e1s grandes del pa\u00eds y anunci\u00f3 cambios para reducir el uso de trabajadores extranjeros temporales en Canad\u00e1.<\/p>\n<p>Los cambios incluyen hacer cumplir consistentemente la aplicaci\u00f3n de la pol\u00edtica de l\u00edmite del 20 por ciento para los trabajadores, que tambi\u00e9n involucra a aquellos que buscan solicitar la residencia permanente a trav\u00e9s de la &#8220;subcorriente de doble intenci\u00f3n&#8221;.<\/p>\n<p>Los empleadores que utilicen esa corriente estar\u00e1n sujetos a directrices &#8220;duras&#8221;, a\u00f1adi\u00f3 Boissonnault, en un comunicado. Esto incluir\u00e1 una supervisi\u00f3n &#8220;m\u00e1s estricta y rigurosa&#8221; para las \u00e1reas de alto riesgo al procesar el Impacto del Mercado Laboral (LMIA) y la consideraci\u00f3n de un aumento de tarifas de la LMIA.<\/p>\n<p>Los federales tambi\u00e9n pueden introducir cambios regulatorios para la elegibilidad de los empleadores en el futuro. Boissonnault tambi\u00e9n dijo a las asociaciones empresariales que podr\u00eda considerar tomar medidas adicionales destinadas a evitar que algunos empleadores en diferentes sectores utilicen el Programa TFW aplicando una &#8220;negativa a procesar&#8221; al flujo de salarios bajos.<\/p>\n<p>&#8220;He sido claro durante el \u00faltimo a\u00f1o: el abuso y el mal uso del Programa TFW deben terminar. La salud y la seguridad de los trabajadores extranjeros temporales en Canad\u00e1 es una responsabilidad que tomo muy en serio&#8221;, afirm\u00f3 el ministro.<\/p>\n<p>&#8220;Los malos empleadores se est\u00e1n aprovechando de las personas y comprometiendo el programa para empresas leg\u00edtimas. Estamos implementando m\u00e1s reformas para impedir que el uso indebido y el fraude ingresen al Programa de Trabajadores Extranjeros Temporales&#8221;.<\/p>\n<p>El gobierno federal se\u00f1ala que el Programa TFW fue dise\u00f1ado para abordar los cambios en el mercado laboral del pa\u00eds, espec\u00edficamente despu\u00e9s de la pandemia, cuando &#8220;las necesidades eran altas&#8221;.<\/p>\n<p>Sin embargo, a medida que el mercado laboral de Canad\u00e1 vuelve a un estado normalizado, los federales dicen que se est\u00e1n realizando cambios en el programa para garantizar que s\u00f3lo los empleadores con &#8220;necesidades de mercado demostrables&#8221; tengan acceso a \u00e9l.<\/p>\n<p>Estos cambios se producen despu\u00e9s de que Canad\u00e1 anunciara previamente sus planes de establecer un objetivo para el n\u00famero de nuevos residentes temporales que llegan al pa\u00eds.<\/p>\n<p>En marzo, el Ministro de Inmigraci\u00f3n, Marc Miller, destac\u00f3 que el volumen de residentes temporales de Canad\u00e1 ha &#8220;aumentado significativamente&#8221;, alcanzando hasta 2,5 millones o el 6,2 por ciento de la poblaci\u00f3n en 2023.<\/p>\n<p>Miller dijo que el gobierno federal planea reducir la poblaci\u00f3n de residentes temporales en un 5 por ciento durante los pr\u00f3ximos tres a\u00f1os.<\/p>\n<p>En enero, el gobierno federal tambi\u00e9n anunci\u00f3 que limitar\u00eda las visas de estudiantes internacionales a dos a\u00f1os.<\/p>\n<p>Se espera que el l\u00edmite de solicitud temporal d\u00e9 como resultado aproximadamente 364.000 permisos de estudio para estudiantes internacionales aprobados, lo que representa una disminuci\u00f3n del 35 por ciento con respecto a 2023.<\/p>\n","protected":false},"excerpt":{"rendered":"<p>&nbsp; &#8211; El gobierno federal ha informado que introducir\u00e1 nuevas medidas para abordar los problemas actuales con el Programa de Trabajadores Extranjeros Temporales (TFW) de&hellip;<\/p>\n","protected":false},"author":99,"featured_media":519754,"comment_status":"open","ping_status":"open","sticky":false,"template":"","format":"standard","meta":{"footnotes":""},"categories":[21,11191],"tags":[],"class_list":["post-519753","post","type-post","status-publish","format-standard","has-post-thumbnail","hentry","category-canada","category-top-news"],"_links":{"self":[{"href":"https:\/\/diarioelpopular.com\/index.php\/wp-json\/wp\/v2\/posts\/519753","targetHints":{"allow":["GET"]}}],"collection":[{"href":"https:\/\/diarioelpopular.com\/index.php\/wp-json\/wp\/v2\/posts"}],"about":[{"href":"https:\/\/diarioelpopular.com\/index.php\/wp-json\/wp\/v2\/types\/post"}],"author":[{"embeddable":true,"href":"https:\/\/diarioelpopular.com\/index.php\/wp-json\/wp\/v2\/users\/99"}],"replies":[{"embeddable":true,"href":"https:\/\/diarioelpopular.com\/index.php\/wp-json\/wp\/v2\/comments?post=519753"}],"version-history":[{"count":1,"href":"https:\/\/diarioelpopular.com\/index.php\/wp-json\/wp\/v2\/posts\/519753\/revisions"}],"predecessor-version":[{"id":519755,"href":"https:\/\/diarioelpopular.com\/index.php\/wp-json\/wp\/v2\/posts\/519753\/revisions\/519755"}],"wp:featuredmedia":[{"embeddable":true,"href":"https:\/\/diarioelpopular.com\/index.php\/wp-json\/wp\/v2\/media\/519754"}],"wp:attachment":[{"href":"https:\/\/diarioelpopular.com\/index.php\/wp-json\/wp\/v2\/media?parent=519753"}],"wp:term":[{"taxonomy":"category","embeddable":true,"href":"https:\/\/diarioelpopular.com\/index.php\/wp-json\/wp\/v2\/categories?post=519753"},{"taxonomy":"post_tag","embeddable":true,"href":"https:\/\/diarioelpopular.com\/index.php\/wp-json\/wp\/v2\/tags?post=519753"}],"curies":[{"name":"wp","href":"https:\/\/api.w.org\/{rel}","templated":true}]}}