{"id":520023,"date":"2024-08-19T09:19:26","date_gmt":"2024-08-19T13:19:26","guid":{"rendered":"https:\/\/diarioelpopular.com\/?p=520023"},"modified":"2024-08-19T09:19:26","modified_gmt":"2024-08-19T13:19:26","slug":"la-mayoria-de-discapacitados-no-calificaran-para-el-plan-nacional-de-atencion-dental-dicen-sus-defensores","status":"publish","type":"post","link":"https:\/\/diarioelpopular.com\/index.php\/2024\/08\/19\/la-mayoria-de-discapacitados-no-calificaran-para-el-plan-nacional-de-atencion-dental-dicen-sus-defensores\/","title":{"rendered":"La mayor\u00eda de discapacitados no calificar\u00e1n para el plan nacional de atenci\u00f3n dental, dicen sus defensores"},"content":{"rendered":"<p><img loading=\"lazy\" decoding=\"async\" class=\"alignnone size-custom-full-size wp-image-520024\" src=\"https:\/\/diarioelpopular.com\/wp-content\/uploads\/2024\/08\/Screen-Shot-2024-08-19-at-9.18.55-AM-636x398.png\" alt=\"\" width=\"636\" height=\"398\" srcset=\"https:\/\/diarioelpopular.com\/wp-content\/uploads\/2024\/08\/Screen-Shot-2024-08-19-at-9.18.55-AM-636x398.png 636w, https:\/\/diarioelpopular.com\/wp-content\/uploads\/2024\/08\/Screen-Shot-2024-08-19-at-9.18.55-AM-300x188.png 300w, https:\/\/diarioelpopular.com\/wp-content\/uploads\/2024\/08\/Screen-Shot-2024-08-19-at-9.18.55-AM-768x480.png 768w, https:\/\/diarioelpopular.com\/wp-content\/uploads\/2024\/08\/Screen-Shot-2024-08-19-at-9.18.55-AM-117x73.png 117w, https:\/\/diarioelpopular.com\/wp-content\/uploads\/2024\/08\/Screen-Shot-2024-08-19-at-9.18.55-AM.png 854w\" sizes=\"auto, (max-width: 636px) 100vw, 636px\" \/><\/p>\n<p>&nbsp;<\/p>\n<p>&nbsp;<\/p>\n<ul>\n<li><em><strong>Los cr\u00edticos alegan que Ottawa no deber\u00eda utilizar un cr\u00e9dito fiscal para determinar la elegibilidad para programas de apoyo a la discapacidad<\/strong><\/em><\/li>\n<\/ul>\n<p>&nbsp;<\/p>\n<p><em><strong>OTTAWA.-<\/strong> <\/em>Kevin Konnyu pas\u00f3 una d\u00e9cada navegando por el sistema de atenci\u00f3n m\u00e9dica antes de que recientemente se le aprobara asistencia financiera a trav\u00e9s del programa de apoyo a discapacitados de Ontario.<\/p>\n<p>Pero aunque su provincia reconoce su discapacidad, eso no es suficiente por s\u00ed solo para calificarlo para la cobertura del nuevo programa nacional p\u00fablico de seguro dental de Canad\u00e1.<\/p>\n<p>En cambio, tiene que demostrarle a Ottawa que est\u00e1 discapacitado mediante varias solicitudes m\u00e1s.<\/p>\n<p>&#8220;\u00bfQu\u00e9 m\u00e1s pruebas necesita el gobierno?&#8221; dijo. &#8220;Si en cualquier provincia o en cualquier programa federal se le reconoce una discapacidad, entonces no s\u00e9 por qu\u00e9 eso no es suficiente para calificar para una cobertura dental b\u00e1sica&#8221;.<\/p>\n<p>El Plan Canadiense de Atenci\u00f3n Dental (CDCP) del gobierno federal ha ido ampliando gradualmente la elegibilidad para la atenci\u00f3n dental subsidiada a los residentes de ingresos bajos y medios que no tienen seguro privado. El 27 de junio, se les dijo a las personas con discapacidad que pod\u00edan presentar su solicitud.<\/p>\n<p>Pero los defensores dicen que s\u00f3lo una fracci\u00f3n de las personas con discapacidades estar\u00e1 cubierta.<\/p>\n<p>Un informe reciente del funcionario de presupuesto parlamentario dijo que hasta 1,4 millones de personas con discapacidades graves podr\u00edan ser elegibles para el beneficio de discapacidad de Canad\u00e1 propuesto; una estad\u00edstica, seg\u00fan los defensores, indica cu\u00e1ntas personas con discapacidades deber\u00edan tener acceso al CDCP.<\/p>\n<p>El problema, dicen los defensores, es que Ottawa est\u00e1 utilizando su cr\u00e9dito fiscal por discapacidad para decidir si alguien califica para programas como el CDCP o el Beneficio por Discapacidad de Canad\u00e1.<\/p>\n<p>&#8220;El cr\u00e9dito fiscal por discapacidad se est\u00e1 convirtiendo cada vez m\u00e1s en una puerta de entrada a los programas sociales y nunca fue dise\u00f1ado para serlo&#8221;, dijo Michelle Hewitt, presidente de la junta directiva de la organizaci\u00f3n de defensa Disability Without Poverty.<\/p>\n<p>Administrado por la Agencia de Ingresos de Canad\u00e1, el cr\u00e9dito fiscal proporciona una exenci\u00f3n fiscal en gran medida a las personas con discapacidades de ingresos medios y altos, y no est\u00e1 dirigido a los m\u00e1s necesitados, dijo.<\/p>\n<p>&#8220;El gobierno federal la ve como la lista m\u00e1s f\u00e1cil que pueden tener de personas discapacitadas severas y muy severamente discapacitadas. Pero es muy dif\u00edcil llegar a una lista&#8221;, dijo Hewitt.<\/p>\n<p>El cr\u00e9dito fiscal tiene una baja aceptaci\u00f3n, principalmente porque el proceso de solicitud es oneroso, dijo Hewitt.<\/p>\n<p>Para ser aprobado para el cr\u00e9dito fiscal, una persona debe pedirle a su m\u00e9dico que complete un formulario m\u00e9dico de 16 p\u00e1ginas, incluso si ya ha completado documentaci\u00f3n m\u00e9dica similar para otros apoyos gubernamentales para discapacitados. Hewitt dijo que ese es un obst\u00e1culo importante para las personas con discapacidades, suponiendo que, en primer lugar, tengan la suerte de tener un m\u00e9dico.<\/p>\n<p>&#8220;Todos los gobiernos hablan de querer que las cosas est\u00e9n lo m\u00e1s libres de barreras posible para las personas discapacitadas&#8221;, afirm\u00f3. &#8220;Hay muchos obst\u00e1culos que las personas con discapacidad ya han superado&#8221;.<\/p>\n<p>En respuesta a tales preocupaciones, el gobierno federal ha prometido gastar 243 millones de d\u00f3lares para pagar a los m\u00e9dicos para que llenen los formularios m\u00e9dicos necesarios para obtener el cr\u00e9dito fiscal.<\/p>\n<p><em><strong>El cr\u00e9dito fiscal es la opci\u00f3n m\u00e1s justa, dice el Ministro de Salud<\/strong><\/em><br \/>\nEl Ministro de Salud, Mark Holland, dijo que el gobierno federal opt\u00f3 por utilizar el cr\u00e9dito fiscal por discapacidad para identificar a los canadienses discapacitados elegibles para atenci\u00f3n dental subsidiada porque es el punto de referencia m\u00e1s justo disponible en todo el pa\u00eds.<\/p>\n<p>Holland reconoci\u00f3 que algunas personas con discapacidad ser\u00e1n ignoradas.<\/p>\n<p>&#8220;Reconocemos libremente que no son todos, pero s\u00ed muchas personas&#8221;, dijo a CBC News. &#8220;\u00c9ste fue un buen punto de partida&#8221;.<\/p>\n<p>Holland dijo que muchos canadienses discapacitados que no reciben el cr\u00e9dito fiscal ahora estar\u00e1n cubiertos por el CDCP el pr\u00f3ximo a\u00f1o, cuando el programa se expanda para cubrir a todas las personas de ingresos bajos y medios.<\/p>\n<p>Pero el miembro del Parlamento del Partido Verde, Mike Morrice, dijo que el gobierno federal todav\u00eda enga\u00f1a a la gente cuando dice que las personas con discapacidades ahora califican para recibir atenci\u00f3n dental.<\/p>\n<p>&#8220;Parece que est\u00e1n proponiendo algunas pol\u00edticas para que el resto del pa\u00eds crea que se est\u00e1 haciendo m\u00e1s por las personas con discapacidades de lo que realmente se hace&#8221;, dijo Morrice.<\/p>\n<p>Morrice dijo que si bien es una buena noticia que algunas personas con discapacidades pronto tendr\u00e1n acceso a atenci\u00f3n dental subsidiada, el gobierno federal tiene un patr\u00f3n de entrega insuficiente a la comunidad de discapacitados.<\/p>\n<p>&#8220;Este gobierno supera las expectativas y luego no las cumple&#8221;, afirm\u00f3.<\/p>\n<p>Konny estuvo de acuerdo.<\/p>\n<p>&#8220;Siento que nos tratan como votos acumulados al prometer cosas que suenan bien&#8221;, dijo. &#8220;Pero s\u00f3lo se aplica a una peque\u00f1a fracci\u00f3n de las personas necesitadas&#8221;.<\/p>\n<p><strong><em>Navegar por los programas de apoyo es una &#8216;pesadilla absoluta&#8217;<\/em><\/strong><br \/>\nCuando se le pregunt\u00f3, un portavoz de Health Canada no dijo cu\u00e1ntas personas con discapacidades han sido aprobadas para la cobertura del CDCP o han recibido atenci\u00f3n dental subsidiada hasta ahora.<\/p>\n<p>Konnyu dijo que le preocupa que la cifra sea baja porque muchos canadienses con discapacidades no podr\u00e1n navegar por el proceso de solicitud del cr\u00e9dito fiscal y el plan dental.<\/p>\n<p>Konnyu dijo que su diagn\u00f3stico de salud mental y sensibilidad qu\u00edmica hace que intentar postularse para varios programas gubernamentales sea una &#8220;pesadilla absoluta&#8221;.<\/p>\n<p>&#8220;Estoy bastante ansioso. Actualmente sufro migra\u00f1as, deterioro cognitivo, confusi\u00f3n mental y tratar de lidiar con la vida diaria ya es bastante dif\u00edcil&#8221;, dijo.<\/p>\n<p>&#8220;No puedo describir cu\u00e1n ansiosos son estos procesos para personas como yo&#8221;.<\/p>\n<p>Konnyu dijo que fue un alivio cuando comenz\u00f3 a recibir cobertura dental a trav\u00e9s del Programa de Apoyo a la Discapacidad de Ontario (ODSP) hace un a\u00f1o y medio.<\/p>\n<p>Pero el mes pasado, dijo, recibi\u00f3 una nota de su dentista diciendo que su cobertura s\u00f3lo continuar\u00e1 si solicita el plan federal y es rechazado.<\/p>\n<p>Despu\u00e9s de que CBC News preguntara, un portavoz del Ministerio de Ni\u00f1os, Comunidad y Servicios Sociales de Ontario dijo que los beneficiarios de ODSP no perder\u00e1n su cobertura dental y no est\u00e1n obligados a solicitar el CDCP.<\/p>\n<p>Konnyu dijo que ahora est\u00e1 tratando de determinar si tiene alguna cobertura dental. Incluso el trabajador social que lo ayuda est\u00e1 confundido, dijo.<\/p>\n<p>&#8220;Estoy bastante preocupado por d\u00f3nde me deja esto&#8221;, dijo.<\/p>\n<p>&#8220;Las personas que sufren condiciones a veces debilitantes no deber\u00edan tener la responsabilidad de superar estos obst\u00e1culos burocr\u00e1ticos&#8221;.<\/p>\n","protected":false},"excerpt":{"rendered":"<p>&nbsp; &nbsp; Los cr\u00edticos alegan que Ottawa no deber\u00eda utilizar un cr\u00e9dito fiscal para determinar la elegibilidad para programas de apoyo a la discapacidad &nbsp;&hellip;<\/p>\n","protected":false},"author":99,"featured_media":520024,"comment_status":"open","ping_status":"open","sticky":false,"template":"","format":"standard","meta":{"footnotes":""},"categories":[21,11191],"tags":[],"class_list":["post-520023","post","type-post","status-publish","format-standard","has-post-thumbnail","hentry","category-canada","category-top-news"],"_links":{"self":[{"href":"https:\/\/diarioelpopular.com\/index.php\/wp-json\/wp\/v2\/posts\/520023","targetHints":{"allow":["GET"]}}],"collection":[{"href":"https:\/\/diarioelpopular.com\/index.php\/wp-json\/wp\/v2\/posts"}],"about":[{"href":"https:\/\/diarioelpopular.com\/index.php\/wp-json\/wp\/v2\/types\/post"}],"author":[{"embeddable":true,"href":"https:\/\/diarioelpopular.com\/index.php\/wp-json\/wp\/v2\/users\/99"}],"replies":[{"embeddable":true,"href":"https:\/\/diarioelpopular.com\/index.php\/wp-json\/wp\/v2\/comments?post=520023"}],"version-history":[{"count":1,"href":"https:\/\/diarioelpopular.com\/index.php\/wp-json\/wp\/v2\/posts\/520023\/revisions"}],"predecessor-version":[{"id":520025,"href":"https:\/\/diarioelpopular.com\/index.php\/wp-json\/wp\/v2\/posts\/520023\/revisions\/520025"}],"wp:featuredmedia":[{"embeddable":true,"href":"https:\/\/diarioelpopular.com\/index.php\/wp-json\/wp\/v2\/media\/520024"}],"wp:attachment":[{"href":"https:\/\/diarioelpopular.com\/index.php\/wp-json\/wp\/v2\/media?parent=520023"}],"wp:term":[{"taxonomy":"category","embeddable":true,"href":"https:\/\/diarioelpopular.com\/index.php\/wp-json\/wp\/v2\/categories?post=520023"},{"taxonomy":"post_tag","embeddable":true,"href":"https:\/\/diarioelpopular.com\/index.php\/wp-json\/wp\/v2\/tags?post=520023"}],"curies":[{"name":"wp","href":"https:\/\/api.w.org\/{rel}","templated":true}]}}