{"id":520050,"date":"2024-08-20T09:21:45","date_gmt":"2024-08-20T13:21:45","guid":{"rendered":"https:\/\/diarioelpopular.com\/?p=520050"},"modified":"2024-08-20T09:21:45","modified_gmt":"2024-08-20T13:21:45","slug":"la-ley-de-muerte-asistida-de-canada-enfrenta-una-lucha-constitucional-para-excluir-los-trastornos-mentales","status":"publish","type":"post","link":"https:\/\/diarioelpopular.com\/index.php\/2024\/08\/20\/la-ley-de-muerte-asistida-de-canada-enfrenta-una-lucha-constitucional-para-excluir-los-trastornos-mentales\/","title":{"rendered":"La ley de muerte asistida de Canad\u00e1 enfrenta una lucha constitucional para excluir los trastornos mentales"},"content":{"rendered":"<p><img loading=\"lazy\" decoding=\"async\" class=\"alignnone size-custom-full-size wp-image-520052\" src=\"https:\/\/diarioelpopular.com\/wp-content\/uploads\/2024\/08\/Screen-Shot-2024-08-20-at-9.21.09-AM-636x650.png\" alt=\"\" width=\"636\" height=\"650\" srcset=\"https:\/\/diarioelpopular.com\/wp-content\/uploads\/2024\/08\/Screen-Shot-2024-08-20-at-9.21.09-AM-636x650.png 636w, https:\/\/diarioelpopular.com\/wp-content\/uploads\/2024\/08\/Screen-Shot-2024-08-20-at-9.21.09-AM-294x300.png 294w, https:\/\/diarioelpopular.com\/wp-content\/uploads\/2024\/08\/Screen-Shot-2024-08-20-at-9.21.09-AM-71x73.png 71w, https:\/\/diarioelpopular.com\/wp-content\/uploads\/2024\/08\/Screen-Shot-2024-08-20-at-9.21.09-AM.png 742w\" sizes=\"auto, (max-width: 636px) 100vw, 636px\" \/><\/p>\n<p>&nbsp;<\/p>\n<ul>\n<li><em><strong>Un hombre que dice que sufre de problemas de salud mental cr\u00f3nicos y que empeoran se encuentra entre los que lanzan un recurso judicial contra la ley de muerte asistida del gobierno federal, que excluye a las personas que padecen \u00fanicamente un trastorno mental<\/strong><\/em><\/li>\n<\/ul>\n<p>&nbsp;<\/p>\n<p>Una solicitud presentada el lunes por Morir con Dignidad en el Tribunal Superior de Ontario sostiene que es discriminatorio impedir que las personas con trastornos mentales sean elegibles para una muerte asistida cuando est\u00e1 disponible para personas que sufren f\u00edsicamente.<\/p>\n<p>La organizaci\u00f3n pide al tribunal que anule inmediatamente la exclusi\u00f3n por motivos de salud mental.<\/p>\n<p>El demandante John Scully dijo que acudir a los tribunales es su \u00faltima esperanza.<\/p>\n<p>Ning\u00fan medicamento, tratamiento o terapia ha aliviado el trastorno de estr\u00e9s postraum\u00e1tico que padece el ex corresponsal de guerra, junto con la depresi\u00f3n y la ansiedad. Todos empeoran con la falta de sue\u00f1o.<\/p>\n<p>&#8220;En las \u00faltimas 36 horas, he dormido cuatro horas&#8221;, dijo en una entrevista reciente. &#8220;Y el sue\u00f1o est\u00e1 contaminado con pesadillas desagradables y viciosas&#8221;.<\/p>\n<p>A los 83 a\u00f1os, Scully dijo que su condici\u00f3n empeora d\u00eda a d\u00eda, no s\u00f3lo mental sino tambi\u00e9n f\u00edsicamente.<\/p>\n<p>&#8220;Siento que me corresponde sacudir todo lo que pueda, decir, no &#8216;M\u00edrenme&#8217;, sino &#8216;M\u00edrennos'&#8221;. Por el amor de Dios, haz algo al respecto&#8221;.<\/p>\n<p>El gobierno liberal anunci\u00f3 en febrero que retrasar\u00eda una expansi\u00f3n planificada del r\u00e9gimen de muerte asistida que habr\u00eda permitido considerar a las personas con trastornos mentales a partir de marzo. La ampliaci\u00f3n se ha retrasado hasta 2027.<\/p>\n<p>El gobierno cit\u00f3 preocupaciones de preparaci\u00f3n de las provincias y preguntas pendientes de los psiquiatras sobre c\u00f3mo los m\u00e9dicos podr\u00edan determinar si la enfermedad mental de alguien podr\u00eda curarse.<\/p>\n<p>Morir con dignidad, Scully y una tercera demandante, Claire Elyse Brosseau, argumentan que la exclusi\u00f3n de la salud mental viola la Secci\u00f3n 7 de la Carta Canadiense de Derechos y Libertades, que dice que las personas tienen derecho a la vida, la libertad y la seguridad.<\/p>\n<p>&#8220;No existe ninguna justificaci\u00f3n constitucional para la prolongaci\u00f3n del sufrimiento duradero e intolerable de aquellos canadienses que son elegibles para MAID excepto para la exclusi\u00f3n de enfermedades mentales&#8221;, afirman los documentos.<\/p>\n<p>La presentaci\u00f3n argumenta que las personas con trastornos mentales graves e incurables han sido privadas de su seguridad y obligadas a soportar un sufrimiento prolongado y la libertad de tomar la decisi\u00f3n profundamente personal de poner fin a su vida.<\/p>\n<p>Tambi\u00e9n se viola el derecho a la igualdad ante la ley, sostiene Morir con Dignidad.<\/p>\n<p>El gobierno liberal aprob\u00f3 su ley de muerte asistida en 2016 y la actualiz\u00f3 despu\u00e9s de que un fallo de un tribunal inferior de Quebec de 2019 determinara que era inconstitucional exigir que la muerte de una persona fuera razonablemente previsible para que fuera elegible.<\/p>\n<p>En 2021, el gobierno aprob\u00f3 otra ley actualizada que inclu\u00eda una enmienda del Senado para eliminar la exclusi\u00f3n de quienes padecen \u00fanicamente un trastorno mental. Los senadores detr\u00e1s de la enmienda hab\u00edan argumentado que la exclusi\u00f3n era discriminatoria.<\/p>\n<p>Inicialmente se supon\u00eda que las personas con trastornos mentales intolerables podr\u00edan ser evaluadas para una muerte asistida a partir de marzo de 2023. Meses antes de que el cambio entrara en vigor, el gobierno anunci\u00f3 que legislar\u00eda un retraso de un a\u00f1o para dar a los m\u00e9dicos m\u00e1s tiempo para ser evaluados. entrenado.<\/p>\n<p>A medida que se acercaba la fecha l\u00edmite de marzo de 2024, un comit\u00e9 parlamentario conjunto de senadores y miembros del Parlamento celebr\u00f3 audiencias sobre la ampliaci\u00f3n prevista, que expusieron profundas divisiones sobre la cuesti\u00f3n en todos los aspectos legales y m\u00e9dicos, y recomendaron otro aplazamiento.<\/p>\n<p>Al final, el gobierno legisl\u00f3 un retraso de tres a\u00f1os, que el Ministro de Salud, Mark Holland, y el Ministro de Justicia, Arif Virani, consideraron necesario para abordar las preocupaciones de las provincias y proporcionar tiempo adicional para la capacitaci\u00f3n.<\/p>\n<p>Los defensores de la expansi\u00f3n argumentaron en contra del retraso, diciendo que se hab\u00edan desarrollado materiales de capacitaci\u00f3n y los m\u00e9dicos que ya eval\u00faan a los pacientes para la muerte asistida dijeron que estaban listos.<\/p>\n<p>En ese momento, Holland reiter\u00f3 la posici\u00f3n del gobierno de que el sufrimiento mental es equivalente al sufrimiento f\u00edsico y dijo que espera que las provincias se preparen.<\/p>\n<p>El l\u00edder conservador Pierre Poilievre se ha comprometido a eliminar por completo la ampliaci\u00f3n si su partido forma gobierno en las pr\u00f3ximas elecciones.<\/p>\n<p>Helen Long, directora ejecutiva de Dying with Dignity Canada, dijo que es decepcionante tener que recurrir a los tribunales para obligar al gobierno a promulgar su propia legislaci\u00f3n.<\/p>\n<p>Ella cree que los retrasos se deben a una falta de &#8220;voluntad pol\u00edtica&#8221;.<\/p>\n<p>Long dijo que su organizaci\u00f3n ha escuchado de personas y familias sobre las dificultades causadas por los repetidos retrasos.<\/p>\n<p>&#8220;El hecho de que se hayan visto obligados a esperar y luego se les haya hecho una promesa, una y otra vez, es lo que les hace tan dif\u00edcil seguir adelante y esperar una evaluaci\u00f3n&#8221;, dijo.<\/p>\n<p>&#8220;Se les debe esa capacidad de postularse&#8221;.<\/p>\n<p>Scully dice que la falta de sue\u00f1o que sufre est\u00e1 llevando su condici\u00f3n mental y otras dolencias al l\u00edmite, lo que le hace vivir con el temor constante de suicidarse.<\/p>\n","protected":false},"excerpt":{"rendered":"<p>&nbsp; Un hombre que dice que sufre de problemas de salud mental cr\u00f3nicos y que empeoran se encuentra entre los que lanzan un recurso judicial&hellip;<\/p>\n","protected":false},"author":99,"featured_media":520052,"comment_status":"open","ping_status":"open","sticky":false,"template":"","format":"standard","meta":{"footnotes":""},"categories":[21],"tags":[],"class_list":["post-520050","post","type-post","status-publish","format-standard","has-post-thumbnail","hentry","category-canada"],"_links":{"self":[{"href":"https:\/\/diarioelpopular.com\/index.php\/wp-json\/wp\/v2\/posts\/520050","targetHints":{"allow":["GET"]}}],"collection":[{"href":"https:\/\/diarioelpopular.com\/index.php\/wp-json\/wp\/v2\/posts"}],"about":[{"href":"https:\/\/diarioelpopular.com\/index.php\/wp-json\/wp\/v2\/types\/post"}],"author":[{"embeddable":true,"href":"https:\/\/diarioelpopular.com\/index.php\/wp-json\/wp\/v2\/users\/99"}],"replies":[{"embeddable":true,"href":"https:\/\/diarioelpopular.com\/index.php\/wp-json\/wp\/v2\/comments?post=520050"}],"version-history":[{"count":1,"href":"https:\/\/diarioelpopular.com\/index.php\/wp-json\/wp\/v2\/posts\/520050\/revisions"}],"predecessor-version":[{"id":520053,"href":"https:\/\/diarioelpopular.com\/index.php\/wp-json\/wp\/v2\/posts\/520050\/revisions\/520053"}],"wp:featuredmedia":[{"embeddable":true,"href":"https:\/\/diarioelpopular.com\/index.php\/wp-json\/wp\/v2\/media\/520052"}],"wp:attachment":[{"href":"https:\/\/diarioelpopular.com\/index.php\/wp-json\/wp\/v2\/media?parent=520050"}],"wp:term":[{"taxonomy":"category","embeddable":true,"href":"https:\/\/diarioelpopular.com\/index.php\/wp-json\/wp\/v2\/categories?post=520050"},{"taxonomy":"post_tag","embeddable":true,"href":"https:\/\/diarioelpopular.com\/index.php\/wp-json\/wp\/v2\/tags?post=520050"}],"curies":[{"name":"wp","href":"https:\/\/api.w.org\/{rel}","templated":true}]}}