{"id":520279,"date":"2024-08-27T08:47:03","date_gmt":"2024-08-27T12:47:03","guid":{"rendered":"https:\/\/diarioelpopular.com\/?p=520279"},"modified":"2024-08-27T08:47:03","modified_gmt":"2024-08-27T12:47:03","slug":"gobierno-impondra-limites-en-la-cantidad-de-trabajadores-extranjeros-temporales","status":"publish","type":"post","link":"https:\/\/diarioelpopular.com\/index.php\/2024\/08\/27\/gobierno-impondra-limites-en-la-cantidad-de-trabajadores-extranjeros-temporales\/","title":{"rendered":"Gobierno impondr\u00e1 l\u00edmites en la cantidad de trabajadores extranjeros temporales"},"content":{"rendered":"<p><img loading=\"lazy\" decoding=\"async\" class=\"alignnone size-custom-full-size wp-image-520280\" src=\"https:\/\/diarioelpopular.com\/wp-content\/uploads\/2024\/08\/Screen-Shot-2024-08-27-at-8.45.55-AM-636x435.png\" alt=\"\" width=\"636\" height=\"435\" srcset=\"https:\/\/diarioelpopular.com\/wp-content\/uploads\/2024\/08\/Screen-Shot-2024-08-27-at-8.45.55-AM-636x435.png 636w, https:\/\/diarioelpopular.com\/wp-content\/uploads\/2024\/08\/Screen-Shot-2024-08-27-at-8.45.55-AM-300x205.png 300w, https:\/\/diarioelpopular.com\/wp-content\/uploads\/2024\/08\/Screen-Shot-2024-08-27-at-8.45.55-AM-768x526.png 768w, https:\/\/diarioelpopular.com\/wp-content\/uploads\/2024\/08\/Screen-Shot-2024-08-27-at-8.45.55-AM-1200x821.png 1200w, https:\/\/diarioelpopular.com\/wp-content\/uploads\/2024\/08\/Screen-Shot-2024-08-27-at-8.45.55-AM-80x55.png 80w, https:\/\/diarioelpopular.com\/wp-content\/uploads\/2024\/08\/Screen-Shot-2024-08-27-at-8.45.55-AM-107x73.png 107w, https:\/\/diarioelpopular.com\/wp-content\/uploads\/2024\/08\/Screen-Shot-2024-08-27-at-8.45.55-AM.png 1024w\" sizes=\"auto, (max-width: 636px) 100vw, 636px\" \/><\/p>\n<h5><em>THE CANADIAN PRESS\/Graham Hughes<\/em><\/h5>\n<p>&nbsp;<\/p>\n<p>&nbsp;<\/p>\n<ul>\n<li><em><strong>Finalmente el gobierno federal est\u00e1 tomando medidas para restringir la cantidad de trabajadores extranjeros temporales con bajos salarios en Canad\u00e1, con excepci\u00f3n de algunos sectores<\/strong><\/em><\/li>\n<\/ul>\n<p>&nbsp;<\/p>\n<p>&nbsp;<\/p>\n<p><em><strong>OTAWA.-<\/strong><\/em> El primer ministro Justin Trudeau hizo el anuncio este lunes en Halifax, donde el gabinete liberal se reuni\u00f3 para un retiro de verano. \u201cEstamos endureciendo las reglas y restringiendo la elegibilidad para reducir la cantidad de trabajadores extranjeros temporales con bajos salarios en Canad\u00e1, con excepciones en ciertas industrias como la atenci\u00f3n m\u00e9dica, la construcci\u00f3n y la seguridad alimentaria\u201d, dijo Trudeau.<\/p>\n<p>A partir del 26 de septiembre, el gobierno rechazar\u00e1 las solicitudes de trabajadores extranjeros temporales con bajos salarios en regiones con una tasa de desempleo del seis por ciento o m\u00e1s.<\/p>\n<p>Para los empleadores, habr\u00e1 un l\u00edmite del 10 por ciento de empleados que provengan del flujo de bajos salarios del Programa de Trabajadores Extranjeros Temporales (TFW) y una reducci\u00f3n de la duraci\u00f3n m\u00e1xima del empleo de dos a\u00f1os a uno, seg\u00fan el Ministerio de Empleo y Desarrollo Social de Canad\u00e1.<\/p>\n<p>Esto se produce despu\u00e9s de que Quebec anunci\u00f3 la semana pasada sus propios l\u00edmites a los trabajadores extranjeros temporales de bajos salarios: una congelaci\u00f3n de seis meses en Montreal que entrar\u00e1 en vigor el pr\u00f3ximo mes.<\/p>\n<p>El Programa de Trabajadores Extranjeros Temporales (TFW) permite a los no residentes trabajar en el pa\u00eds de forma temporal.<\/p>\n<p>El Ministro de Empleo Randy Boissonnault dijo que el programa fue &#8220;dise\u00f1ado para abordar la escasez del mercado laboral cuando otros calificados no pod\u00edan cubrir esos puestos&#8221;.<\/p>\n<p>&#8220;En este momento, sabemos que hay m\u00e1s personas calificadas para cubrir los puestos vacantes&#8221;, dijo en un comunicado.<\/p>\n<p>&#8220;Los cambios que estamos haciendo hoy priorizar\u00e1n a los trabajadores y garantizar\u00e1n que la gente pueda confiar en que el programa est\u00e1 satisfaciendo las necesidades de nuestra econom\u00eda&#8221;.<\/p>\n<p>La tasa de desempleo de Canad\u00e1 se mantuvo estable en el 6,4 por ciento en julio despu\u00e9s de dos aumentos mensuales consecutivos, seg\u00fan el \u00faltimo informe de empleo de Statistics Canada.<\/p>\n<p>El programa TFW ha crecido dr\u00e1sticamente en los \u00faltimos a\u00f1os y ha sido criticado por suprimir los salarios nacionales y dejar a los trabajadores vulnerables al abuso.<\/p>\n<p>Seg\u00fan datos del ESDC, el n\u00famero de puestos de trabajadores extranjeros temporales se ha m\u00e1s que duplicado desde 2016.<\/p>\n<p>Ese es el a\u00f1o despu\u00e9s de que los liberales federales fueran elegidos por primera vez en 2015.<\/p>\n<p>En 2023, se aprobaron 239.646 puestos de TFW en total, en comparaci\u00f3n con los 90.314 de 2016. Sin embargo, no todos los puestos dan lugar a un permiso de trabajo o a la entrada de un trabajador extranjero temporal en Canad\u00e1, se\u00f1ala el departamento.<\/p>\n<p>El programa se ampli\u00f3 en 2022 para varios sectores que experimentaban escasez de mano de obra, aumentando la proporci\u00f3n m\u00e1xima de trabajadores extranjeros temporales con salarios bajos hasta el 30 por ciento de la fuerza laboral para cada empleador.<\/p>\n<p>Trudeau dijo que el programa ha ayudado a la econom\u00eda a recuperarse tras la pandemia de COVID-19, pero con la desaceleraci\u00f3n de la inflaci\u00f3n y el aumento de los niveles de empleo en comparaci\u00f3n con antes, el pa\u00eds ya no necesita tantos trabajadores extranjeros temporales.<\/p>\n<p>\u201cNecesitamos que las empresas canadienses inviertan en formaci\u00f3n y tecnolog\u00eda y no aumenten su dependencia de la mano de obra extranjera de bajo coste\u201d, dijo.<\/p>\n<p>\u201cNo es justo para los canadienses que luchan por encontrar un buen trabajo, y no es justo para los trabajadores extranjeros temporales, algunos de los cuales est\u00e1n siendo maltratados y explotados\u201d.<\/p>\n<p>A principios de este mes, un informe condenatorio de las Naciones Unidas describi\u00f3 el programa de trabajadores extranjeros temporales de Canad\u00e1 como un \u201ccaldo de cultivo\u201d para la esclavitud moderna porque crea un desequilibrio de poder que impide a los empleados ejercer sus derechos.<\/p>\n<p>En los d\u00edas siguientes, el ministro federal de Inmigraci\u00f3n, Marc Miller, dijo que el programa no tiene fallas fatales, pero que \u201cnecesita una reforma\u201d.<\/p>\n<p>Trudeau dijo que su gobierno tambi\u00e9n analizar\u00e1 cambios en el flujo de salarios altos del programa de trabajadores extranjeros temporales y otros ajustes.<\/p>\n<p>Una revisi\u00f3n de 90 d\u00edas considerar\u00e1 los cambios mientras analiza las tasas de desempleo, dijo Trudeau.<\/p>\n<p>Y este pr\u00f3ximo oto\u00f1o, Ottawa planea revelar un plan de inmigraci\u00f3n, considerando a los residentes permanentes y temporales.<\/p>\n<p>\u201cNos estamos asegurando de que todo el paquete tenga el mayor sentido posible para las necesidades de los canadienses y para las necesidades de nuestra econom\u00eda\u201d, anot\u00f3 Trudeau.<\/p>\n","protected":false},"excerpt":{"rendered":"<p>THE CANADIAN PRESS\/Graham Hughes &nbsp; &nbsp; Finalmente el gobierno federal est\u00e1 tomando medidas para restringir la cantidad de trabajadores extranjeros temporales con bajos salarios en&hellip;<\/p>\n","protected":false},"author":99,"featured_media":520280,"comment_status":"open","ping_status":"open","sticky":false,"template":"","format":"standard","meta":{"footnotes":""},"categories":[21,11191],"tags":[],"class_list":["post-520279","post","type-post","status-publish","format-standard","has-post-thumbnail","hentry","category-canada","category-top-news"],"_links":{"self":[{"href":"https:\/\/diarioelpopular.com\/index.php\/wp-json\/wp\/v2\/posts\/520279","targetHints":{"allow":["GET"]}}],"collection":[{"href":"https:\/\/diarioelpopular.com\/index.php\/wp-json\/wp\/v2\/posts"}],"about":[{"href":"https:\/\/diarioelpopular.com\/index.php\/wp-json\/wp\/v2\/types\/post"}],"author":[{"embeddable":true,"href":"https:\/\/diarioelpopular.com\/index.php\/wp-json\/wp\/v2\/users\/99"}],"replies":[{"embeddable":true,"href":"https:\/\/diarioelpopular.com\/index.php\/wp-json\/wp\/v2\/comments?post=520279"}],"version-history":[{"count":1,"href":"https:\/\/diarioelpopular.com\/index.php\/wp-json\/wp\/v2\/posts\/520279\/revisions"}],"predecessor-version":[{"id":520281,"href":"https:\/\/diarioelpopular.com\/index.php\/wp-json\/wp\/v2\/posts\/520279\/revisions\/520281"}],"wp:featuredmedia":[{"embeddable":true,"href":"https:\/\/diarioelpopular.com\/index.php\/wp-json\/wp\/v2\/media\/520280"}],"wp:attachment":[{"href":"https:\/\/diarioelpopular.com\/index.php\/wp-json\/wp\/v2\/media?parent=520279"}],"wp:term":[{"taxonomy":"category","embeddable":true,"href":"https:\/\/diarioelpopular.com\/index.php\/wp-json\/wp\/v2\/categories?post=520279"},{"taxonomy":"post_tag","embeddable":true,"href":"https:\/\/diarioelpopular.com\/index.php\/wp-json\/wp\/v2\/tags?post=520279"}],"curies":[{"name":"wp","href":"https:\/\/api.w.org\/{rel}","templated":true}]}}