{"id":520366,"date":"2024-08-28T09:47:05","date_gmt":"2024-08-28T13:47:05","guid":{"rendered":"https:\/\/diarioelpopular.com\/?p=520366"},"modified":"2024-08-28T09:47:05","modified_gmt":"2024-08-28T13:47:05","slug":"presidente-de-mexico-pauso-su-relacion-con-embajadas-de-canada-y-ee-uu","status":"publish","type":"post","link":"https:\/\/diarioelpopular.com\/index.php\/2024\/08\/28\/presidente-de-mexico-pauso-su-relacion-con-embajadas-de-canada-y-ee-uu\/","title":{"rendered":"Presidente de M\u00e9xico \u201cpaus\u00f3\u201d su relaci\u00f3n con embajadas de Canad\u00e1 y EE.UU."},"content":{"rendered":"<p><img loading=\"lazy\" decoding=\"async\" class=\"alignnone size-custom-big-size wp-image-520367\" src=\"https:\/\/diarioelpopular.com\/wp-content\/uploads\/2024\/08\/Screen-Shot-2024-08-28-at-9.45.18-AM-1200x802.png\" alt=\"\" width=\"1200\" height=\"802\" srcset=\"https:\/\/diarioelpopular.com\/wp-content\/uploads\/2024\/08\/Screen-Shot-2024-08-28-at-9.45.18-AM-1200x802.png 1200w, https:\/\/diarioelpopular.com\/wp-content\/uploads\/2024\/08\/Screen-Shot-2024-08-28-at-9.45.18-AM-300x200.png 300w, https:\/\/diarioelpopular.com\/wp-content\/uploads\/2024\/08\/Screen-Shot-2024-08-28-at-9.45.18-AM-768x513.png 768w, https:\/\/diarioelpopular.com\/wp-content\/uploads\/2024\/08\/Screen-Shot-2024-08-28-at-9.45.18-AM-636x425.png 636w, https:\/\/diarioelpopular.com\/wp-content\/uploads\/2024\/08\/Screen-Shot-2024-08-28-at-9.45.18-AM-109x73.png 109w, https:\/\/diarioelpopular.com\/wp-content\/uploads\/2024\/08\/Screen-Shot-2024-08-28-at-9.45.18-AM.png 1024w\" sizes=\"auto, (max-width: 1200px) 100vw, 1200px\" \/><\/p>\n<div id=\"\" class=\"portlet-boundary portlet-static-end content-viewer-portlet last full-access norestricted\">\n<div class=\"ecr_articulo_titulo_multimedia art_25293986\">\n<div class=\"block-image\">\n<div class=\"multimediaMacroWrapper\">\n<div class=\"slick-list draggable\">\n<div class=\"slick-track\">\n<div class=\"slick-slide slick-current slick-active\" data-slick-index=\"0\" aria-hidden=\"false\">\n<h5 class=\"li__caption-img__s\"><em><span class=\"mln_uppercase_mln\">El<\/span>\u00a0<span class=\"mln_uppercase_mln\">mandatario de M\u00e9xico advirti\u00f3 sobre una \u2018actitud intervencionista\u2019 de Canad\u00e1 y\u00a0<\/span><\/em><em><span class=\"mln_uppercase_mln\">EE. UU.\u00a0 \u00a0 \u00a0 \u00a0 \u00a0 \u00a0 \u00a0 \u00a0 \u00a0 \u00a0 \u00a0 \u00a0 \u00a0 \u00a0 \u00a0 \u00a0 \u00a0 \u00a0 \u00a0 \u00a0\u00a0<\/span><\/em><em><span class=\"mln_uppercase_mln\">FOTO: GETTY<\/span><\/em><\/h5>\n<\/div>\n<\/div>\n<\/div>\n<\/div>\n<\/div>\n<\/div>\n<\/div>\n<div id=\"\" class=\"portlet-boundary portlet-static-end content-viewer-portlet last full-access norestricted\">\n<div class=\"template-ec-11\"><\/div>\n<\/div>\n<p>&nbsp;<\/p>\n<div id=\"\" class=\"portlet-boundary portlet-static-end content-viewer-portlet last full-access norestricted\">\n<div class=\"ecr_articulo_titulo_multimedia art_25293986\">\n<div class=\"block-headline\">\n<h4 class=\"lead cita\"><em>&#8211; La embajada de Estados Unidos en M\u00e9xico hab\u00eda expresado su \u201cpreocupaci\u00f3n\u201d por la iniciativa de reforma al Poder Judicial que propone la elecci\u00f3n popular de jueces y magistrados.<\/em><\/h4>\n<p>&nbsp;<\/p>\n<\/div>\n<\/div>\n<\/div>\n<div id=\"\" class=\"portlet-boundary portlet-static-end content-viewer-portlet last full-access norestricted\">\n<div class=\"TEMPLATE-EC-01\"><\/div>\n<\/div>\n<div id=\"\" class=\"portlet-boundary portlet-static-end content-viewer-portlet section__textos last full-access norestricted\">\n<div class=\"ecr_articulo art_25293986\">\n<div class=\"block-date information-noticia toolsWrapper\">\n<div class=\"tools\">\n<div class=\"div_author_r\">\n<p>El presidente de M\u00e9xico, Andr\u00e9s Manuel L\u00f3pez Obrador, rechaz\u00f3\u00a0las cr\u00edticas de Canad\u00e1 yEstados Unidos, sus socios en el acuerdo de libre comercio T-MEC,\u00a0ante la pol\u00e9mica reforma judicial\u00a0que impulsa su gobierno.<\/p>\n<p>\u201cEl tratado no es para que nosotros cedamos nuestra soberan\u00eda, el tratado es comercial, es para tener una muy buena relaci\u00f3n econ\u00f3mica (&#8230;), pero\u00a0no es para que M\u00e9xico se convierta en un ap\u00e9ndice, en una colonia, en un estado asociado\u201d, afirm\u00f3 el mandatario en su habitual rueda de prensa matinal.<\/p>\n<p>Ante lo que el presidente consider\u00f3 un acto de injerencia, este martes\u00a0anunci\u00f3 una \u201cpausa\u201d con las embajadas de Ottawa y Washington.\u00a0\u201cPausar significa que vamos a darnos nuestro tiempo\u201d, aclar\u00f3.<\/p>\n<p>\u201cLa relaci\u00f3n contin\u00faa, pero ojal\u00e1 y haya de parte de ellos una ratificaci\u00f3n de que van a ser respetuosos de la independencia de M\u00e9xico,\u00a0de la soberan\u00eda de nuestro pa\u00eds, pero mientras no haya eso y sigan con esa pol\u00edtica, hay una pausa\u201d, agreg\u00f3 L\u00f3pez Obrador.<\/p>\n<p>M\u00e9xico present\u00f3 el viernes pasado una nota diplom\u00e1tica a Washington\u00a0al acusar que el embajador estadounidense en M\u00e9xico, Ken Salazar, realiz\u00f3 una \u201cdeclaraci\u00f3n injerencista\u201d\u00a0en torno a la iniciativa de reforma al Poder Judicial, que\u00a0propone la elecci\u00f3n popular de jueces y magistrados.<\/p>\n<div class=\"teads-inread sm-screen\">\n<div class=\"teads-ui-components-adchoices\">\n<p>El diplom\u00e1tico estadounidense hab\u00eda mencionado que la pol\u00e9mica propuesta del mandatario mexicano\u00a0\u201camenaza\u201d la relaci\u00f3n comercial entre ambos pa\u00edses, al considerarla un \u201criesgo\u201d para la democracia.<\/p>\n<p>L\u00f3pez Obrador calific\u00f3 la declaraci\u00f3n de Salazar de\u00a0\u201cdesafortunada e imprudente\u201d\u00a0y la consider\u00f3 \u201cuna burda actitud intervencionista\u201d.<\/p>\n<p>La embajada de Canad\u00e1 tambi\u00e9n se\u00f1al\u00f3 que existe preocupaci\u00f3n entre los inversionistas de su pa\u00eds por la reforma. Al respecto,\u00a0la canciller\u00eda mexicana inform\u00f3 que tambi\u00e9n preparaba una nota diplom\u00e1tica de protesta\u00a0para esa delegaci\u00f3n.<\/p>\n<div class=\"paragraph\">\n<p>M\u00e9xico es el principal socio comercial de Estados Unidos, tras desplazar a China en 2023. Ambos pa\u00edses junto con Canad\u00e1 integran el tratado de libre comercio de Norteam\u00e9rica (T-MEC).<\/p>\n<p>L\u00f3pez Obrador insisti\u00f3 durante la conferencia en que a\u00fan en el caso de que pudiesen aplicarse sanciones a M\u00e9xico en el marco del T-MEC,\u00a0el pa\u00eds tiene que \u201cponer por delante\u201d su soberan\u00eda.<\/p>\n<\/div>\n<div class=\"Article_Text 25228514 45911882\">\n<div class=\"left\">\n<p>\u201cNo podemos someternos,\u00a0es la historia de M\u00e9xico, es el sacrificio de mucha gente por lograr una patria libre, independiente, soberana.\u00a0Eso est\u00e1 por encima de cualquier tratado\u201d,\u00a0se\u00f1al\u00f3 el presidente izquierdista.<\/p>\n<p>El partido oficialista Morena, que logr\u00f3 una aplastante victoria en las elecciones del 2 de junio,\u00a0busca impulsar la pol\u00e9mica reforma judicial en el nuevo Congreso que asume el 1 de septiembre\u00a0y en el que tendr\u00e1 una amplia mayor\u00eda.<\/p>\n<p>&nbsp;<\/p>\n<\/div>\n<\/div>\n<\/div>\n<\/div>\n<\/div>\n<\/div>\n<\/div>\n<\/div>\n<\/div>\n","protected":false},"excerpt":{"rendered":"<p>El\u00a0mandatario de M\u00e9xico advirti\u00f3 sobre una \u2018actitud intervencionista\u2019 de Canad\u00e1 y\u00a0EE. UU.\u00a0 \u00a0 \u00a0 \u00a0 \u00a0 \u00a0 \u00a0 \u00a0 \u00a0 \u00a0 \u00a0 \u00a0 \u00a0 \u00a0&hellip;<\/p>\n","protected":false},"author":99,"featured_media":520368,"comment_status":"open","ping_status":"open","sticky":false,"template":"","format":"standard","meta":{"footnotes":""},"categories":[21,23],"tags":[],"class_list":["post-520366","post","type-post","status-publish","format-standard","has-post-thumbnail","hentry","category-canada","category-latinoamerica"],"_links":{"self":[{"href":"https:\/\/diarioelpopular.com\/index.php\/wp-json\/wp\/v2\/posts\/520366","targetHints":{"allow":["GET"]}}],"collection":[{"href":"https:\/\/diarioelpopular.com\/index.php\/wp-json\/wp\/v2\/posts"}],"about":[{"href":"https:\/\/diarioelpopular.com\/index.php\/wp-json\/wp\/v2\/types\/post"}],"author":[{"embeddable":true,"href":"https:\/\/diarioelpopular.com\/index.php\/wp-json\/wp\/v2\/users\/99"}],"replies":[{"embeddable":true,"href":"https:\/\/diarioelpopular.com\/index.php\/wp-json\/wp\/v2\/comments?post=520366"}],"version-history":[{"count":1,"href":"https:\/\/diarioelpopular.com\/index.php\/wp-json\/wp\/v2\/posts\/520366\/revisions"}],"predecessor-version":[{"id":520369,"href":"https:\/\/diarioelpopular.com\/index.php\/wp-json\/wp\/v2\/posts\/520366\/revisions\/520369"}],"wp:featuredmedia":[{"embeddable":true,"href":"https:\/\/diarioelpopular.com\/index.php\/wp-json\/wp\/v2\/media\/520368"}],"wp:attachment":[{"href":"https:\/\/diarioelpopular.com\/index.php\/wp-json\/wp\/v2\/media?parent=520366"}],"wp:term":[{"taxonomy":"category","embeddable":true,"href":"https:\/\/diarioelpopular.com\/index.php\/wp-json\/wp\/v2\/categories?post=520366"},{"taxonomy":"post_tag","embeddable":true,"href":"https:\/\/diarioelpopular.com\/index.php\/wp-json\/wp\/v2\/tags?post=520366"}],"curies":[{"name":"wp","href":"https:\/\/api.w.org\/{rel}","templated":true}]}}