{"id":520389,"date":"2024-08-29T08:58:34","date_gmt":"2024-08-29T12:58:34","guid":{"rendered":"https:\/\/diarioelpopular.com\/?p=520389"},"modified":"2024-08-29T08:58:34","modified_gmt":"2024-08-29T12:58:34","slug":"canada-introduce-nuevas-reglas-para-los-visitantes-que-entran-en-vigor-de-inmediato","status":"publish","type":"post","link":"https:\/\/diarioelpopular.com\/index.php\/2024\/08\/29\/canada-introduce-nuevas-reglas-para-los-visitantes-que-entran-en-vigor-de-inmediato\/","title":{"rendered":"Canad\u00e1 introduce nuevas reglas para los visitantes que entran en vigor de inmediato"},"content":{"rendered":"<p><img loading=\"lazy\" decoding=\"async\" class=\"alignnone size-custom-big-size wp-image-520390\" src=\"https:\/\/diarioelpopular.com\/wp-content\/uploads\/2024\/08\/Screen-Shot-2024-08-29-at-8.57.55-AM-1200x720.png\" alt=\"\" width=\"1200\" height=\"720\" srcset=\"https:\/\/diarioelpopular.com\/wp-content\/uploads\/2024\/08\/Screen-Shot-2024-08-29-at-8.57.55-AM-1200x720.png 1200w, https:\/\/diarioelpopular.com\/wp-content\/uploads\/2024\/08\/Screen-Shot-2024-08-29-at-8.57.55-AM-300x180.png 300w, https:\/\/diarioelpopular.com\/wp-content\/uploads\/2024\/08\/Screen-Shot-2024-08-29-at-8.57.55-AM-768x461.png 768w, https:\/\/diarioelpopular.com\/wp-content\/uploads\/2024\/08\/Screen-Shot-2024-08-29-at-8.57.55-AM-636x381.png 636w, https:\/\/diarioelpopular.com\/wp-content\/uploads\/2024\/08\/Screen-Shot-2024-08-29-at-8.57.55-AM-122x73.png 122w, https:\/\/diarioelpopular.com\/wp-content\/uploads\/2024\/08\/Screen-Shot-2024-08-29-at-8.57.55-AM.png 1024w\" sizes=\"auto, (max-width: 1200px) 100vw, 1200px\" \/><\/p>\n<p>&nbsp;<\/p>\n<ul>\n<li><em><strong>Se han anunciado cambios significativos para los visitantes que de paso buscan trabajo en el pa\u00eds<\/strong><\/em><\/li>\n<\/ul>\n<p>&nbsp;<\/p>\n<p><em><strong>OTRTAWA.-<\/strong><\/em> Este mi\u00e9rcoles, Inmigraci\u00f3n, Refugiados y Ciudadan\u00eda de Canad\u00e1 (IRCC) anunci\u00f3 el fin de la pol\u00edtica temporal que permit\u00eda a los visitantes solicitar un permiso de trabajo. El cambio entra en vigor de inmediato.<\/p>\n<p>Inicialmente, la pol\u00edtica iba a finalizar el 28 de febrero de 2025, pero el IRCC dijo que est\u00e1 cambiando la fecha para &#8220;recalibrar&#8221; la cantidad de residentes temporales que hay en Canad\u00e1 y para &#8220;preservar la integridad del sistema de inmigraci\u00f3n&#8221;.<\/p>\n<p>La pol\u00edtica se introdujo por primera vez en 2020 como una forma de ayudar a los visitantes que no pod\u00edan salir del pa\u00eds debido a las restricciones de viaje de la pandemia de COVID-19.<\/p>\n<p>Tambi\u00e9n permiti\u00f3 a los extranjeros que ten\u00edan un permiso de trabajo el a\u00f1o pasado pero cambiaron su estatus a &#8220;visitante&#8221; en Canad\u00e1 trabajar legalmente en el pa\u00eds mientras esperaban el estatus del permiso que hab\u00edan solicitado anteriormente.<\/p>\n<p><em><strong>M\u00e1s cambios migratorios en Canad\u00e1<\/strong><\/em><br \/>\nHay otros cambios en el horizonte para el sistema de inmigraci\u00f3n de Canad\u00e1.<\/p>\n<p>A principios de esta semana, el primer ministro Justin Trudeau insinu\u00f3 que su gobierno est\u00e1 involucrado en &#8220;conversaciones en curso&#8221; para restringir la inmigraci\u00f3n al pa\u00eds.<\/p>\n<p>&#8220;Este oto\u00f1o, presentaremos por primera vez un Plan de Niveles de Inmigraci\u00f3n que no solo habla de residentes permanentes, sino tambi\u00e9n de residentes temporales, ya sean trabajadores extranjeros u otros&#8221;, afirm\u00f3 en un discurso a los periodistas en el retiro del gabinete liberal en Halifax.<\/p>\n<p>Tambi\u00e9n dijo que su gobierno endurecer\u00eda las reglas del programa de Trabajadores Extranjeros Temporales (TFW) de Canad\u00e1.<\/p>\n<p>En marzo, el Ministro de Inmigraci\u00f3n Marc Miller destac\u00f3 que el volumen de residentes temporales de Canad\u00e1 ha &#8220;aumentado significativamente&#8221;, alcanzando hasta 2,5 millones o el 6,2 por ciento de la poblaci\u00f3n en 2023.<\/p>\n<p>Miller dijo que el gobierno federal planea reducir la poblaci\u00f3n de residentes temporales en un 5 por ciento durante los pr\u00f3ximos tres a\u00f1os.<\/p>\n<p>El gobierno tambi\u00e9n anunci\u00f3 en enero que limitar\u00eda las visas de estudiantes internacionales durante dos a\u00f1os.<\/p>\n","protected":false},"excerpt":{"rendered":"<p>&nbsp; Se han anunciado cambios significativos para los visitantes que de paso buscan trabajo en el pa\u00eds &nbsp; OTRTAWA.- Este mi\u00e9rcoles, Inmigraci\u00f3n, Refugiados y Ciudadan\u00eda&hellip;<\/p>\n","protected":false},"author":99,"featured_media":520390,"comment_status":"open","ping_status":"open","sticky":false,"template":"","format":"standard","meta":{"footnotes":""},"categories":[21,11191],"tags":[],"class_list":["post-520389","post","type-post","status-publish","format-standard","has-post-thumbnail","hentry","category-canada","category-top-news"],"_links":{"self":[{"href":"https:\/\/diarioelpopular.com\/index.php\/wp-json\/wp\/v2\/posts\/520389","targetHints":{"allow":["GET"]}}],"collection":[{"href":"https:\/\/diarioelpopular.com\/index.php\/wp-json\/wp\/v2\/posts"}],"about":[{"href":"https:\/\/diarioelpopular.com\/index.php\/wp-json\/wp\/v2\/types\/post"}],"author":[{"embeddable":true,"href":"https:\/\/diarioelpopular.com\/index.php\/wp-json\/wp\/v2\/users\/99"}],"replies":[{"embeddable":true,"href":"https:\/\/diarioelpopular.com\/index.php\/wp-json\/wp\/v2\/comments?post=520389"}],"version-history":[{"count":1,"href":"https:\/\/diarioelpopular.com\/index.php\/wp-json\/wp\/v2\/posts\/520389\/revisions"}],"predecessor-version":[{"id":520391,"href":"https:\/\/diarioelpopular.com\/index.php\/wp-json\/wp\/v2\/posts\/520389\/revisions\/520391"}],"wp:featuredmedia":[{"embeddable":true,"href":"https:\/\/diarioelpopular.com\/index.php\/wp-json\/wp\/v2\/media\/520390"}],"wp:attachment":[{"href":"https:\/\/diarioelpopular.com\/index.php\/wp-json\/wp\/v2\/media?parent=520389"}],"wp:term":[{"taxonomy":"category","embeddable":true,"href":"https:\/\/diarioelpopular.com\/index.php\/wp-json\/wp\/v2\/categories?post=520389"},{"taxonomy":"post_tag","embeddable":true,"href":"https:\/\/diarioelpopular.com\/index.php\/wp-json\/wp\/v2\/tags?post=520389"}],"curies":[{"name":"wp","href":"https:\/\/api.w.org\/{rel}","templated":true}]}}