{"id":520544,"date":"2024-09-01T08:31:18","date_gmt":"2024-09-01T12:31:18","guid":{"rendered":"https:\/\/diarioelpopular.com\/?p=520544"},"modified":"2024-09-01T08:41:48","modified_gmt":"2024-09-01T12:41:48","slug":"celebraciones-de-la-cultura-mexicana-en-toronto","status":"publish","type":"post","link":"https:\/\/diarioelpopular.com\/index.php\/2024\/09\/01\/celebraciones-de-la-cultura-mexicana-en-toronto\/","title":{"rendered":"Celebraciones de la cultura mexicana en Toronto"},"content":{"rendered":"<p><img loading=\"lazy\" decoding=\"async\" class=\"alignnone size-custom-full-size wp-image-520545\" src=\"https:\/\/diarioelpopular.com\/wp-content\/uploads\/2024\/09\/Screen-Shot-2024-09-01-at-8.30.52-AM-636x392.png\" alt=\"\" width=\"636\" height=\"392\" srcset=\"https:\/\/diarioelpopular.com\/wp-content\/uploads\/2024\/09\/Screen-Shot-2024-09-01-at-8.30.52-AM-636x392.png 636w, https:\/\/diarioelpopular.com\/wp-content\/uploads\/2024\/09\/Screen-Shot-2024-09-01-at-8.30.52-AM-300x185.png 300w, https:\/\/diarioelpopular.com\/wp-content\/uploads\/2024\/09\/Screen-Shot-2024-09-01-at-8.30.52-AM-768x474.png 768w, https:\/\/diarioelpopular.com\/wp-content\/uploads\/2024\/09\/Screen-Shot-2024-09-01-at-8.30.52-AM-118x73.png 118w, https:\/\/diarioelpopular.com\/wp-content\/uploads\/2024\/09\/Screen-Shot-2024-09-01-at-8.30.52-AM.png 866w\" sizes=\"auto, (max-width: 636px) 100vw, 636px\" \/><\/p>\n<p>&nbsp;<\/p>\n<p>&nbsp;<\/p>\n<ul>\n<li><em><strong>Con motivo de las celebraciones del D\u00eda de la Independencia de Mexico, se celebrar\u00e1 en Toronto un enorme festival de comida y cultura mexicana, en el que participar\u00e1n algunos vendedores de comida mexicana de la ciudad.<\/strong><\/em><\/li>\n<\/ul>\n<p>&nbsp;<\/p>\n<p><strong><em>TORONTO.-<\/em> <\/strong>El festival del D\u00eda de M\u00e9xico de Toronto, que se llevar\u00e1 a cabo en esta ciudad en honor al D\u00eda de la Independencia de M\u00e9xico, celebra cada faceta vibrante de la cultura mexicana, desde la cocina chispeante hasta la m\u00fasica y el baile estimulantes.<\/p>\n<p>El festival, que se desarrollar\u00e1 durante tres d\u00edas, culminar\u00e1 el s\u00e1bado 14 de septiembre con una celebraci\u00f3n que durar\u00e1 todo el d\u00eda en Nathan Phillips Square, en conmemoraci\u00f3n de los 203 a\u00f1os de la independencia de M\u00e9xico y el 30.\u00ba aniversario de la celebraci\u00f3n del D\u00eda de M\u00e9xico en Toronto.<\/p>\n<p>En el festival, podr\u00e1 encontrar los platos mexicanos favoritos de algunos de los vendedores m\u00e1s sabrosos de la ciudad.<\/p>\n<p>El festival, de entrada gratuita, tambi\u00e9n contar\u00e1 con actuaciones de grupos de mariachis, otros m\u00fasicos y bailarines tradicionales, junto con vendedores de artesan\u00edas.<\/p>\n","protected":false},"excerpt":{"rendered":"<p>&nbsp; &nbsp; Con motivo de las celebraciones del D\u00eda de la Independencia de Mexico, se celebrar\u00e1 en Toronto un enorme festival de comida y cultura&hellip;<\/p>\n","protected":false},"author":99,"featured_media":520545,"comment_status":"open","ping_status":"open","sticky":false,"template":"","format":"standard","meta":{"footnotes":""},"categories":[21],"tags":[],"class_list":["post-520544","post","type-post","status-publish","format-standard","has-post-thumbnail","hentry","category-canada"],"_links":{"self":[{"href":"https:\/\/diarioelpopular.com\/index.php\/wp-json\/wp\/v2\/posts\/520544","targetHints":{"allow":["GET"]}}],"collection":[{"href":"https:\/\/diarioelpopular.com\/index.php\/wp-json\/wp\/v2\/posts"}],"about":[{"href":"https:\/\/diarioelpopular.com\/index.php\/wp-json\/wp\/v2\/types\/post"}],"author":[{"embeddable":true,"href":"https:\/\/diarioelpopular.com\/index.php\/wp-json\/wp\/v2\/users\/99"}],"replies":[{"embeddable":true,"href":"https:\/\/diarioelpopular.com\/index.php\/wp-json\/wp\/v2\/comments?post=520544"}],"version-history":[{"count":1,"href":"https:\/\/diarioelpopular.com\/index.php\/wp-json\/wp\/v2\/posts\/520544\/revisions"}],"predecessor-version":[{"id":520546,"href":"https:\/\/diarioelpopular.com\/index.php\/wp-json\/wp\/v2\/posts\/520544\/revisions\/520546"}],"wp:featuredmedia":[{"embeddable":true,"href":"https:\/\/diarioelpopular.com\/index.php\/wp-json\/wp\/v2\/media\/520545"}],"wp:attachment":[{"href":"https:\/\/diarioelpopular.com\/index.php\/wp-json\/wp\/v2\/media?parent=520544"}],"wp:term":[{"taxonomy":"category","embeddable":true,"href":"https:\/\/diarioelpopular.com\/index.php\/wp-json\/wp\/v2\/categories?post=520544"},{"taxonomy":"post_tag","embeddable":true,"href":"https:\/\/diarioelpopular.com\/index.php\/wp-json\/wp\/v2\/tags?post=520544"}],"curies":[{"name":"wp","href":"https:\/\/api.w.org\/{rel}","templated":true}]}}