{"id":520810,"date":"2024-09-07T10:10:29","date_gmt":"2024-09-07T14:10:29","guid":{"rendered":"https:\/\/diarioelpopular.com\/?p=520810"},"modified":"2024-09-07T13:06:45","modified_gmt":"2024-09-07T17:06:45","slug":"otro-aumento-de-precio-propuesto-por-canada-post-podria-encarecer-mas-el-envio-de-correspondencia","status":"publish","type":"post","link":"https:\/\/diarioelpopular.com\/index.php\/2024\/09\/07\/otro-aumento-de-precio-propuesto-por-canada-post-podria-encarecer-mas-el-envio-de-correspondencia\/","title":{"rendered":"Otro aumento de precio propuesto por Canada Post podr\u00eda encarecer m\u00e1s el env\u00edo de correspondencia"},"content":{"rendered":"<p><img loading=\"lazy\" decoding=\"async\" class=\"alignnone size-custom-full-size wp-image-520811\" src=\"https:\/\/diarioelpopular.com\/wp-content\/uploads\/2024\/09\/Screen-Shot-2024-09-07-at-10.10.08-AM-636x523.png\" alt=\"\" width=\"636\" height=\"523\" srcset=\"https:\/\/diarioelpopular.com\/wp-content\/uploads\/2024\/09\/Screen-Shot-2024-09-07-at-10.10.08-AM-636x523.png 636w, https:\/\/diarioelpopular.com\/wp-content\/uploads\/2024\/09\/Screen-Shot-2024-09-07-at-10.10.08-AM-300x247.png 300w, https:\/\/diarioelpopular.com\/wp-content\/uploads\/2024\/09\/Screen-Shot-2024-09-07-at-10.10.08-AM-768x631.png 768w, https:\/\/diarioelpopular.com\/wp-content\/uploads\/2024\/09\/Screen-Shot-2024-09-07-at-10.10.08-AM-89x73.png 89w, https:\/\/diarioelpopular.com\/wp-content\/uploads\/2024\/09\/Screen-Shot-2024-09-07-at-10.10.08-AM.png 866w\" sizes=\"auto, (max-width: 636px) 100vw, 636px\" \/><\/p>\n<p>&nbsp;<\/p>\n<ul>\n<li><em><strong>Enviar una carta podr\u00eda costar m\u00e1s ya que Canada Post ha propuesto otro aumento de precio de los sellos<\/strong><\/em><\/li>\n<\/ul>\n<p>&nbsp;<\/p>\n<p><em><strong>OTTAWA.-<\/strong><\/em> En un comunicado de prensa, la corporaci\u00f3n de la Corona afirm\u00f3 que la mayor\u00eda de las ventas de sellos (que se venden en librito, rollo o panel) aumentar\u00edan nuevamente en 25 centavos, de 99 centavos a $1,24 por sello.<\/p>\n<p>Para una carta nacional (30 gramos o menos), el precio de un sello individual aumentar\u00eda de $1,15 a $1,44.<\/p>\n<p><em><strong>Canada Post explica los motivos del cambio propuesto<\/strong><\/em><br \/>\nCanada Post dijo que esta nueva alza de tarifa ser\u00eda un aumento \u00fanico &#8220;que es necesario para alinear mejor los precios de los sellos con el aumento del costo de proporcionar el servicio de correo postal a todos los canadienses&#8221;.<\/p>\n<p>En el documento se describen algunas de las razones (las mismas que explicaron ante el \u00faltimo incremento) que sustentan la propuesta, y se se\u00f1ala que el volumen de env\u00edo de cartas en Canad\u00e1 ha disminuido un 60 por ciento en los \u00faltimos a\u00f1os, de 5.500 millones en 2006 a 2.200 millones en 2023.<\/p>\n<p>En 2006, el hogar medio recib\u00eda aproximadamente siete cartas a la semana, y esa cifra se redujo dr\u00e1sticamente a dos por semana en 2024.<\/p>\n<p>&#8220;Cada a\u00f1o, hay menos cartas para entregar a m\u00e1s direcciones, lo que a\u00f1ade importantes presiones de costes a la Corporaci\u00f3n, adem\u00e1s de las continuas presiones inflacionarias&#8221;, afirm\u00f3 Correos de Canad\u00e1.<\/p>\n<p>&#8220;Al mismo tiempo, los precios de los sellos canadienses se han mantenido entre los m\u00e1s bajos del mundo&#8221;.<\/p>\n<p><em><strong>\u00bfCu\u00e1nto afectar\u00eda el aumento?<\/strong><\/em><br \/>\nLa corporaci\u00f3n de la Corona a\u00f1adi\u00f3 que se estima que el cambio de precio propuesto tendr\u00e1 un impacto de 2,26 d\u00f3lares para el hogar medio y de 42,17 d\u00f3lares al a\u00f1o para las peque\u00f1as empresas canadienses.<\/p>\n<p>&#8220;Los sellos permanentes siempre se aceptar\u00e1n al precio de franqueo nacional actual&#8221;, afirm\u00f3.<\/p>\n<p>Los cambios de tarifas propuestos tambi\u00e9n afectar\u00edan a otros servicios, como el correo postal estadounidense, el correo internacional y el correo certificado nacional, con un aumento correspondiente de alrededor del 25 por ciento en promedio.<\/p>\n<p>Las tarifas del correo postal comercial siguen las tarifas reguladas y tambi\u00e9n ver\u00edan un aumento de alrededor de 25 centavos.<\/p>\n<p>Si se aprueba el aumento de la tarifa de los sellos, el cambio entrar\u00e1 en vigencia el 13 de enero de 2025.<\/p>\n","protected":false},"excerpt":{"rendered":"<p>&nbsp; Enviar una carta podr\u00eda costar m\u00e1s ya que Canada Post ha propuesto otro aumento de precio de los sellos &nbsp; OTTAWA.- En un comunicado&hellip;<\/p>\n","protected":false},"author":99,"featured_media":520811,"comment_status":"open","ping_status":"open","sticky":false,"template":"","format":"standard","meta":{"footnotes":""},"categories":[21,11191],"tags":[],"class_list":["post-520810","post","type-post","status-publish","format-standard","has-post-thumbnail","hentry","category-canada","category-top-news"],"_links":{"self":[{"href":"https:\/\/diarioelpopular.com\/index.php\/wp-json\/wp\/v2\/posts\/520810","targetHints":{"allow":["GET"]}}],"collection":[{"href":"https:\/\/diarioelpopular.com\/index.php\/wp-json\/wp\/v2\/posts"}],"about":[{"href":"https:\/\/diarioelpopular.com\/index.php\/wp-json\/wp\/v2\/types\/post"}],"author":[{"embeddable":true,"href":"https:\/\/diarioelpopular.com\/index.php\/wp-json\/wp\/v2\/users\/99"}],"replies":[{"embeddable":true,"href":"https:\/\/diarioelpopular.com\/index.php\/wp-json\/wp\/v2\/comments?post=520810"}],"version-history":[{"count":1,"href":"https:\/\/diarioelpopular.com\/index.php\/wp-json\/wp\/v2\/posts\/520810\/revisions"}],"predecessor-version":[{"id":520812,"href":"https:\/\/diarioelpopular.com\/index.php\/wp-json\/wp\/v2\/posts\/520810\/revisions\/520812"}],"wp:featuredmedia":[{"embeddable":true,"href":"https:\/\/diarioelpopular.com\/index.php\/wp-json\/wp\/v2\/media\/520811"}],"wp:attachment":[{"href":"https:\/\/diarioelpopular.com\/index.php\/wp-json\/wp\/v2\/media?parent=520810"}],"wp:term":[{"taxonomy":"category","embeddable":true,"href":"https:\/\/diarioelpopular.com\/index.php\/wp-json\/wp\/v2\/categories?post=520810"},{"taxonomy":"post_tag","embeddable":true,"href":"https:\/\/diarioelpopular.com\/index.php\/wp-json\/wp\/v2\/tags?post=520810"}],"curies":[{"name":"wp","href":"https:\/\/api.w.org\/{rel}","templated":true}]}}