{"id":521139,"date":"2024-09-13T09:51:44","date_gmt":"2024-09-13T13:51:44","guid":{"rendered":"https:\/\/diarioelpopular.com\/?p=521139"},"modified":"2024-09-13T09:51:44","modified_gmt":"2024-09-13T13:51:44","slug":"posibilidades-huelga-aumentan-cuando-se-acerca-la-fecha-limite-para-las-negociaciones-con-los-pilotos-de-air-canada","status":"publish","type":"post","link":"https:\/\/diarioelpopular.com\/index.php\/2024\/09\/13\/posibilidades-huelga-aumentan-cuando-se-acerca-la-fecha-limite-para-las-negociaciones-con-los-pilotos-de-air-canada\/","title":{"rendered":"Posibilidades huelga aumentan cuando se acerca la fecha l\u00edmite para las negociaciones con los pilotos de Air Canada"},"content":{"rendered":"<p><img loading=\"lazy\" decoding=\"async\" class=\"alignnone size-custom-full-size wp-image-521140\" src=\"https:\/\/diarioelpopular.com\/wp-content\/uploads\/2024\/09\/Screen-Shot-2024-09-13-at-9.51.04-AM-636x462.png\" alt=\"\" width=\"636\" height=\"462\" srcset=\"https:\/\/diarioelpopular.com\/wp-content\/uploads\/2024\/09\/Screen-Shot-2024-09-13-at-9.51.04-AM-636x462.png 636w, https:\/\/diarioelpopular.com\/wp-content\/uploads\/2024\/09\/Screen-Shot-2024-09-13-at-9.51.04-AM-300x218.png 300w, https:\/\/diarioelpopular.com\/wp-content\/uploads\/2024\/09\/Screen-Shot-2024-09-13-at-9.51.04-AM-768x557.png 768w, https:\/\/diarioelpopular.com\/wp-content\/uploads\/2024\/09\/Screen-Shot-2024-09-13-at-9.51.04-AM-101x73.png 101w, https:\/\/diarioelpopular.com\/wp-content\/uploads\/2024\/09\/Screen-Shot-2024-09-13-at-9.51.04-AM.png 868w\" sizes=\"auto, (max-width: 636px) 100vw, 636px\" \/><\/p>\n<p>&nbsp;<\/p>\n<p>&nbsp;<\/p>\n<ul>\n<li><em><strong>Air Canada dice que algunas operaciones comenzar\u00e1n a verse afectadas hoy, ya que se acaba el tiempo antes de un posible cierre debido a una disputa laboral con sus pilotos<\/strong><\/em><\/li>\n<\/ul>\n<p>&nbsp;<\/p>\n<p>La aerol\u00ednea pidi\u00f3 al gobierno que est\u00e9 preparado para intervenir para evitar grandes interrupciones que causar\u00eda un cierre para sus m\u00e1s de 110.000 viajeros al d\u00eda.<\/p>\n<p>Advirti\u00f3 que algunos servicios, como los paquetes de carga y vacaciones, comenzar\u00e1n a verse afectados desde este mismo viernes, mientras que un cierre total podr\u00eda ocurrir el 18 de septiembre.<\/p>\n<p>\u201cLa Federaci\u00f3n Canadiense de Empresas Independientes (CFIB) advierte que un paro laboral en Air Canada podr\u00eda tener un impacto devastador en las peque\u00f1as empresas y la econom\u00eda canadiense\u201d, dijo un portavoz el viernes.<\/p>\n<p>\u201cLa CFIB insta a todas las partes a garantizar que el servicio permanezca vigente mientras se negocia un nuevo convenio colectivo. Si Air Canada y la Asociaci\u00f3n de Pilotos de L\u00edneas A\u00e9reas no pueden llegar a un acuerdo, el gobierno federal debe estar preparado para intervenir e imponer un arbitraje vinculante o una legislaci\u00f3n de regreso al trabajo\u201d.<\/p>\n<p>La aerol\u00ednea y los pilotos podr\u00e1n a partir del domingo avisar con 72 horas de antelaci\u00f3n de que se declarar\u00e1n en huelga o cierre patronal. La aerol\u00ednea ha dicho que el aviso activar\u00eda su plan de reducci\u00f3n de tres d\u00edas y dar\u00eda comienzo a un paro total.<\/p>\n<p>La aerol\u00ednea afirma que el sindicato est\u00e1 siendo inflexible con sus \u201cdemandas salariales irrazonables\u201d.<\/p>\n<p>El sindicato ha dicho que es la avaricia corporativa la que est\u00e1 retrasando las negociaciones, ya que Air Canada sigue registrando beneficios r\u00e9cord mientras espera que los pilotos acepten una remuneraci\u00f3n por debajo del mercado, en una comparaci\u00f3n con lo\u00a0 que ganan en Estados Unidos.<\/p>\n","protected":false},"excerpt":{"rendered":"<p>&nbsp; &nbsp; Air Canada dice que algunas operaciones comenzar\u00e1n a verse afectadas hoy, ya que se acaba el tiempo antes de un posible cierre debido&hellip;<\/p>\n","protected":false},"author":99,"featured_media":521140,"comment_status":"open","ping_status":"open","sticky":false,"template":"","format":"standard","meta":{"footnotes":""},"categories":[21,11191],"tags":[],"class_list":["post-521139","post","type-post","status-publish","format-standard","has-post-thumbnail","hentry","category-canada","category-top-news"],"_links":{"self":[{"href":"https:\/\/diarioelpopular.com\/index.php\/wp-json\/wp\/v2\/posts\/521139","targetHints":{"allow":["GET"]}}],"collection":[{"href":"https:\/\/diarioelpopular.com\/index.php\/wp-json\/wp\/v2\/posts"}],"about":[{"href":"https:\/\/diarioelpopular.com\/index.php\/wp-json\/wp\/v2\/types\/post"}],"author":[{"embeddable":true,"href":"https:\/\/diarioelpopular.com\/index.php\/wp-json\/wp\/v2\/users\/99"}],"replies":[{"embeddable":true,"href":"https:\/\/diarioelpopular.com\/index.php\/wp-json\/wp\/v2\/comments?post=521139"}],"version-history":[{"count":1,"href":"https:\/\/diarioelpopular.com\/index.php\/wp-json\/wp\/v2\/posts\/521139\/revisions"}],"predecessor-version":[{"id":521141,"href":"https:\/\/diarioelpopular.com\/index.php\/wp-json\/wp\/v2\/posts\/521139\/revisions\/521141"}],"wp:featuredmedia":[{"embeddable":true,"href":"https:\/\/diarioelpopular.com\/index.php\/wp-json\/wp\/v2\/media\/521140"}],"wp:attachment":[{"href":"https:\/\/diarioelpopular.com\/index.php\/wp-json\/wp\/v2\/media?parent=521139"}],"wp:term":[{"taxonomy":"category","embeddable":true,"href":"https:\/\/diarioelpopular.com\/index.php\/wp-json\/wp\/v2\/categories?post=521139"},{"taxonomy":"post_tag","embeddable":true,"href":"https:\/\/diarioelpopular.com\/index.php\/wp-json\/wp\/v2\/tags?post=521139"}],"curies":[{"name":"wp","href":"https:\/\/api.w.org\/{rel}","templated":true}]}}