{"id":521239,"date":"2024-09-16T09:14:06","date_gmt":"2024-09-16T13:14:06","guid":{"rendered":"https:\/\/diarioelpopular.com\/?p=521239"},"modified":"2024-09-16T09:14:06","modified_gmt":"2024-09-16T13:14:06","slug":"ontario-estudia-ampliar-aun-mas-el-sistema-para-incluir-en-las-farmacias-mas-dolencias-menores","status":"publish","type":"post","link":"https:\/\/diarioelpopular.com\/index.php\/2024\/09\/16\/ontario-estudia-ampliar-aun-mas-el-sistema-para-incluir-en-las-farmacias-mas-dolencias-menores\/","title":{"rendered":"Ontario estudia ampliar a\u00fan m\u00e1s el sistema para incluir en las farmacias m\u00e1s dolencias menores"},"content":{"rendered":"<p><img loading=\"lazy\" decoding=\"async\" class=\"alignnone size-custom-full-size wp-image-521240\" src=\"https:\/\/diarioelpopular.com\/wp-content\/uploads\/2024\/09\/Screen-Shot-2024-09-16-at-9.12.33-AM-636x338.png\" alt=\"\" width=\"636\" height=\"338\" srcset=\"https:\/\/diarioelpopular.com\/wp-content\/uploads\/2024\/09\/Screen-Shot-2024-09-16-at-9.12.33-AM-636x338.png 636w, https:\/\/diarioelpopular.com\/wp-content\/uploads\/2024\/09\/Screen-Shot-2024-09-16-at-9.12.33-AM-300x159.png 300w, https:\/\/diarioelpopular.com\/wp-content\/uploads\/2024\/09\/Screen-Shot-2024-09-16-at-9.12.33-AM-768x408.png 768w, https:\/\/diarioelpopular.com\/wp-content\/uploads\/2024\/09\/Screen-Shot-2024-09-16-at-9.12.33-AM-138x73.png 138w, https:\/\/diarioelpopular.com\/wp-content\/uploads\/2024\/09\/Screen-Shot-2024-09-16-at-9.12.33-AM.png 848w\" sizes=\"auto, (max-width: 636px) 100vw, 636px\" \/><\/p>\n<p>&nbsp;<\/p>\n<ul>\n<li><em><strong>El gobierno podr\u00eda financiar a las farmacias para que administren m\u00e1s vacunas<\/strong><\/em><\/li>\n<\/ul>\n<p>&nbsp;<\/p>\n<p>Ontario propone ampliar a\u00fan m\u00e1s el \u00e1mbito de actuaci\u00f3n de los farmacistas a\u00f1adiendo a la lista de dolencias menores que pueden evaluar, lo que les permitir\u00eda administrar m\u00e1s vacunas y solicitar algunas pruebas de laboratorio.<\/p>\n<p>Pero aunque las farmacias ven la propuesta como una soluci\u00f3n que se esperaba desde hace tiempo para aliviar la carga de otros aspectos del sistema sanitario apoy\u00e1ndose m\u00e1s en su experiencia profesional, los m\u00e9dicos est\u00e1n planteando inquietudes.<\/p>\n<p>A principios de 2023, el gobierno otorg\u00f3 a las farmacias la capacidad de evaluar y tratar 13 dolencias menores, entre ellas conjuntivitis, hemorroides e infecciones del tracto urinario. En el oto\u00f1o de ese a\u00f1o se a\u00f1adieron seis m\u00e1s a la lista, entre ellas acn\u00e9, aftas e infecciones por hongos.<\/p>\n<p>Ahora, el gobierno propone ampliar la lista para incluir dolor de garganta, callos y durezas, dolores de cabeza leves, herpes z\u00f3ster, trastornos menores del sue\u00f1o, infecciones f\u00fangicas en las u\u00f1as, o\u00eddo de nadador, piojos, congesti\u00f3n nasal, caspa, ti\u00f1a, ti\u00f1a inguinal, verrugas y ojo seco.<\/p>\n<p>Adem\u00e1s, el Ministerio de Salud est\u00e1 buscando comentarios sobre qu\u00e9 pruebas de laboratorio y pruebas en el punto de atenci\u00f3n podr\u00edan ser necesarias para que soliciten y realicen como parte de la evaluaci\u00f3n y el tratamiento de esas afecciones.<\/p>\n<p>El gobierno tambi\u00e9n est\u00e1 considerando financiar a las farmacias para que administren vacunas contra el t\u00e9tanos, la difteria, la tos ferina, el neumococo, el herpes z\u00f3ster y el VSR para adultos, adem\u00e1s de las vacunas contra la COVID-19 y la gripe. La provincia propone permitir que los t\u00e9cnicos de farmacia administren las mismas vacunas que los farmac\u00e9uticos.<\/p>\n<p>&#8220;Nuestro gobierno est\u00e1 centrado en mejorar el acceso a la atenci\u00f3n en las comunidades de toda la provincia y hemos visto el \u00e9xito de nuestro programa de enfermedades menores, conectando a m\u00e1s de un mill\u00f3n de personas con el tratamiento de enfermedades menores&#8221;, escribi\u00f3 Hannah Jensen, portavoz de la Ministra de Salud Sylvia Jones, en un comunicado.<\/p>\n<p>Justin Bates, director ejecutivo de la Asociaci\u00f3n de Farmaceutas de Ontario, dijo que el programa de enfermedades menores ha ido bien hasta ahora, y que ampliar a\u00fan m\u00e1s el alcance de los farmac\u00e9uticos puede ayudar a evitar visitas a m\u00e9dicos de familia y salas de emergencia.<\/p>\n<p>&#8220;Queremos desarrollar la capacidad de atenci\u00f3n m\u00e9dica al considerar a las farmacias como un centro de atenci\u00f3n m\u00e9dica y la relaci\u00f3n de confianza de las farmacias con sus pacientes y aprovechar eso, porque est\u00e1n infrautilizados en lo que respecta al alcance que pueden hacer&#8221;, dijo.<\/p>\n<p><em><strong>&#8216;Los farmaceutas no son m\u00e9dicos&#8217;, dice la OMA<\/strong><\/em><br \/>\nPero los m\u00e9dicos est\u00e1n resistiendo las ampliaciones del alcance.<\/p>\n<p>&#8220;La conclusi\u00f3n aqu\u00ed es que los farmac\u00e9uticos no son m\u00e9dicos&#8221;, dijo el Dr. Dominik Nowak, presidente de la Asociaci\u00f3n M\u00e9dica de Ontario. &#8220;Los m\u00e9dicos reciben formaci\u00f3n durante a\u00f1os y miles de horas para diagnosticar y tratar enfermedades&#8221;.<\/p>\n<p>Nowak dijo que, a veces, los s\u00edntomas que parecen sugerir una de esas dolencias menores son en realidad un signo de una enfermedad m\u00e1s grave, y es necesario que un m\u00e9dico lo reconozca.<\/p>\n<p>&#8220;Cuando miro muchas de las listas de dolencias menores, pienso que no hay nada menor en muchas de ellas&#8221;, dijo Nowak.<\/p>\n<p>&#8220;Muchas de estas dolencias dependen del paciente&#8230; uno, que conozca el diagn\u00f3stico por s\u00ed mismo, es decir, la propia opini\u00f3n del paciente. Y lo \u00faltimo que escuch\u00e9 es que la mayor\u00eda de mis pacientes no han ido a la escuela de medicina. Y luego, dos: tambi\u00e9n depende de la propia opini\u00f3n del paciente sobre si se trata de algo menor o algo grave&#8221;.<\/p>\n<p>Bates dijo que se ha sentido &#8220;decepcionado&#8221; por algunos de los mensajes de los m\u00e9dicos, y agreg\u00f3 que cualquier noci\u00f3n de que existe un mayor riesgo para la seguridad del paciente es &#8220;desinformaci\u00f3n&#8221;.<\/p>\n<p>&#8220;Quiero apoyar a la OMA y a la atenci\u00f3n primaria, y lo hago, contratando m\u00e1s m\u00e9dicos y resolviendo algunos de sus problemas, pero no deber\u00eda ser a expensas de que otras profesiones de la salud obtengan su&#8230; \u00e1mbito de pr\u00e1ctica adecuado&#8221;, dijo.<\/p>\n<p>&#8220;Por lo tanto, no se trata de un juego de suma cero. Queremos que los m\u00e9dicos se sientan c\u00f3modos con esto, pero&#8230; la forma en que algunos de estos m\u00e9dicos est\u00e1n respondiendo es casi como histeria&#8221;.<\/p>\n<p>La propuesta del gobierno sobre su registro regulatorio est\u00e1 abierta a comentarios hasta el 20 de octubre.<\/p>\n","protected":false},"excerpt":{"rendered":"<p>&nbsp; El gobierno podr\u00eda financiar a las farmacias para que administren m\u00e1s vacunas &nbsp; Ontario propone ampliar a\u00fan m\u00e1s el \u00e1mbito de actuaci\u00f3n de los&hellip;<\/p>\n","protected":false},"author":99,"featured_media":521240,"comment_status":"open","ping_status":"open","sticky":false,"template":"","format":"standard","meta":{"footnotes":""},"categories":[21,11191],"tags":[],"class_list":["post-521239","post","type-post","status-publish","format-standard","has-post-thumbnail","hentry","category-canada","category-top-news"],"_links":{"self":[{"href":"https:\/\/diarioelpopular.com\/index.php\/wp-json\/wp\/v2\/posts\/521239","targetHints":{"allow":["GET"]}}],"collection":[{"href":"https:\/\/diarioelpopular.com\/index.php\/wp-json\/wp\/v2\/posts"}],"about":[{"href":"https:\/\/diarioelpopular.com\/index.php\/wp-json\/wp\/v2\/types\/post"}],"author":[{"embeddable":true,"href":"https:\/\/diarioelpopular.com\/index.php\/wp-json\/wp\/v2\/users\/99"}],"replies":[{"embeddable":true,"href":"https:\/\/diarioelpopular.com\/index.php\/wp-json\/wp\/v2\/comments?post=521239"}],"version-history":[{"count":1,"href":"https:\/\/diarioelpopular.com\/index.php\/wp-json\/wp\/v2\/posts\/521239\/revisions"}],"predecessor-version":[{"id":521241,"href":"https:\/\/diarioelpopular.com\/index.php\/wp-json\/wp\/v2\/posts\/521239\/revisions\/521241"}],"wp:featuredmedia":[{"embeddable":true,"href":"https:\/\/diarioelpopular.com\/index.php\/wp-json\/wp\/v2\/media\/521240"}],"wp:attachment":[{"href":"https:\/\/diarioelpopular.com\/index.php\/wp-json\/wp\/v2\/media?parent=521239"}],"wp:term":[{"taxonomy":"category","embeddable":true,"href":"https:\/\/diarioelpopular.com\/index.php\/wp-json\/wp\/v2\/categories?post=521239"},{"taxonomy":"post_tag","embeddable":true,"href":"https:\/\/diarioelpopular.com\/index.php\/wp-json\/wp\/v2\/tags?post=521239"}],"curies":[{"name":"wp","href":"https:\/\/api.w.org\/{rel}","templated":true}]}}