{"id":521272,"date":"2024-09-17T08:53:53","date_gmt":"2024-09-17T12:53:53","guid":{"rendered":"https:\/\/diarioelpopular.com\/?p=521272"},"modified":"2024-09-17T08:53:53","modified_gmt":"2024-09-17T12:53:53","slug":"la-tasa-de-inflacion-de-canada-alcanza-el-objetivo-del-2-el-nivel-mas-bajo-en-mas-de-3-anos","status":"publish","type":"post","link":"https:\/\/diarioelpopular.com\/index.php\/2024\/09\/17\/la-tasa-de-inflacion-de-canada-alcanza-el-objetivo-del-2-el-nivel-mas-bajo-en-mas-de-3-anos\/","title":{"rendered":"La tasa de inflaci\u00f3n de Canad\u00e1 alcanza el objetivo del 2%, el nivel m\u00e1s bajo en m\u00e1s de 3 a\u00f1os"},"content":{"rendered":"<div id=\"attachment_521273\" style=\"width: 646px\" class=\"wp-caption alignnone\"><img loading=\"lazy\" decoding=\"async\" aria-describedby=\"caption-attachment-521273\" class=\"wp-image-521273 size-custom-full-size\" src=\"https:\/\/diarioelpopular.com\/wp-content\/uploads\/2024\/09\/Screen-Shot-2024-09-17-at-8.52.10-AM-636x357.png\" alt=\"\" width=\"636\" height=\"357\" srcset=\"https:\/\/diarioelpopular.com\/wp-content\/uploads\/2024\/09\/Screen-Shot-2024-09-17-at-8.52.10-AM-636x357.png 636w, https:\/\/diarioelpopular.com\/wp-content\/uploads\/2024\/09\/Screen-Shot-2024-09-17-at-8.52.10-AM-300x168.png 300w, https:\/\/diarioelpopular.com\/wp-content\/uploads\/2024\/09\/Screen-Shot-2024-09-17-at-8.52.10-AM-768x431.png 768w, https:\/\/diarioelpopular.com\/wp-content\/uploads\/2024\/09\/Screen-Shot-2024-09-17-at-8.52.10-AM-130x73.png 130w, https:\/\/diarioelpopular.com\/wp-content\/uploads\/2024\/09\/Screen-Shot-2024-09-17-at-8.52.10-AM.png 862w\" sizes=\"auto, (max-width: 636px) 100vw, 636px\" \/><p id=\"caption-attachment-521273\" class=\"wp-caption-text\">El gobernador del Banco de Canad\u00e1, Tiff Macklem, participa en una conferencia de prensa sobre el anuncio de la tasa de inter\u00e9s del banco en Ottawa el 4 de septiembre de 2024.\u00a0 \u00a0 \u00a0 \u00a0 \u00a0 \u00a0 \u00a0 \u00a0 \u00a0 \u00a0 \u00a0 \u00a0 \u00a0 \u00a0 \u00a0 \u00a0 \u00a0 \u00a0 \u00a0 \u00a0THE CANADIAN PRESS\/Justin Tang<\/p><\/div>\n<p>&nbsp;<\/p>\n<p>&nbsp;<\/p>\n<p>&nbsp;<\/p>\n<ul>\n<li><em><strong>La tasa de inflaci\u00f3n de Canad\u00e1 cay\u00f3 al dos por ciento en agosto, alcanzando finalmente el objetivo del Banco de Canad\u00e1 despu\u00e9s de una tumultuosa batalla con el vertiginoso crecimiento de los precios<\/strong><\/em><\/li>\n<\/ul>\n<p>&nbsp;<\/p>\n<p>&nbsp;<\/p>\n<p><em><strong>OTTAWA.-<\/strong><\/em> La tasa de inflaci\u00f3n anual cay\u00f3 del 2,5 por ciento en julio para alcanzar el nivel m\u00e1s bajo desde febrero de 2021.<\/p>\n<p>El informe del \u00edndice de precios al consumidor de Statistics Canada dice que la desaceleraci\u00f3n fue impulsada en parte por los precios m\u00e1s bajos de la gasolina.<\/p>\n<p>Mientras tanto, los precios de la ropa y el calzado disminuyeron mes a mes, lo que marca la primera ca\u00edda en el mes de agosto desde 1971, ya que los minoristas ofrecieron mayores descuentos para atraer a los compradores en medio de una desaceleraci\u00f3n de la demanda.<\/p>\n<p>La desaceleraci\u00f3n del crecimiento de los precios el mes pasado fue m\u00e1s pronunciada de lo que esperaban los pronosticadores y probablemente provocar\u00e1 especulaciones sobre un recorte mayor de la tasa de inter\u00e9s el pr\u00f3ximo mes por parte del banco central.<\/p>\n<p>El gobernador Tiff Macklem se\u00f1al\u00f3 recientemente que el Banco de Canad\u00e1 est\u00e1 listo para aplicar mayores recortes de la tasa de inter\u00e9s, si la inflaci\u00f3n o la econom\u00eda se desaceleran m\u00e1s de lo esperado.<\/p>\n","protected":false},"excerpt":{"rendered":"<p>&nbsp; &nbsp; &nbsp; La tasa de inflaci\u00f3n de Canad\u00e1 cay\u00f3 al dos por ciento en agosto, alcanzando finalmente el objetivo del Banco de Canad\u00e1 despu\u00e9s&hellip;<\/p>\n","protected":false},"author":99,"featured_media":521273,"comment_status":"open","ping_status":"open","sticky":false,"template":"","format":"standard","meta":{"footnotes":""},"categories":[21],"tags":[],"class_list":["post-521272","post","type-post","status-publish","format-standard","has-post-thumbnail","hentry","category-canada"],"_links":{"self":[{"href":"https:\/\/diarioelpopular.com\/index.php\/wp-json\/wp\/v2\/posts\/521272","targetHints":{"allow":["GET"]}}],"collection":[{"href":"https:\/\/diarioelpopular.com\/index.php\/wp-json\/wp\/v2\/posts"}],"about":[{"href":"https:\/\/diarioelpopular.com\/index.php\/wp-json\/wp\/v2\/types\/post"}],"author":[{"embeddable":true,"href":"https:\/\/diarioelpopular.com\/index.php\/wp-json\/wp\/v2\/users\/99"}],"replies":[{"embeddable":true,"href":"https:\/\/diarioelpopular.com\/index.php\/wp-json\/wp\/v2\/comments?post=521272"}],"version-history":[{"count":1,"href":"https:\/\/diarioelpopular.com\/index.php\/wp-json\/wp\/v2\/posts\/521272\/revisions"}],"predecessor-version":[{"id":521274,"href":"https:\/\/diarioelpopular.com\/index.php\/wp-json\/wp\/v2\/posts\/521272\/revisions\/521274"}],"wp:featuredmedia":[{"embeddable":true,"href":"https:\/\/diarioelpopular.com\/index.php\/wp-json\/wp\/v2\/media\/521273"}],"wp:attachment":[{"href":"https:\/\/diarioelpopular.com\/index.php\/wp-json\/wp\/v2\/media?parent=521272"}],"wp:term":[{"taxonomy":"category","embeddable":true,"href":"https:\/\/diarioelpopular.com\/index.php\/wp-json\/wp\/v2\/categories?post=521272"},{"taxonomy":"post_tag","embeddable":true,"href":"https:\/\/diarioelpopular.com\/index.php\/wp-json\/wp\/v2\/tags?post=521272"}],"curies":[{"name":"wp","href":"https:\/\/api.w.org\/{rel}","templated":true}]}}