{"id":521324,"date":"2024-09-18T09:00:06","date_gmt":"2024-09-18T13:00:06","guid":{"rendered":"https:\/\/diarioelpopular.com\/?p=521324"},"modified":"2024-09-18T09:00:06","modified_gmt":"2024-09-18T13:00:06","slug":"conservadores-tendran-su-primera-oportunidad-para-dar-el-golpe-de-gracia-al-gobierno-de-trudeau","status":"publish","type":"post","link":"https:\/\/diarioelpopular.com\/index.php\/2024\/09\/18\/conservadores-tendran-su-primera-oportunidad-para-dar-el-golpe-de-gracia-al-gobierno-de-trudeau\/","title":{"rendered":"Conservadores tendr\u00e1n su primera oportunidad para dar el golpe de gracia al gobierno de Trudeau"},"content":{"rendered":"<p><img loading=\"lazy\" decoding=\"async\" class=\"alignnone size-custom-full-size wp-image-521325\" src=\"https:\/\/diarioelpopular.com\/wp-content\/uploads\/2024\/09\/Screen-Shot-2024-09-18-at-8.59.38-AM-636x485.png\" alt=\"\" width=\"636\" height=\"485\" srcset=\"https:\/\/diarioelpopular.com\/wp-content\/uploads\/2024\/09\/Screen-Shot-2024-09-18-at-8.59.38-AM-636x485.png 636w, https:\/\/diarioelpopular.com\/wp-content\/uploads\/2024\/09\/Screen-Shot-2024-09-18-at-8.59.38-AM-300x229.png 300w, https:\/\/diarioelpopular.com\/wp-content\/uploads\/2024\/09\/Screen-Shot-2024-09-18-at-8.59.38-AM-768x585.png 768w, https:\/\/diarioelpopular.com\/wp-content\/uploads\/2024\/09\/Screen-Shot-2024-09-18-at-8.59.38-AM-96x73.png 96w, https:\/\/diarioelpopular.com\/wp-content\/uploads\/2024\/09\/Screen-Shot-2024-09-18-at-8.59.38-AM.png 840w\" sizes=\"auto, (max-width: 636px) 100vw, 636px\" \/><\/p>\n<p>&nbsp;<\/p>\n<p>&nbsp;<\/p>\n<p>&nbsp;<\/p>\n<ul>\n<li><em><strong>El l\u00edder conservador Pierre Poilievre tendr\u00e1 su primera oportunidad de derrocar al gobierno liberal minoritario del primer ministro Justin Trudeau la pr\u00f3xima semana, seg\u00fan confirm\u00f3 CTV News<\/strong><\/em><\/li>\n<\/ul>\n<p>&nbsp;<\/p>\n<p><em><strong>OTTAWA.-<\/strong><\/em> Si bien la agenda legislativa a\u00fan podr\u00eda cambiar, el primer d\u00eda de oposici\u00f3n conservadora se program\u00f3 tentativamente para el martes, seg\u00fan fuentes de ambos partidos.<\/p>\n<p>Ese d\u00eda Poilievre puede presentar su prometida moci\u00f3n de censura al primer ministro, obligando a la C\u00e1mara de los Comunes a pasar el d\u00eda debati\u00e9ndola.<\/p>\n<p>La votaci\u00f3n sobre esta primera prueba importante de la nueva din\u00e1mica minoritaria en el Parlamento se realizar\u00e1 el mi\u00e9rcoles.<\/p>\n<p>Queda por ver c\u00f3mo redactan los conservadores la redacci\u00f3n de la moci\u00f3n y c\u00f3mo eso puede afectar si otros partidos la respaldan.<\/p>\n<p>Para aprobarla, la mayor\u00eda de los 336 parlamentarios actuales tendr\u00edan que votar para decir que ya no tienen confianza en Trudeau.<\/p>\n<p>En este momento, los liberales tienen 154 esca\u00f1os y los conservadores 119. Despu\u00e9s de las elecciones parciales del lunes, ahora hay 33 diputados del Bloque y 25 de los Nuevos Dem\u00f3cratas. El Partido Verde tiene dos esca\u00f1os y tambi\u00e9n hay tres independientes.<\/p>\n<p>De cara a la sesi\u00f3n de oto\u00f1o, Poilievre prometi\u00f3 presentar una moci\u00f3n de censura para derrotar a la minor\u00eda liberal en la primera oportunidad que tenga y pidi\u00f3 a los dem\u00e1s partidos de la oposici\u00f3n que lo respalden.<\/p>\n<p>Detr\u00e1s de este impulso est\u00e1 el deseo del l\u00edder conservador de una &#8220;elecci\u00f3n anticipada del impuesto al carbono&#8221; ahora que el acuerdo de suministro y confianza entre el NDP y los liberales ha terminado, y le dijo a Trudeau en el per\u00edodo de preguntas del lunes que su &#8220;tiempo se acab\u00f3&#8221;.<\/p>\n<p>Cuando se les pregunt\u00f3 repetidamente esta semana c\u00f3mo votar\u00edan sobre esta primera moci\u00f3n de censura, el l\u00edder del Bloc Quebecois, Yves-Francois Blanchet, el l\u00edder del NDP, Jagmeet Singh, y Elizabeth May, del Partido Verde, dijeron que necesitar\u00edan ver el texto de cualquier moci\u00f3n hipot\u00e9tica antes de expresar su posici\u00f3n.<\/p>\n<p>El gobierno establece el calendario de cu\u00e1ndo se llevan a cabo los d\u00edas de oposici\u00f3n, y los liberales parecen estar cumpliendo su promesa de no hacer esperar mucho a los parlamentarios antes de permitir que se lleve a cabo esta primera prueba importante.<\/p>\n<p>Hay solo 11 semanas y media de sesiones en el calendario de la C\u00e1mara este oto\u00f1o, y dentro de ese per\u00edodo de tiempo, hay siete d\u00edas de oposici\u00f3n asignados para que los partidos no gobernantes establezcan la agenda y presenten las mociones que elijan. Eso significa que si el primer intento de los conservadores de declarar la censura a Trudeau no tiene \u00e9xito, el partido tendr\u00e1 oportunidades adicionales.<\/p>\n","protected":false},"excerpt":{"rendered":"<p>&nbsp; &nbsp; &nbsp; El l\u00edder conservador Pierre Poilievre tendr\u00e1 su primera oportunidad de derrocar al gobierno liberal minoritario del primer ministro Justin Trudeau la pr\u00f3xima&hellip;<\/p>\n","protected":false},"author":99,"featured_media":521325,"comment_status":"open","ping_status":"open","sticky":false,"template":"","format":"standard","meta":{"footnotes":""},"categories":[21,11191],"tags":[],"class_list":["post-521324","post","type-post","status-publish","format-standard","has-post-thumbnail","hentry","category-canada","category-top-news"],"_links":{"self":[{"href":"https:\/\/diarioelpopular.com\/index.php\/wp-json\/wp\/v2\/posts\/521324","targetHints":{"allow":["GET"]}}],"collection":[{"href":"https:\/\/diarioelpopular.com\/index.php\/wp-json\/wp\/v2\/posts"}],"about":[{"href":"https:\/\/diarioelpopular.com\/index.php\/wp-json\/wp\/v2\/types\/post"}],"author":[{"embeddable":true,"href":"https:\/\/diarioelpopular.com\/index.php\/wp-json\/wp\/v2\/users\/99"}],"replies":[{"embeddable":true,"href":"https:\/\/diarioelpopular.com\/index.php\/wp-json\/wp\/v2\/comments?post=521324"}],"version-history":[{"count":1,"href":"https:\/\/diarioelpopular.com\/index.php\/wp-json\/wp\/v2\/posts\/521324\/revisions"}],"predecessor-version":[{"id":521326,"href":"https:\/\/diarioelpopular.com\/index.php\/wp-json\/wp\/v2\/posts\/521324\/revisions\/521326"}],"wp:featuredmedia":[{"embeddable":true,"href":"https:\/\/diarioelpopular.com\/index.php\/wp-json\/wp\/v2\/media\/521325"}],"wp:attachment":[{"href":"https:\/\/diarioelpopular.com\/index.php\/wp-json\/wp\/v2\/media?parent=521324"}],"wp:term":[{"taxonomy":"category","embeddable":true,"href":"https:\/\/diarioelpopular.com\/index.php\/wp-json\/wp\/v2\/categories?post=521324"},{"taxonomy":"post_tag","embeddable":true,"href":"https:\/\/diarioelpopular.com\/index.php\/wp-json\/wp\/v2\/tags?post=521324"}],"curies":[{"name":"wp","href":"https:\/\/api.w.org\/{rel}","templated":true}]}}