{"id":521357,"date":"2024-09-19T08:50:44","date_gmt":"2024-09-19T12:50:44","guid":{"rendered":"https:\/\/diarioelpopular.com\/?p=521357"},"modified":"2024-09-19T08:50:44","modified_gmt":"2024-09-19T12:50:44","slug":"aerolineas-podrian-verse-obligadas-a-pagar-millones-de-dolares-en-la-nueva-propuesta-de-la-autoridad-reguladora-del-transporte","status":"publish","type":"post","link":"https:\/\/diarioelpopular.com\/index.php\/2024\/09\/19\/aerolineas-podrian-verse-obligadas-a-pagar-millones-de-dolares-en-la-nueva-propuesta-de-la-autoridad-reguladora-del-transporte\/","title":{"rendered":"Aerol\u00edneas podr\u00edan verse obligadas a pagar millones de d\u00f3lares en la nueva propuesta de la autoridad reguladora del transporte"},"content":{"rendered":"<div id=\"attachment_521358\" style=\"width: 646px\" class=\"wp-caption alignnone\"><img loading=\"lazy\" decoding=\"async\" aria-describedby=\"caption-attachment-521358\" class=\"wp-image-521358 size-custom-full-size\" src=\"https:\/\/diarioelpopular.com\/wp-content\/uploads\/2024\/09\/Screen-Shot-2024-09-19-at-8.49.41-AM-636x539.png\" alt=\"\" width=\"636\" height=\"539\" srcset=\"https:\/\/diarioelpopular.com\/wp-content\/uploads\/2024\/09\/Screen-Shot-2024-09-19-at-8.49.41-AM-636x539.png 636w, https:\/\/diarioelpopular.com\/wp-content\/uploads\/2024\/09\/Screen-Shot-2024-09-19-at-8.49.41-AM-300x254.png 300w, https:\/\/diarioelpopular.com\/wp-content\/uploads\/2024\/09\/Screen-Shot-2024-09-19-at-8.49.41-AM-768x651.png 768w, https:\/\/diarioelpopular.com\/wp-content\/uploads\/2024\/09\/Screen-Shot-2024-09-19-at-8.49.41-AM-86x73.png 86w, https:\/\/diarioelpopular.com\/wp-content\/uploads\/2024\/09\/Screen-Shot-2024-09-19-at-8.49.41-AM.png 840w\" sizes=\"auto, (max-width: 636px) 100vw, 636px\" \/><p id=\"caption-attachment-521358\" class=\"wp-caption-text\">The Canadian Press<\/p><\/div>\n<p>&nbsp;<\/p>\n<p>&nbsp;<\/p>\n<ul>\n<li><em><strong>Una nueva propuesta de la autoridad reguladora del transporte del pa\u00eds cobrar\u00eda a las aerol\u00edneas 790 d\u00f3lares por cada queja de un pasajero que resuelva, independientemente de qu\u00e9 parte gane la disputa<\/strong><\/em><\/li>\n<\/ul>\n<p>&nbsp;<\/p>\n<p>La Agencia Canadiense de Transporte ha lanzado una consulta de un mes sobre las reformas propuestas, que se aplicar\u00edan a las quejas v\u00e1lidas de los clientes procesadas y resueltas por la autoridad reguladora.<\/p>\n<p>La agencia estima que podr\u00e1 cerrar poco m\u00e1s de 22.600 quejas de viajes a\u00e9reos al a\u00f1o, lo que representa aproximadamente 17,9 millones de d\u00f3lares en tarifas cobradas a las aerol\u00edneas.<\/p>\n<p>Dice que la tarifa pretende cubrir el 60 por ciento del costo anual proyectado de 29,8 millones de d\u00f3lares para gestionar las quejas elegibles, con gastos que se derivan principalmente de los salarios y beneficios de los funcionarios de resoluci\u00f3n de la agencia.<\/p>\n<p>Aunque las tarifas podr\u00edan disuadir a las aerol\u00edneas de infringir las normas, el defensor de los derechos de los pasajeros Gabor Lukacs dice que la medida llega &#8220;demasiado poco, demasiado tarde&#8221; y no sirve como un desincentivo adecuado.<\/p>\n<p>La agencia de transporte dice que su acumulaci\u00f3n de quejas sobre viajes a\u00e9reos ahora se sit\u00faa en un m\u00e1ximo hist\u00f3rico de alrededor de 78.000, impulsada en parte por cifras sin precedentes el a\u00f1o pasado en medio de las continuas frustraciones de los viajeros debido a las constantes irresponsabilidades y excusas.<\/p>\n","protected":false},"excerpt":{"rendered":"<p>&nbsp; &nbsp; Una nueva propuesta de la autoridad reguladora del transporte del pa\u00eds cobrar\u00eda a las aerol\u00edneas 790 d\u00f3lares por cada queja de un pasajero&hellip;<\/p>\n","protected":false},"author":99,"featured_media":521358,"comment_status":"open","ping_status":"open","sticky":false,"template":"","format":"standard","meta":{"footnotes":""},"categories":[21,11191],"tags":[],"class_list":["post-521357","post","type-post","status-publish","format-standard","has-post-thumbnail","hentry","category-canada","category-top-news"],"_links":{"self":[{"href":"https:\/\/diarioelpopular.com\/index.php\/wp-json\/wp\/v2\/posts\/521357","targetHints":{"allow":["GET"]}}],"collection":[{"href":"https:\/\/diarioelpopular.com\/index.php\/wp-json\/wp\/v2\/posts"}],"about":[{"href":"https:\/\/diarioelpopular.com\/index.php\/wp-json\/wp\/v2\/types\/post"}],"author":[{"embeddable":true,"href":"https:\/\/diarioelpopular.com\/index.php\/wp-json\/wp\/v2\/users\/99"}],"replies":[{"embeddable":true,"href":"https:\/\/diarioelpopular.com\/index.php\/wp-json\/wp\/v2\/comments?post=521357"}],"version-history":[{"count":1,"href":"https:\/\/diarioelpopular.com\/index.php\/wp-json\/wp\/v2\/posts\/521357\/revisions"}],"predecessor-version":[{"id":521359,"href":"https:\/\/diarioelpopular.com\/index.php\/wp-json\/wp\/v2\/posts\/521357\/revisions\/521359"}],"wp:featuredmedia":[{"embeddable":true,"href":"https:\/\/diarioelpopular.com\/index.php\/wp-json\/wp\/v2\/media\/521358"}],"wp:attachment":[{"href":"https:\/\/diarioelpopular.com\/index.php\/wp-json\/wp\/v2\/media?parent=521357"}],"wp:term":[{"taxonomy":"category","embeddable":true,"href":"https:\/\/diarioelpopular.com\/index.php\/wp-json\/wp\/v2\/categories?post=521357"},{"taxonomy":"post_tag","embeddable":true,"href":"https:\/\/diarioelpopular.com\/index.php\/wp-json\/wp\/v2\/tags?post=521357"}],"curies":[{"name":"wp","href":"https:\/\/api.w.org\/{rel}","templated":true}]}}