{"id":521415,"date":"2024-09-20T09:05:19","date_gmt":"2024-09-20T13:05:19","guid":{"rendered":"https:\/\/diarioelpopular.com\/?p=521415"},"modified":"2024-09-20T09:05:19","modified_gmt":"2024-09-20T13:05:19","slug":"trudeau-nombra-a-anita-anand-ministra-de-transportes-tras-la-renuncia-de-pablo-rodriguez-del-gabinete","status":"publish","type":"post","link":"https:\/\/diarioelpopular.com\/index.php\/2024\/09\/20\/trudeau-nombra-a-anita-anand-ministra-de-transportes-tras-la-renuncia-de-pablo-rodriguez-del-gabinete\/","title":{"rendered":"Trudeau nombra a Anita Anand ministra de Transportes tras la renuncia de Pablo Rodr\u00edguez del gabinete"},"content":{"rendered":"<p><img loading=\"lazy\" decoding=\"async\" class=\"alignnone size-custom-full-size wp-image-521416\" src=\"https:\/\/diarioelpopular.com\/wp-content\/uploads\/2024\/09\/Screen-Shot-2024-09-20-at-9.04.09-AM-636x358.png\" alt=\"\" width=\"636\" height=\"358\" srcset=\"https:\/\/diarioelpopular.com\/wp-content\/uploads\/2024\/09\/Screen-Shot-2024-09-20-at-9.04.09-AM-636x358.png 636w, https:\/\/diarioelpopular.com\/wp-content\/uploads\/2024\/09\/Screen-Shot-2024-09-20-at-9.04.09-AM-300x169.png 300w, https:\/\/diarioelpopular.com\/wp-content\/uploads\/2024\/09\/Screen-Shot-2024-09-20-at-9.04.09-AM-768x433.png 768w, https:\/\/diarioelpopular.com\/wp-content\/uploads\/2024\/09\/Screen-Shot-2024-09-20-at-9.04.09-AM-130x73.png 130w, https:\/\/diarioelpopular.com\/wp-content\/uploads\/2024\/09\/Screen-Shot-2024-09-20-at-9.04.09-AM.png 948w\" sizes=\"auto, (max-width: 636px) 100vw, 636px\" \/><\/p>\n<p>&nbsp;<\/p>\n<ul>\n<li><em><strong>El primer ministro Justin Trudeau design\u00f3 a la presidente del Consejo del Tesoro, Anita Anand, para asumir funciones adicionales como ministra de Transportes de Canad\u00e1<\/strong><\/em><\/li>\n<\/ul>\n<p>&nbsp;<\/p>\n<p>&nbsp;<\/p>\n<p><em><strong>OTTAWA.-<\/strong> <\/em>El peque\u00f1o, pero significativo cambio en su bancada se produjo como resultado de que el veterano ministro del gabinete Pablo Rodr\u00edguez anunciara que renunciaba a su cargo de ministro para postularse a la direcci\u00f3n del Partido Liberal de Quebec (QLP).<\/p>\n<p>Su decisi\u00f3n de salir del gobierno de Trudeau tambi\u00e9n dej\u00f3 a los liberales sin un lugarteniente de Quebec. El ministro de Adquisiciones, Jean Yves Duclos, asumir\u00e1 ese t\u00edtulo.<\/p>\n<p>Anand prest\u00f3 juramento en su nuevo cargo en una breve ceremonia en Rideau Hall el jueves por la tarde. Trudeau no estuvo presente, pero s\u00ed la gobernadora general Mary Simon, al igual que un peque\u00f1o n\u00famero de miembros del personal y de la familia.<\/p>\n<p>Hay planes en marcha para una reorganizaci\u00f3n m\u00e1s grande en los pr\u00f3ximos meses, seg\u00fan dijeron fuentes a CTV News.<\/p>\n<p>En declaraciones a los periodistas, Anand agradeci\u00f3 a Rodr\u00edguez por sus contribuciones, pero esquiv\u00f3 las preguntas sobre lo que significa su partida para la alica\u00edda suerte pol\u00edtica de los liberales.<\/p>\n<p>\u201cEn t\u00e9rminos de su decisi\u00f3n, es una decisi\u00f3n que tom\u00f3 de forma independiente y le deseo lo mejor\u201d, dijo.<\/p>\n<p><em><strong>Rodr\u00edguez trabajar\u00e1 como independiente<\/strong><\/em><br \/>\nSi bien Rodr\u00edguez dej\u00f3 su asiento en el banco delantero, permanecer\u00e1 como diputado por Honor\u00e9-Mercier, Quebec. En una decisi\u00f3n notable, Rodr\u00edguez decidi\u00f3 sentarse como diputado independiente hasta el lanzamiento de la campa\u00f1a por el liderazgo el pr\u00f3ximo enero.<\/p>\n<p>Cuando se le pregunt\u00f3 por qu\u00e9 decidi\u00f3 quedarse y separarse en la C\u00e1mara de los Comunes del partido pol\u00edtico del que ha sido parte durante d\u00e9cadas, Rodr\u00edguez dijo que quer\u00eda evitar \u201cuna costosa elecci\u00f3n parcial\u201d potencialmente meses antes de una elecci\u00f3n general.<\/p>\n<p>\u201cMe presento como independiente porque mis prioridades ya no pueden ser las de un gobierno, un gobierno al que siempre he servido como un buen jugador de equipo, pero hoy tengo que establecer mis propias prioridades y promover mi propia visi\u00f3n\u201d, dijo en franc\u00e9s.<\/p>\n<p>Elegido por primera vez como diputado en 2004, Rodr\u00edguez fue derrotado por Paulina Ayala del NDP durante la Ola Naranja de 2011.<\/p>\n<p>Rodr\u00edguez recuper\u00f3 su esca\u00f1o en 2015 y desde entonces ha desempe\u00f1ado una serie de funciones en el gabinete, incluyendo la de l\u00edder del gobierno en la C\u00e1mara de los Comunes y ministro de Patrimonio.<\/p>\n<p>Su salida, aunque se especul\u00f3 mucho durante el verano, se produce apenas unos d\u00edas despu\u00e9s de que los liberales perdieran una elecci\u00f3n parcial clave en otra victoria en Montreal ante el Bloc Quebecois.<\/p>\n<p>El destacado pol\u00edtico quebequense-argentino es el \u00faltimo de un creciente n\u00famero de liberales de alto perfil que se alejan del equipo de Trudeau.<\/p>\n<p>El ex ministro de Trabajo Seamus O\u2019Regan anunci\u00f3 en julio que se retiraba del gabinete y que no buscar\u00eda la reelecci\u00f3n, y justo antes de que comenzara la sesi\u00f3n de oto\u00f1o, el director de campa\u00f1a nacional de los liberales, Jeremy Broadhurst, renunci\u00f3.<\/p>\n<p>M\u00e1s de una docena de diputados liberales tambi\u00e9n se han retirado o han anunciado que no se presentar\u00e1n a la reelecci\u00f3n(opens in a new tab).<\/p>\n<p><em><strong>Promesas de votar en beneficio de Quebec<\/strong><\/em><br \/>\nLa candidatura de Rodr\u00edguez por el Partido Liberal de Quebec es para reemplazar al ex l\u00edder Dominique Anglade, quien renunci\u00f3 a fines de 2022, un mes despu\u00e9s de la derrota del partido en las elecciones provinciales ante la Coalici\u00f3n Avenir Quebec del premier Fran\u00e7ois Legault.<\/p>\n<p>Hoy, Legault inst\u00f3 al l\u00edder del bloque Yves-Francois Blanchet a derrocar al gobierno de Trudeau cuando se le d\u00e9 la primera oportunidad de presentar una moci\u00f3n de censura la pr\u00f3xima semana.<\/p>\n<p>Blanchet ya ha dicho que su partido no respaldar\u00e1 el primer intento de los conservadores de convocar elecciones anticipadas. Insisti\u00f3 en esta posici\u00f3n al hablar con los periodistas de camino al per\u00edodo de preguntas, diciendo que no ve la l\u00f3gica de derrotar a Trudeau solo para reemplazarlo por el l\u00edder conservador Pierre Poilievre.<\/p>\n<p>El l\u00edder del NDP Jagmeet Singh luego confirm\u00f3 que su partido tampoco respaldar\u00eda la primera moci\u00f3n de censura. Cuando se le pregunt\u00f3 c\u00f3mo piensa votar como nuevo diputado independiente que se enfrenta a la inestable din\u00e1mica de un parlamento minoritario, Rodr\u00edguez dijo que votar\u00e1 por pol\u00edticas que cree que son \u201cbuenas para Quebec y para los quebequenses\u201d.<\/p>\n<p>\u201cEsta vez no se trata del gobierno liberal, se trata de m\u00ed, de mi visi\u00f3n, de lo que voy a proponer\u2026 Ya no se trata del gobierno federal. Ellos har\u00e1n lo que tengan que hacer y yo har\u00e9 lo que tenga que hacer por mi parte\u201d, dijo Rodr\u00edguez.<\/p>\n<p>En cuanto a la inminente moci\u00f3n de censura, Rodr\u00edguez dijo que no quiere una elecci\u00f3n federal en este momento, por lo que votar\u00e1 en contra.<\/p>\n<p>En una declaraci\u00f3n, el rival por el liderazgo Marc B\u00e9langer dio la bienvenida a Rodr\u00edguez a la carrera.<\/p>\n<p>&#8220;Su compromiso de seguir defendiendo los intereses de Quebec, m\u00e1s all\u00e1 de lo que logr\u00f3 como teniente de Quebec, es una se\u00f1al alentadora. Esta campa\u00f1a finalmente le dar\u00e1 la oportunidad de estar m\u00e1s presente en el terreno, de salir de Montreal y de reunirse con los quebequenses de todas las regiones de la provincia&#8221;, dijo en un comunicado.<\/p>\n<p>Los miembros del QLP est\u00e1n listos para votar para elegir a su nuevo l\u00edder en la convenci\u00f3n de su partido en junio pr\u00f3ximo.<\/p>\n","protected":false},"excerpt":{"rendered":"<p>&nbsp; El primer ministro Justin Trudeau design\u00f3 a la presidente del Consejo del Tesoro, Anita Anand, para asumir funciones adicionales como ministra de Transportes de&hellip;<\/p>\n","protected":false},"author":99,"featured_media":521416,"comment_status":"open","ping_status":"open","sticky":false,"template":"","format":"standard","meta":{"footnotes":""},"categories":[21],"tags":[],"class_list":["post-521415","post","type-post","status-publish","format-standard","has-post-thumbnail","hentry","category-canada"],"_links":{"self":[{"href":"https:\/\/diarioelpopular.com\/index.php\/wp-json\/wp\/v2\/posts\/521415","targetHints":{"allow":["GET"]}}],"collection":[{"href":"https:\/\/diarioelpopular.com\/index.php\/wp-json\/wp\/v2\/posts"}],"about":[{"href":"https:\/\/diarioelpopular.com\/index.php\/wp-json\/wp\/v2\/types\/post"}],"author":[{"embeddable":true,"href":"https:\/\/diarioelpopular.com\/index.php\/wp-json\/wp\/v2\/users\/99"}],"replies":[{"embeddable":true,"href":"https:\/\/diarioelpopular.com\/index.php\/wp-json\/wp\/v2\/comments?post=521415"}],"version-history":[{"count":1,"href":"https:\/\/diarioelpopular.com\/index.php\/wp-json\/wp\/v2\/posts\/521415\/revisions"}],"predecessor-version":[{"id":521417,"href":"https:\/\/diarioelpopular.com\/index.php\/wp-json\/wp\/v2\/posts\/521415\/revisions\/521417"}],"wp:featuredmedia":[{"embeddable":true,"href":"https:\/\/diarioelpopular.com\/index.php\/wp-json\/wp\/v2\/media\/521416"}],"wp:attachment":[{"href":"https:\/\/diarioelpopular.com\/index.php\/wp-json\/wp\/v2\/media?parent=521415"}],"wp:term":[{"taxonomy":"category","embeddable":true,"href":"https:\/\/diarioelpopular.com\/index.php\/wp-json\/wp\/v2\/categories?post=521415"},{"taxonomy":"post_tag","embeddable":true,"href":"https:\/\/diarioelpopular.com\/index.php\/wp-json\/wp\/v2\/tags?post=521415"}],"curies":[{"name":"wp","href":"https:\/\/api.w.org\/{rel}","templated":true}]}}