{"id":521600,"date":"2024-09-25T09:06:13","date_gmt":"2024-09-25T13:06:13","guid":{"rendered":"https:\/\/diarioelpopular.com\/?p=521600"},"modified":"2024-09-25T09:55:38","modified_gmt":"2024-09-25T13:55:38","slug":"canada-y-estados-unidos-negociaran-la-disputa-fronteriza-en-el-mar-de-beaufort","status":"publish","type":"post","link":"https:\/\/diarioelpopular.com\/index.php\/2024\/09\/25\/canada-y-estados-unidos-negociaran-la-disputa-fronteriza-en-el-mar-de-beaufort\/","title":{"rendered":"Canad\u00e1 y Estados Unidos negociar\u00e1n la disputa fronteriza en el mar de Beaufort"},"content":{"rendered":"<div id=\"attachment_521601\" style=\"width: 1210px\" class=\"wp-caption alignnone\"><img loading=\"lazy\" decoding=\"async\" aria-describedby=\"caption-attachment-521601\" class=\"wp-image-521601 size-custom-big-size\" src=\"https:\/\/diarioelpopular.com\/wp-content\/uploads\/2024\/09\/Screen-Shot-2024-09-25-at-9.05.12-AM-1200x675.png\" alt=\"\" width=\"1200\" height=\"675\" srcset=\"https:\/\/diarioelpopular.com\/wp-content\/uploads\/2024\/09\/Screen-Shot-2024-09-25-at-9.05.12-AM-1200x675.png 1200w, https:\/\/diarioelpopular.com\/wp-content\/uploads\/2024\/09\/Screen-Shot-2024-09-25-at-9.05.12-AM-300x169.png 300w, https:\/\/diarioelpopular.com\/wp-content\/uploads\/2024\/09\/Screen-Shot-2024-09-25-at-9.05.12-AM-768x432.png 768w, https:\/\/diarioelpopular.com\/wp-content\/uploads\/2024\/09\/Screen-Shot-2024-09-25-at-9.05.12-AM-636x358.png 636w, https:\/\/diarioelpopular.com\/wp-content\/uploads\/2024\/09\/Screen-Shot-2024-09-25-at-9.05.12-AM-130x73.png 130w, https:\/\/diarioelpopular.com\/wp-content\/uploads\/2024\/09\/Screen-Shot-2024-09-25-at-9.05.12-AM.png 1024w\" sizes=\"auto, (max-width: 1200px) 100vw, 1200px\" \/><p id=\"caption-attachment-521601\" class=\"wp-caption-text\">Canad\u00e1 y Estados Unidos anunciaron la creaci\u00f3n de un grupo de trabajo para negociar una disputa fronteriza en el \u00c1rtico.\u00a0 \u00a0 (David Goldman\/The Canadian Press)<\/p><\/div>\n<p>&nbsp;<\/p>\n<p>&nbsp;<\/p>\n<p>&nbsp;<\/p>\n<ul>\n<li><em><strong>Canad\u00e1 y Estados Unidos dicen que han creado un grupo de trabajo para negociar una disputa fronteriza en el \u00c1rtico<\/strong><\/em><\/li>\n<\/ul>\n<p>&nbsp;<\/p>\n<p><em><strong>OTTAWA.-<\/strong> <\/em>Los dos pa\u00edses tienen una disputa de larga data sobre una secci\u00f3n del mar de Beaufort, en la que no est\u00e1n de acuerdo sobre un tratado que data de 1825.<\/p>\n<p>Los pa\u00edses dicen en un comunicado que el grupo de trabajo trabajar\u00e1 para resolver las reclamaciones superpuestas sobre el \u00e1rea, que est\u00e1 al norte de Alaska, Yuk\u00f3n y los Territorios del Noroeste.<\/p>\n<p>A fines del a\u00f1o pasado, Estados Unidos present\u00f3 una reclamaci\u00f3n de plataforma continental ante una agencia de las Naciones Unidas que incluye una gran parte del fondo del mar de Beaufort que Canad\u00e1 tambi\u00e9n busca controlar.<\/p>\n<p>Canad\u00e1 y Estados Unidos dicen que las negociaciones comenzar\u00e1n este oto\u00f1o y trabajar\u00e1n hacia un acuerdo final que brinde claridad sobre los l\u00edmites.<\/p>\n<p>Ambos pa\u00edses han puesto un enfoque creciente en el \u00c1rtico como resultado de la creciente competencia estrat\u00e9gica en la regi\u00f3n.<\/p>\n<p>El comunicado dice que el trabajo del grupo de trabajo incluir\u00e1 &#8220;un compromiso significativo con socios estatales, territoriales e ind\u00edgenas&#8221;.<\/p>\n<p>El acuerdo considerar\u00e1 &#8220;la conservaci\u00f3n responsable y el uso sostenible de los enormes recursos del \u00c1rtico para el beneficio mutuo de los estadounidenses y canadienses, incluidos los pueblos ind\u00edgenas&#8221;.<\/p>\n<p><em><strong>El clima, la seguridad alimentaria y el \u00c1rtico entre las prioridades de inteligencia de Canad\u00e1, dice Ottawa<\/strong><\/em><\/p>\n<p>Los temas urgentes del cambio clim\u00e1tico y la seguridad alimentaria se suman a otros m\u00e1s conocidos como el extremismo violento y el espionaje en una nueva lista de prioridades de inteligencia de Canad\u00e1.<\/p>\n<p>El gobierno federal dice que publicar la lista de prioridades por primera vez es un paso importante hacia una mayor transparencia.<\/p>\n<p>El gobierno revisa las prioridades cada dos a\u00f1os, bas\u00e1ndose en las recomendaciones del asesor de seguridad nacional y la comunidad de inteligencia.<\/p>\n<p>Una vez que las prioridades son revisadas y aprobadas por el gabinete federal, los ministros clave emiten directivas a las agencias federales que producen inteligencia.<\/p>\n<p>Entre las prioridades est\u00e1n la seguridad de la salud global, los alimentos, el agua y la biodiversidad, as\u00ed como las cuestiones del cambio clim\u00e1tico y la sostenibilidad global.<\/p>\n<p>La nueva lista tambi\u00e9n incluye la interferencia extranjera y la influencia maligna, las amenazas cibern\u00e9ticas, la seguridad de la infraestructura, la soberan\u00eda del \u00c1rtico, la integridad fronteriza y el crimen organizado transnacional.<\/p>\n","protected":false},"excerpt":{"rendered":"<p>&nbsp; &nbsp; &nbsp; Canad\u00e1 y Estados Unidos dicen que han creado un grupo de trabajo para negociar una disputa fronteriza en el \u00c1rtico &nbsp; OTTAWA.-&hellip;<\/p>\n","protected":false},"author":99,"featured_media":521601,"comment_status":"open","ping_status":"open","sticky":false,"template":"","format":"standard","meta":{"footnotes":""},"categories":[21,11191],"tags":[],"class_list":["post-521600","post","type-post","status-publish","format-standard","has-post-thumbnail","hentry","category-canada","category-top-news"],"_links":{"self":[{"href":"https:\/\/diarioelpopular.com\/index.php\/wp-json\/wp\/v2\/posts\/521600","targetHints":{"allow":["GET"]}}],"collection":[{"href":"https:\/\/diarioelpopular.com\/index.php\/wp-json\/wp\/v2\/posts"}],"about":[{"href":"https:\/\/diarioelpopular.com\/index.php\/wp-json\/wp\/v2\/types\/post"}],"author":[{"embeddable":true,"href":"https:\/\/diarioelpopular.com\/index.php\/wp-json\/wp\/v2\/users\/99"}],"replies":[{"embeddable":true,"href":"https:\/\/diarioelpopular.com\/index.php\/wp-json\/wp\/v2\/comments?post=521600"}],"version-history":[{"count":1,"href":"https:\/\/diarioelpopular.com\/index.php\/wp-json\/wp\/v2\/posts\/521600\/revisions"}],"predecessor-version":[{"id":521602,"href":"https:\/\/diarioelpopular.com\/index.php\/wp-json\/wp\/v2\/posts\/521600\/revisions\/521602"}],"wp:featuredmedia":[{"embeddable":true,"href":"https:\/\/diarioelpopular.com\/index.php\/wp-json\/wp\/v2\/media\/521601"}],"wp:attachment":[{"href":"https:\/\/diarioelpopular.com\/index.php\/wp-json\/wp\/v2\/media?parent=521600"}],"wp:term":[{"taxonomy":"category","embeddable":true,"href":"https:\/\/diarioelpopular.com\/index.php\/wp-json\/wp\/v2\/categories?post=521600"},{"taxonomy":"post_tag","embeddable":true,"href":"https:\/\/diarioelpopular.com\/index.php\/wp-json\/wp\/v2\/tags?post=521600"}],"curies":[{"name":"wp","href":"https:\/\/api.w.org\/{rel}","templated":true}]}}