{"id":521713,"date":"2024-09-27T09:31:21","date_gmt":"2024-09-27T13:31:21","guid":{"rendered":"https:\/\/diarioelpopular.com\/?p=521713"},"modified":"2024-09-27T09:31:21","modified_gmt":"2024-09-27T13:31:21","slug":"bloc-quebecois-lanza-ultimatun-en-desafio-a-los-liberales","status":"publish","type":"post","link":"https:\/\/diarioelpopular.com\/index.php\/2024\/09\/27\/bloc-quebecois-lanza-ultimatun-en-desafio-a-los-liberales\/","title":{"rendered":"Bloc Qu\u00e9b\u00e9cois lanza ultimatun en desaf\u00edo a los liberales"},"content":{"rendered":"<p><img loading=\"lazy\" decoding=\"async\" class=\"alignnone size-custom-full-size wp-image-521714\" src=\"https:\/\/diarioelpopular.com\/wp-content\/uploads\/2024\/09\/Screen-Shot-2024-09-27-at-9.30.50-AM-636x304.png\" alt=\"\" width=\"636\" height=\"304\" srcset=\"https:\/\/diarioelpopular.com\/wp-content\/uploads\/2024\/09\/Screen-Shot-2024-09-27-at-9.30.50-AM-636x304.png 636w, https:\/\/diarioelpopular.com\/wp-content\/uploads\/2024\/09\/Screen-Shot-2024-09-27-at-9.30.50-AM-300x143.png 300w, https:\/\/diarioelpopular.com\/wp-content\/uploads\/2024\/09\/Screen-Shot-2024-09-27-at-9.30.50-AM-768x367.png 768w, https:\/\/diarioelpopular.com\/wp-content\/uploads\/2024\/09\/Screen-Shot-2024-09-27-at-9.30.50-AM-146x70.png 146w, https:\/\/diarioelpopular.com\/wp-content\/uploads\/2024\/09\/Screen-Shot-2024-09-27-at-9.30.50-AM.png 946w\" sizes=\"auto, (max-width: 636px) 100vw, 636px\" \/><\/p>\n<p>&nbsp;<\/p>\n<p>&nbsp;<\/p>\n<ul>\n<li><em><strong>Los liberales tienen hasta el 29 de octubre para aprobar dos leyes o el Bloc iniciar\u00e1 conversaciones con los conservadores para derrocar al gobierno de Trudeau<\/strong><\/em><\/li>\n<\/ul>\n<p>&nbsp;<\/p>\n<p>&nbsp;<\/p>\n<p>Se ha fijado la fecha l\u00edmite. Durante el per\u00edodo de preguntas del jueves, el Bloc Qu\u00e9b\u00e9cois reafirm\u00f3 su plazo a los liberales de Trudeau para que cumplan con sus demandas o se enfrenten al derrocamiento de su gobierno minoritario.<\/p>\n<p>El l\u00edder del Bloc en la C\u00e1mara, Alain Therrien, repiti\u00f3 esa amenaza en la C\u00e1mara.<\/p>\n<p>&#8220;Los liberales tienen hasta el 29 de octubre para mejorar la OAS (seguridad de vejez) para las personas de 74 a\u00f1os o menos, y para proteger la gesti\u00f3n de la oferta&#8221;, dijo Therrien en franc\u00e9s, instando a los liberales a aprobar los proyectos de ley C-319 y C-282.<\/p>\n<p>&#8220;\u00bfPor qu\u00e9 estas dos medidas? Bueno, es bueno para los quebequenses, pero tambi\u00e9n hay consenso en esta c\u00e1mara: los liberales, los conservadores y el NDP ya han acordado esto. \u00bfPor qu\u00e9 dejar a los quebequenses esperando cuando podemos lograr avances para Quebec?\u201d<\/p>\n<p>El proyecto de ley C-319 se encuentra actualmente en tercera lectura en la C\u00e1mara de los Comunes, mientras que el C-282 complet\u00f3 su segunda lectura en el Senado en abril y actualmente est\u00e1 siendo analizado por el comit\u00e9 de Asuntos Exteriores y Comercio Internacional del Senado.<\/p>\n<p>El per\u00edodo de preguntas del jueves comenz\u00f3 con el presidente de la C\u00e1mara, Greg Fergus, informando al l\u00edder de la oposici\u00f3n, Pierre Poilievre, que sus conservadores ver\u00edan reducida la asignaci\u00f3n de preguntas del d\u00eda de cinco a dos como castigo por no retirar las declaraciones que hizo la semana pasada contra el l\u00edder del NDP, Jagmeet Singh, refiri\u00e9ndose a \u00e9l en la C\u00e1mara como un \u201cmentiroso\u201d y \u201cfarsante\u201d.<\/p>\n<p>El primer ministro Justin Trudeau casi fue expulsado de la C\u00e1mara por acusar a los conservadores de homofobia despu\u00e9s de escuchar mal una declaraci\u00f3n gritada y fuera de micr\u00f3fono hecha por un diputado conservador.<\/p>\n<p>Eludiendo las preguntas de Therrien sobre la fecha l\u00edmite de confianza del 29 de octubre, el ministro de Trabajo Steven MacKinnon acus\u00f3 al Bloque de votar en contra de la pol\u00edtica gubernamental relacionada con las personas mayores.<\/p>\n<p>\u201c\u00bfQu\u00e9 les dice (Therrien) a las 6.200 personas de su propio distrito electoral que se han sumado al programa federal de atenci\u00f3n dental?\u201d, respondi\u00f3 MacKinnon en franc\u00e9s. \u201c\u00bfQu\u00e9 les dice cuando le preguntan por qu\u00e9 vot\u00f3 en contra?\u201d.<\/p>\n<p>En respuesta, Therrien dijo que los liberales necesitan establecer sus prioridades.<\/p>\n<p>\u201cSi contin\u00faan as\u00ed, tendr\u00e1n que hacer muchas preguntas el a\u00f1o que viene\u201d, dijo.<\/p>\n<p>\u201cEl 29 de octubre, tal vez en lugar de jugar juegos partidistas, este gobierno deber\u00eda ponerse a trabajar\u201d, \u200b\u200bdijo Therrien. \u201cLas demandas del Bloc Qu\u00e9b\u00e9cois son claras, positivas y tienen un acuerdo en esta c\u00e1mara: pueden bloquear a las personas mayores o a los agricultores, o pueden optar por responder con cosas as\u00ed y sabotear su propio gobierno\u201d.<\/p>\n<p>\u201c\u00bfSobrevivir\u00e1n ayudando a los quebequenses o morir\u00e1n por sus espadas partidistas?\u201d, agreg\u00f3.<\/p>\n","protected":false},"excerpt":{"rendered":"<p>&nbsp; &nbsp; Los liberales tienen hasta el 29 de octubre para aprobar dos leyes o el Bloc iniciar\u00e1 conversaciones con los conservadores para derrocar al&hellip;<\/p>\n","protected":false},"author":99,"featured_media":521714,"comment_status":"open","ping_status":"open","sticky":false,"template":"","format":"standard","meta":{"footnotes":""},"categories":[21,11191],"tags":[],"class_list":["post-521713","post","type-post","status-publish","format-standard","has-post-thumbnail","hentry","category-canada","category-top-news"],"_links":{"self":[{"href":"https:\/\/diarioelpopular.com\/index.php\/wp-json\/wp\/v2\/posts\/521713","targetHints":{"allow":["GET"]}}],"collection":[{"href":"https:\/\/diarioelpopular.com\/index.php\/wp-json\/wp\/v2\/posts"}],"about":[{"href":"https:\/\/diarioelpopular.com\/index.php\/wp-json\/wp\/v2\/types\/post"}],"author":[{"embeddable":true,"href":"https:\/\/diarioelpopular.com\/index.php\/wp-json\/wp\/v2\/users\/99"}],"replies":[{"embeddable":true,"href":"https:\/\/diarioelpopular.com\/index.php\/wp-json\/wp\/v2\/comments?post=521713"}],"version-history":[{"count":1,"href":"https:\/\/diarioelpopular.com\/index.php\/wp-json\/wp\/v2\/posts\/521713\/revisions"}],"predecessor-version":[{"id":521715,"href":"https:\/\/diarioelpopular.com\/index.php\/wp-json\/wp\/v2\/posts\/521713\/revisions\/521715"}],"wp:featuredmedia":[{"embeddable":true,"href":"https:\/\/diarioelpopular.com\/index.php\/wp-json\/wp\/v2\/media\/521714"}],"wp:attachment":[{"href":"https:\/\/diarioelpopular.com\/index.php\/wp-json\/wp\/v2\/media?parent=521713"}],"wp:term":[{"taxonomy":"category","embeddable":true,"href":"https:\/\/diarioelpopular.com\/index.php\/wp-json\/wp\/v2\/categories?post=521713"},{"taxonomy":"post_tag","embeddable":true,"href":"https:\/\/diarioelpopular.com\/index.php\/wp-json\/wp\/v2\/tags?post=521713"}],"curies":[{"name":"wp","href":"https:\/\/api.w.org\/{rel}","templated":true}]}}