{"id":5218,"date":"2011-07-18T21:14:51","date_gmt":"2011-07-19T01:14:51","guid":{"rendered":"http:\/\/retrolab.ca\/elpopular\/?p=5218"},"modified":"2011-07-18T21:14:51","modified_gmt":"2011-07-19T01:14:51","slug":"uruguay-peru-un-pulso-igualado-hacia-la-gloria","status":"publish","type":"post","link":"https:\/\/diarioelpopular.com\/index.php\/2011\/07\/18\/uruguay-peru-un-pulso-igualado-hacia-la-gloria\/","title":{"rendered":"Uruguay-Per\u00fa, un pulso igualado hacia la gloria"},"content":{"rendered":"<div id=\"attachment_5219\" style=\"width: 710px\" class=\"wp-caption aligncenter\"><a href=\"http:\/\/retrolab.ca\/elpopular\/wp-content\/uploads\/2011\/07\/Copa-Am\u00e9rica-Uruguay-Per\u00fa-previa.jpg\"><img loading=\"lazy\" decoding=\"async\" aria-describedby=\"caption-attachment-5219\" class=\"size-full wp-image-5219\" title=\"Copa Am\u00e9rica, Uruguay - Per\u00fa, previa\" src=\"http:\/\/retrolab.ca\/elpopular\/wp-content\/uploads\/2011\/07\/Copa-Am\u00e9rica-Uruguay-Per\u00fa-previa.jpg\" alt=\"\" width=\"700\" height=\"420\" \/><\/a><p id=\"caption-attachment-5219\" class=\"wp-caption-text\">Seguidores peruanos (izquierda) y uruguayos (derecha) celebran las respectivas victorias de sus selecciones en los cuartos de final de la Copa Am\u00e9rica. Fotos: Efe<\/p><\/div>\n<p><em>Alfonso Gil. Buenos Aires.- <\/em>Las selecciones de Uruguay y Per\u00fa se miden en la primera semifinal de la\u00a0Copa\u00a0Am\u00e9rica en un pulso que se prev\u00e9 parejo en pos de entrar en la historia del certamen con una final que se les resiste a ambos equipos.<\/p>\n<p>El empate en el partido que les midi\u00f3 en la fase de grupos, la capacidad para superar respectivamente a rivales como Argentina y Colombia que se presentaban como favoritos y el rendimiento creciente de ambos conjuntos son algunos de los factores que refuerzan la igualdad con la que se presenta el encuentro.<\/p>\n<p>Adem\u00e1s, dos t\u00e9cnicos con un palmar\u00e9s envidiable, con experiencia y profundos conocedores del f\u00fatbol van a estar en el banquillo. Los dos so uruguayos. \u00d3scar Tabarez estar\u00e1 al frente de la selecci\u00f3n de su pa\u00eds y su compatriota Sergio Markari\u00e1n dirigir\u00e1 a Per\u00fa.<\/p>\n<p>Las fuerzas se nivelan incluso en cuestiones f\u00edsicas. Los dos equipos se vieron obligados a disputar una pr\u00f3rroga para alcanzar las semifinales. All\u00ed resolvi\u00f3 Per\u00fa por 2-0 ante Colombia, mientras que a Uruguay le hizo falta esperar a los penaltis.<\/p>\n<p>Precisamente esa circunstancia, adem\u00e1s de haber jugado una hora en inferioridad num\u00e9rica por la expulsi\u00f3n de Diego P\u00e9rez, llenan de moral a los hombres de Tabarez.<\/p>\n<p>El &#8220;maestro&#8221; deber\u00e1 recomponer la alineaci\u00f3n. Por una parte debe buscar un central para sustituir al lesionado Victorino. Jugar\u00e1 con toda probabilidad Coates, que no pudo estar por sanci\u00f3n frente a Argentina, aunque fue Scotti el que entr\u00f3 por Victorino cuando se lesi\u00f3n.<\/p>\n<p>Adem\u00e1s de con Victorino, la lista de jugadores con problemas f\u00edsicos se amplia a Diego God\u00edn y Edinson Cavani y la de bajas se completa con Diego P\u00e9rez, que cumplir\u00e1 sanci\u00f3n tras la expulsi\u00f3n frente a los argentinos.<\/p>\n<p>Entre Walter Gargano y Sebasti\u00e1n Eguren elegir\u00e1 con toda probabilidad Tabarez al sustituto del &#8216;Ruso&#8217; P\u00e9rez en la l\u00ednea medular de su selecci\u00f3n.<\/p>\n<p>Menos cambios parece que va a tener que introducir en el equipo Markari\u00e1n, que ya puede contar con el central Santiago Acasiete, uno de los hombres clave de su equipo, que no pudo estar ante Colombia tambi\u00e9n por problemas f\u00edsicas y que fue sustituido por Cristian Ramos.<\/p>\n<p>Aunque ante los peruanos fue titular Luis Adv\u00edncula, la entrada de Carlos Lobat\u00f3n fue clave para abrir el marcador, ya que suyo fue el primer gol de Per\u00fa. Si se produjera este cambio, el dibujo de los peruanos sobre el c\u00e9sped del estadio de La Plata podr\u00eda variar.<\/p>\n<p>Precisamente es el estado del terreno de juego una de las preocupaciones que mantienen ambos equipos, ya que el pasado domingo, en el encuentro entre Brasil y Paraguay qued\u00f3 claro que no est\u00e1 en buenas condiciones, ya son muchos los agujeros, la hierba salta y aparece demasiada arena.<\/p>\n<p>En cualquier caso, se espera un partido muy intenso, en el que Uruguay tratar\u00e1 de aprovechar sus grandes virtudes a bal\u00f3n parado, la consistencia de su defensa y la salida al contragolpe, ante una selecci\u00f3n peruana que ha manejado bien el bal\u00f3n y que ha crecido en un torneo en el que ha superado el infortunio del partido ante Chile.<\/p>\n<p>Adem\u00e1s, est\u00e1 servida la oportunidad para ver a grandes futbolistas y se espera mucho del duelo que los uruguayos Diego Forl\u00e1n y Luis Su\u00e1rez van a mantener con los peruanos Paolo Guerrero y Juan Vargas.<\/p>\n<p><strong>Alineaciones probables:<\/strong><\/p>\n<ul>\n<li><strong>Uruguay: <\/strong>Muslera, Maximiliano Pereira, Lugano, Coates, C\u00e1ceres, Ar\u00e9valo R\u00edos, Eguren o Gargano, Gonz\u00e1lez, \u00c1lvaro Pereira, Forl\u00e1n y Su\u00e1rez.<\/li>\n<li><strong>Per\u00fa: <\/strong>Fern\u00e1ndez, Revoredo, Acasiete, Rodr\u00edguez, V\u00edlchez; Balb\u00edn, Chiroque, Cruzado, Adv\u00edncula o Lobat\u00f3n, Vargas y Guerreo.<\/li>\n<li><strong>Estadio: <\/strong>Ciudad de la Plata<\/li>\n<li><strong>Hora:<\/strong> 21.45 (00.45 GMT del mi\u00e9rcoles)<\/li>\n<\/ul>\n","protected":false},"excerpt":{"rendered":"<p>Las selecciones de Uruguay y Per\u00fa se miden en la primera semifinal de la Copa Am\u00e9rica en un pulso que se prev\u00e9 parejo en pos de entrar en la historia del certamen con una final que se les resiste a ambos equipos.<\/p>\n","protected":false},"author":1,"featured_media":5219,"comment_status":"closed","ping_status":"open","sticky":false,"template":"","format":"standard","meta":{"footnotes":""},"categories":[28],"tags":[6506,179,272,182],"class_list":["post-5218","post","type-post","status-publish","format-standard","has-post-thumbnail","hentry","category-deportes","tag-copa-america","tag-futbol-2","tag-peru","tag-uruguay"],"_links":{"self":[{"href":"https:\/\/diarioelpopular.com\/index.php\/wp-json\/wp\/v2\/posts\/5218","targetHints":{"allow":["GET"]}}],"collection":[{"href":"https:\/\/diarioelpopular.com\/index.php\/wp-json\/wp\/v2\/posts"}],"about":[{"href":"https:\/\/diarioelpopular.com\/index.php\/wp-json\/wp\/v2\/types\/post"}],"author":[{"embeddable":true,"href":"https:\/\/diarioelpopular.com\/index.php\/wp-json\/wp\/v2\/users\/1"}],"replies":[{"embeddable":true,"href":"https:\/\/diarioelpopular.com\/index.php\/wp-json\/wp\/v2\/comments?post=5218"}],"version-history":[{"count":0,"href":"https:\/\/diarioelpopular.com\/index.php\/wp-json\/wp\/v2\/posts\/5218\/revisions"}],"wp:featuredmedia":[{"embeddable":true,"href":"https:\/\/diarioelpopular.com\/index.php\/wp-json\/"}],"wp:attachment":[{"href":"https:\/\/diarioelpopular.com\/index.php\/wp-json\/wp\/v2\/media?parent=5218"}],"wp:term":[{"taxonomy":"category","embeddable":true,"href":"https:\/\/diarioelpopular.com\/index.php\/wp-json\/wp\/v2\/categories?post=5218"},{"taxonomy":"post_tag","embeddable":true,"href":"https:\/\/diarioelpopular.com\/index.php\/wp-json\/wp\/v2\/tags?post=5218"}],"curies":[{"name":"wp","href":"https:\/\/api.w.org\/{rel}","templated":true}]}}