{"id":521856,"date":"2024-10-01T09:30:38","date_gmt":"2024-10-01T13:30:38","guid":{"rendered":"https:\/\/diarioelpopular.com\/?p=521856"},"modified":"2024-10-01T10:40:40","modified_gmt":"2024-10-01T14:40:40","slug":"el-bloc-quebecois-presion-a-los-liberales-sobre-el-pacto-de-pensiones-con-una-mocion-del-dia-de-la-oposicion","status":"publish","type":"post","link":"https:\/\/diarioelpopular.com\/index.php\/2024\/10\/01\/el-bloc-quebecois-presion-a-los-liberales-sobre-el-pacto-de-pensiones-con-una-mocion-del-dia-de-la-oposicion\/","title":{"rendered":"El Bloc Quebecois presiona a los liberales sobre el pacto de pensiones con una moci\u00f3n del d\u00eda de la oposici\u00f3n"},"content":{"rendered":"<p><img loading=\"lazy\" decoding=\"async\" class=\"alignnone size-custom-full-size wp-image-521858\" src=\"https:\/\/diarioelpopular.com\/wp-content\/uploads\/2024\/10\/Screen-Shot-2024-10-01-at-9.30.07-AM.png\" alt=\"\" width=\"574\" height=\"442\" srcset=\"https:\/\/diarioelpopular.com\/wp-content\/uploads\/2024\/10\/Screen-Shot-2024-10-01-at-9.30.07-AM.png 574w, https:\/\/diarioelpopular.com\/wp-content\/uploads\/2024\/10\/Screen-Shot-2024-10-01-at-9.30.07-AM-300x231.png 300w, https:\/\/diarioelpopular.com\/wp-content\/uploads\/2024\/10\/Screen-Shot-2024-10-01-at-9.30.07-AM-95x73.png 95w\" sizes=\"auto, (max-width: 574px) 100vw, 574px\" \/><\/p>\n<p>&nbsp;<\/p>\n<p>&nbsp;<\/p>\n<ul>\n<li><em><strong>El Bloc Quebecois intentar\u00e1 presionar a los liberales hoy convocando un debate en la C\u00e1mara de los Comunes sobre el aumento de los pagos de pensiones de jubilaci\u00f3n para todos los mayores.<\/strong><\/em><\/li>\n<\/ul>\n<p>&nbsp;<\/p>\n<p>&nbsp;<\/p>\n<p>El l\u00edder del Bloc, Yves-Francois Blanchet, ha dado al gobierno hasta el 29 de octubre para dar luz verde al costo estimado de 16.000 millones de d\u00f3lares del proyecto de ley de pensiones de su partido, o de lo contrario iniciar\u00e1 conversaciones con otros partidos de la oposici\u00f3n para derribar al gobierno.<\/p>\n<p>Sin embargo, acceder a las demandas del Bloc s\u00f3lo le dar\u00e1 al gobierno unos pocos meses de apoyo.<\/p>\n<p>El Bloc planea usar su moci\u00f3n del d\u00eda de la oposici\u00f3n para pedir al gobierno que apoye el proyecto de ley de pensiones lo antes posible, y est\u00e1 pidiendo a los otros partidos que apoyen esa petici\u00f3n.<\/p>\n<p>Se espera que la votaci\u00f3n tenga lugar a finales de esta semana y puede arrojar luz sobre si el gobierno planea aceptar los t\u00e9rminos del Bloc.<\/p>\n<p>Mientras tanto, los conservadores intentar\u00e1n nuevamente derrocar al gobierno esta tarde, cuando los parlamentarios voten sobre otra moci\u00f3n de censura que no se espera que sea aprobada.<\/p>\n","protected":false},"excerpt":{"rendered":"<p>&nbsp; &nbsp; El Bloc Quebecois intentar\u00e1 presionar a los liberales hoy convocando un debate en la C\u00e1mara de los Comunes sobre el aumento de los&hellip;<\/p>\n","protected":false},"author":99,"featured_media":521858,"comment_status":"open","ping_status":"open","sticky":false,"template":"","format":"standard","meta":{"footnotes":""},"categories":[21,11191],"tags":[],"class_list":["post-521856","post","type-post","status-publish","format-standard","has-post-thumbnail","hentry","category-canada","category-top-news"],"_links":{"self":[{"href":"https:\/\/diarioelpopular.com\/index.php\/wp-json\/wp\/v2\/posts\/521856","targetHints":{"allow":["GET"]}}],"collection":[{"href":"https:\/\/diarioelpopular.com\/index.php\/wp-json\/wp\/v2\/posts"}],"about":[{"href":"https:\/\/diarioelpopular.com\/index.php\/wp-json\/wp\/v2\/types\/post"}],"author":[{"embeddable":true,"href":"https:\/\/diarioelpopular.com\/index.php\/wp-json\/wp\/v2\/users\/99"}],"replies":[{"embeddable":true,"href":"https:\/\/diarioelpopular.com\/index.php\/wp-json\/wp\/v2\/comments?post=521856"}],"version-history":[{"count":2,"href":"https:\/\/diarioelpopular.com\/index.php\/wp-json\/wp\/v2\/posts\/521856\/revisions"}],"predecessor-version":[{"id":521892,"href":"https:\/\/diarioelpopular.com\/index.php\/wp-json\/wp\/v2\/posts\/521856\/revisions\/521892"}],"wp:featuredmedia":[{"embeddable":true,"href":"https:\/\/diarioelpopular.com\/index.php\/wp-json\/wp\/v2\/media\/521858"}],"wp:attachment":[{"href":"https:\/\/diarioelpopular.com\/index.php\/wp-json\/wp\/v2\/media?parent=521856"}],"wp:term":[{"taxonomy":"category","embeddable":true,"href":"https:\/\/diarioelpopular.com\/index.php\/wp-json\/wp\/v2\/categories?post=521856"},{"taxonomy":"post_tag","embeddable":true,"href":"https:\/\/diarioelpopular.com\/index.php\/wp-json\/wp\/v2\/tags?post=521856"}],"curies":[{"name":"wp","href":"https:\/\/api.w.org\/{rel}","templated":true}]}}