{"id":521869,"date":"2024-10-01T09:43:12","date_gmt":"2024-10-01T13:43:12","guid":{"rendered":"https:\/\/diarioelpopular.com\/?p=521869"},"modified":"2024-10-01T09:43:12","modified_gmt":"2024-10-01T13:43:12","slug":"cronicas-mexico-cambio-de-posta-claudia-sheinbaum-pardo","status":"publish","type":"post","link":"https:\/\/diarioelpopular.com\/index.php\/2024\/10\/01\/cronicas-mexico-cambio-de-posta-claudia-sheinbaum-pardo\/","title":{"rendered":"CR\u00d3NICAS: M\u00e9xico, Cambio de Posta: Claudia Sheinbaum Pardo."},"content":{"rendered":"<p><img loading=\"lazy\" decoding=\"async\" class=\"alignnone size-custom-full-size wp-image-521541\" src=\"https:\/\/diarioelpopular.com\/wp-content\/uploads\/2024\/09\/Screen-Shot-2024-09-24-at-9.26.50-AM-636x353.png\" alt=\"\" width=\"636\" height=\"353\" srcset=\"https:\/\/diarioelpopular.com\/wp-content\/uploads\/2024\/09\/Screen-Shot-2024-09-24-at-9.26.50-AM-636x353.png 636w, https:\/\/diarioelpopular.com\/wp-content\/uploads\/2024\/09\/Screen-Shot-2024-09-24-at-9.26.50-AM-300x167.png 300w, https:\/\/diarioelpopular.com\/wp-content\/uploads\/2024\/09\/Screen-Shot-2024-09-24-at-9.26.50-AM-768x426.png 768w, https:\/\/diarioelpopular.com\/wp-content\/uploads\/2024\/09\/Screen-Shot-2024-09-24-at-9.26.50-AM-132x73.png 132w, https:\/\/diarioelpopular.com\/wp-content\/uploads\/2024\/09\/Screen-Shot-2024-09-24-at-9.26.50-AM.png 854w\" sizes=\"auto, (max-width: 636px) 100vw, 636px\" \/><\/p>\n<p class=\"p1\">II Parte y final<\/p>\n<p class=\"p1\"><em><strong>Por: Luc\u00eda P. de Garc\u00eda<\/strong><\/em><\/p>\n<p class=\"p1\"><em><strong>Toronto.-<\/strong><\/em> Por primera vez M\u00e9xico tiene como Presidente de la Rep\u00fablica a una mujer: Claudia Sheinbaum Pardo. Fue electa por la coalici\u00f3n \u201cSigamos Haciendo Historia\u201d, integrada por el Partido Verde, el Partido del Trabajo (PT) y su propio partido, Movimiento de Regeneraci\u00f3n Nacional (Morena), liderado por Andr\u00e9s Manuel L\u00f3pez Obrador, AMLO.<span class=\"Apple-converted-space\">\u00a0<\/span><\/p>\n<p class=\"p1\">La flamante presidente tiene ascendencia jud\u00eda; lituana por su padre, el qu\u00edmico Carlos Sheinbaum Yoselevitz, y sefard\u00ed por su madre, la bi\u00f3loga Annie Pardo Cermo. Destacados cient\u00edficos, los dos nacieron en M\u00e9xico y fueron parte del grupo de estudiantes que marcharon hacia la capital para protestar contra la violencia policial del r\u00e9gimen de Gustavo D\u00edaz Ordaz, quien orden\u00f3 la masacre de Tlatelolco el 2 de octubre de 1968.<span class=\"Apple-converted-space\">\u00a0<\/span><\/p>\n<p class=\"p1\">Claudia naci\u00f3 en Ciudad de M\u00e9xico el 24 de junio de 1962. Tiene un hermano mayor y una hermana menor. A los 25 a\u00f1os de edad se cas\u00f3 con Carlos \u00cdmaz Gispert, miembro fundador del Partido de la Revoluci\u00f3n Democr\u00e1tica (PRD). Es madre de dos hijos, Mariana \u00cdmaz Sheinbaum y Rodrigo \u00cdmaz Gispert, hijo del matrimonio anterior de su primer esposo, a quien adopt\u00f3 y cri\u00f3 como propio y quien el a\u00f1o anterior le dio su primer nieto, el peque\u00f1o Pablo, \u201csu mayor felicidad\u201d. La pareja se divorci\u00f3. Siete a\u00f1os m\u00e1s tarde Claudia contrajo matrimonio con el doctor en ciencia f\u00edsica por la Universidad Nacional Aut\u00f3noma de M\u00e9xico (UNAM), Jes\u00fas Mar\u00eda Tamba, excompa\u00f1ero universitario.<span class=\"Apple-converted-space\">\u00a0<\/span><\/p>\n<p class=\"p1\">Claudia obtuvo la maestr\u00eda y el doctorado en lngenier\u00eda Energ\u00e9tica en la UNAM. Es egresada del Programa de Estudios Avanzados en Desarrollo Sustentable del Colegio de M\u00e9xico y miembro del Sistema Nacional de Investigadores de la Academia Mexicana de Ciencias. En Estados Unidos se doctor\u00f3 en el Laboratorio Nacional Lawrence Berkeley.<span class=\"Apple-converted-space\">\u00a0<\/span><\/p>\n<p class=\"p1\">A su regreso a M\u00e9xico trabaj\u00f3 en el Instituto de Ingenier\u00eda de la UNAM. Ha laborado como investigadora del Instituto de Ingenier\u00eda. Ha escrito varios art\u00edculos cient\u00edficos. Ha recibido varios premios y distinciones. Es coautora del informe \u201cAR4\u201d que aborda el nexo entre cambio clim\u00e1tico y el riesgo de conflictos b\u00e9licos, estudio que fue presentado por el Panel Intergubernamental de Expertos sobre el Cambio Clim\u00e1tico de la ONU, Panel que alcanz\u00f3 el Nobel de la Paz 2007. <span class=\"Apple-converted-space\">\u00a0<\/span><\/p>\n<p class=\"p1\">Con profundo amor patrio, desde el Consejo Estudiantil<span class=\"Apple-converted-space\">\u00a0 <\/span>Universitario (CEU) Claudia se dio a conocer primero como activista, luego como pol\u00edtica. En 2018, por voto popular fue electa Jefe de Gobierno de la Ciudad de M\u00e9xico, convirti\u00e9ndose en la primera mujer en ocupar ese cargo donde se distingui\u00f3 por enfrentar en forma acertada a la pandemia del Covid-19,<span class=\"Apple-converted-space\">\u00a0 <\/span>mejorar seguridad, movilidad, educaci\u00f3n, innovaci\u00f3n tecnol\u00f3gica, promover la igualdad de oportunidades para mujeres y hombres. <span class=\"Apple-converted-space\">\u00a0<\/span><\/p>\n<p class=\"p1\">Entre 2000 y 2006, cuando AMLO asumi\u00f3 la Jefatura de Gobierno del Distrito Federal, ella ocup\u00f3 el cargo de Secretaria del Medio Ambiente, desde donde propuls\u00f3 el Metrob\u00fas, la Ciclov\u00eda, la construcci\u00f3n del segundo piso del Perif\u00e9rico. H\u00e1bil para manejar situaciones dif\u00edciles, demostr\u00f3 que el reclamo sobre unas tierras, apoyado por el Poder Judicial y ciertos medios de comunicaci\u00f3n, era ilegal, y que el propietario leg\u00edtimo era todo el pa\u00eds.<\/p>\n<p class=\"p1\">Cuando el 2 de octubre de 2011 AMLO fund\u00f3 el izquierdista Partido Movimiento de Regeneraci\u00f3n Nacional (Morena), ella const\u00f3 entre los primeros socios. Fue vocera de la primera campa\u00f1a presidencial de Andr\u00e9s Manuel L\u00f3pez Obrador. En 2018 fue electa Alcaldesa de Ciudad de M\u00e9xico, siendo la primera mujer en ocupar dicho cargo.<\/p>\n<p class=\"p1\">Claudia Sheinbaum Pardo lanz\u00f3 su candidatura a la Presidencia de la Rep\u00fablica hace un a\u00f1o, en proceso interno definido por encuestas en el Partido Morena. Como AMLO, con el respaldo de la ya citada coalici\u00f3n Sigamos Haciendo Historia, gan\u00f3 en forma arrolladora en junio, y a partir de hoy, martes 1 de octubre, asume el cargo por 6 a\u00f1os, sin opci\u00f3n a reelecci\u00f3n, de acuerdo a la reforma constitucional efectuada en 2014.<span class=\"Apple-converted-space\">\u00a0<\/span><\/p>\n<p class=\"p1\">Su triunfo, significativo en un pa\u00eds considerado machista, le permitir\u00e1 brindar mayor apoyo a la mujer mexicana, quien, tras alcanzar el derecho al voto en 1955 y elegir a los diputados federales de entonces, en este 2024 lleva 128 senadores y 500 diputados al Congreso de la Uni\u00f3n, bajo la paridad de g\u00e9nero implementada hace tres a\u00f1os. Dirigi\u00e9ndose a todas dijo: \u201cMuchas mujeres lucharon por hacer ese hecho una realidad. En 2024 por primera vez llegamos a la Presidencia. Lo digo en plural porque no solo llego yo, llegamos todas. Vamos a trabajar siempre por la igualdad sustantiva y los derechos de las mujeres\u201d.<\/p>\n<p class=\"p1\">A m\u00e1s de tal objetivo, Claudia ratifica que encaminar\u00e1 su mandato por la ruta internacional que sigue M\u00e9xico: relaci\u00f3n cordial con todos los pa\u00edses del mundo. Hace excepci\u00f3n con Ecuador, enfatizando que la invasi\u00f3n a la embajada de M\u00e9xico en Quito debe resolverse mediante dictamen de la Corte Internacional de Justicia, al tiempo que resalta la tradicional acogida que brinda su pa\u00eds a los perseguidos pol\u00edticos.<span class=\"Apple-converted-space\">\u00a0<\/span><\/p>\n<p class=\"p1\">Se\u00f1ala su apoyo a la reforma judicial promovida por Manuel L\u00f3pez Obrador, a definirse por voto popular en 2025. Asegura que al igual que su predecesor, rendir\u00e1 cuentas al pueblo de sus acciones por medio de las famosas Ma\u00f1aneras. Resalta que continuar\u00e1 el trabajo de AMLO bajo la misma ideolog\u00eda de izquierda que comparten, poniendo sus conocimientos y experiencias en la protecci\u00f3n del medioambiente, la justicia social, el desarrollo sustentable, a fin de fortalecer la democracia, la justicia, las libertades que hacen del bello M\u00e9xico un pa\u00eds pujante, especial.<span class=\"Apple-converted-space\">\u00a0<\/span><\/p>\n<p class=\"p1\">El pueblo mexicano sabe que Claudia Shenbaum Pardo cumplir\u00e1 su palabra, por tal motivo festeja con gran alegr\u00eda su asunci\u00f3n a la Presidencia de la Rep\u00fablica.<span class=\"Apple-converted-space\">\u00a0<\/span><\/p>\n<p class=\"p3\">.<\/p>\n","protected":false},"excerpt":{"rendered":"<p>II Parte y final Por: Luc\u00eda P. de Garc\u00eda Toronto.- Por primera vez M\u00e9xico tiene como Presidente de la Rep\u00fablica a una mujer: Claudia Sheinbaum&hellip;<\/p>\n","protected":false},"author":99,"featured_media":521541,"comment_status":"open","ping_status":"open","sticky":false,"template":"","format":"standard","meta":{"footnotes":""},"categories":[11362,23],"tags":[],"class_list":["post-521869","post","type-post","status-publish","format-standard","has-post-thumbnail","hentry","category-cronicas","category-latinoamerica"],"_links":{"self":[{"href":"https:\/\/diarioelpopular.com\/index.php\/wp-json\/wp\/v2\/posts\/521869","targetHints":{"allow":["GET"]}}],"collection":[{"href":"https:\/\/diarioelpopular.com\/index.php\/wp-json\/wp\/v2\/posts"}],"about":[{"href":"https:\/\/diarioelpopular.com\/index.php\/wp-json\/wp\/v2\/types\/post"}],"author":[{"embeddable":true,"href":"https:\/\/diarioelpopular.com\/index.php\/wp-json\/wp\/v2\/users\/99"}],"replies":[{"embeddable":true,"href":"https:\/\/diarioelpopular.com\/index.php\/wp-json\/wp\/v2\/comments?post=521869"}],"version-history":[{"count":1,"href":"https:\/\/diarioelpopular.com\/index.php\/wp-json\/wp\/v2\/posts\/521869\/revisions"}],"predecessor-version":[{"id":521870,"href":"https:\/\/diarioelpopular.com\/index.php\/wp-json\/wp\/v2\/posts\/521869\/revisions\/521870"}],"wp:featuredmedia":[{"embeddable":true,"href":"https:\/\/diarioelpopular.com\/index.php\/wp-json\/wp\/v2\/media\/521541"}],"wp:attachment":[{"href":"https:\/\/diarioelpopular.com\/index.php\/wp-json\/wp\/v2\/media?parent=521869"}],"wp:term":[{"taxonomy":"category","embeddable":true,"href":"https:\/\/diarioelpopular.com\/index.php\/wp-json\/wp\/v2\/categories?post=521869"},{"taxonomy":"post_tag","embeddable":true,"href":"https:\/\/diarioelpopular.com\/index.php\/wp-json\/wp\/v2\/tags?post=521869"}],"curies":[{"name":"wp","href":"https:\/\/api.w.org\/{rel}","templated":true}]}}