{"id":521881,"date":"2024-10-01T10:03:30","date_gmt":"2024-10-01T14:03:30","guid":{"rendered":"https:\/\/diarioelpopular.com\/?p=521881"},"modified":"2024-10-01T10:03:46","modified_gmt":"2024-10-01T14:03:46","slug":"toyota-motors-y-mazda-retiran-del-mercado-vehiculos-canadienses","status":"publish","type":"post","link":"https:\/\/diarioelpopular.com\/index.php\/2024\/10\/01\/toyota-motors-y-mazda-retiran-del-mercado-vehiculos-canadienses\/","title":{"rendered":"Toyota Motors y Mazda retiran del mercado veh\u00edculos canadienses"},"content":{"rendered":"<p><img loading=\"lazy\" decoding=\"async\" class=\"alignnone size-custom-full-size wp-image-521882\" src=\"https:\/\/diarioelpopular.com\/wp-content\/uploads\/2024\/10\/Screen-Shot-2024-10-01-at-10.03.15-AM-636x363.png\" alt=\"\" width=\"636\" height=\"363\" srcset=\"https:\/\/diarioelpopular.com\/wp-content\/uploads\/2024\/10\/Screen-Shot-2024-10-01-at-10.03.15-AM-636x363.png 636w, https:\/\/diarioelpopular.com\/wp-content\/uploads\/2024\/10\/Screen-Shot-2024-10-01-at-10.03.15-AM-300x171.png 300w, https:\/\/diarioelpopular.com\/wp-content\/uploads\/2024\/10\/Screen-Shot-2024-10-01-at-10.03.15-AM.png 768w, https:\/\/diarioelpopular.com\/wp-content\/uploads\/2024\/10\/Screen-Shot-2024-10-01-at-10.03.15-AM-128x73.png 128w\" sizes=\"auto, (max-width: 636px) 100vw, 636px\" \/><\/p>\n<p>&nbsp;<\/p>\n<p>&nbsp;<\/p>\n<ul>\n<li><em><strong>M\u00e1s de 12.000 veh\u00edculos en Canad\u00e1 est\u00e1n incluidos en dos retiradas independientes de Toyota Motor Corp. y Mazda.<\/strong><\/em><\/li>\n<\/ul>\n<p>&nbsp;<\/p>\n<p>&nbsp;<\/p>\n<p>Toyota est\u00e1 retirando del mercado 5.585 Toyota Corolla Cross Hybrids debido a un problema de frenado que podr\u00eda aumentar el riesgo de colisi\u00f3n. El problema afecta a los modelos 2023 y 2024.<\/p>\n<p>El fabricante de autom\u00f3viles dice que algunos veh\u00edculos podr\u00edan experimentar un pedal de freno duro que puede hacer que la distancia de frenado sea mayor de lo esperado.<\/p>\n<p>En una retirada independiente, Mazda retir\u00f3 del mercado 7.274 veh\u00edculos en Canad\u00e1 debido a problemas con las bolsas de aire.<\/p>\n<p>El fabricante de autom\u00f3viles dice que la retirada afecta a los autos deportivos MX-5 de los a\u00f1os 2016 a 2023.<\/p>\n<p>Agrega que los conductores que no usen cinturones de seguridad podr\u00edan estar especialmente en riesgo durante una colisi\u00f3n menor, ya que una bolsa de aire podr\u00eda abrirse con m\u00e1s fuerza de la dise\u00f1ada.<\/p>\n","protected":false},"excerpt":{"rendered":"<p>&nbsp; &nbsp; M\u00e1s de 12.000 veh\u00edculos en Canad\u00e1 est\u00e1n incluidos en dos retiradas independientes de Toyota Motor Corp. y Mazda. &nbsp; &nbsp; Toyota est\u00e1 retirando&hellip;<\/p>\n","protected":false},"author":99,"featured_media":521882,"comment_status":"open","ping_status":"open","sticky":false,"template":"","format":"standard","meta":{"footnotes":""},"categories":[21],"tags":[],"class_list":["post-521881","post","type-post","status-publish","format-standard","has-post-thumbnail","hentry","category-canada"],"_links":{"self":[{"href":"https:\/\/diarioelpopular.com\/index.php\/wp-json\/wp\/v2\/posts\/521881","targetHints":{"allow":["GET"]}}],"collection":[{"href":"https:\/\/diarioelpopular.com\/index.php\/wp-json\/wp\/v2\/posts"}],"about":[{"href":"https:\/\/diarioelpopular.com\/index.php\/wp-json\/wp\/v2\/types\/post"}],"author":[{"embeddable":true,"href":"https:\/\/diarioelpopular.com\/index.php\/wp-json\/wp\/v2\/users\/99"}],"replies":[{"embeddable":true,"href":"https:\/\/diarioelpopular.com\/index.php\/wp-json\/wp\/v2\/comments?post=521881"}],"version-history":[{"count":1,"href":"https:\/\/diarioelpopular.com\/index.php\/wp-json\/wp\/v2\/posts\/521881\/revisions"}],"predecessor-version":[{"id":521883,"href":"https:\/\/diarioelpopular.com\/index.php\/wp-json\/wp\/v2\/posts\/521881\/revisions\/521883"}],"wp:featuredmedia":[{"embeddable":true,"href":"https:\/\/diarioelpopular.com\/index.php\/wp-json\/wp\/v2\/media\/521882"}],"wp:attachment":[{"href":"https:\/\/diarioelpopular.com\/index.php\/wp-json\/wp\/v2\/media?parent=521881"}],"wp:term":[{"taxonomy":"category","embeddable":true,"href":"https:\/\/diarioelpopular.com\/index.php\/wp-json\/wp\/v2\/categories?post=521881"},{"taxonomy":"post_tag","embeddable":true,"href":"https:\/\/diarioelpopular.com\/index.php\/wp-json\/wp\/v2\/tags?post=521881"}],"curies":[{"name":"wp","href":"https:\/\/api.w.org\/{rel}","templated":true}]}}