{"id":521893,"date":"2024-10-01T10:44:49","date_gmt":"2024-10-01T14:44:49","guid":{"rendered":"https:\/\/diarioelpopular.com\/?p=521893"},"modified":"2024-10-01T10:44:49","modified_gmt":"2024-10-01T14:44:49","slug":"defensores-de-los-derechos-humanos-reciben-un-reconocimiento-especial-en-la-celebracion-del-dia-internacional-de-la-paz","status":"publish","type":"post","link":"https:\/\/diarioelpopular.com\/index.php\/2024\/10\/01\/defensores-de-los-derechos-humanos-reciben-un-reconocimiento-especial-en-la-celebracion-del-dia-internacional-de-la-paz\/","title":{"rendered":"Defensores de los derechos humanos reciben un reconocimiento especial en la celebraci\u00f3n del D\u00eda Internacional de la Paz"},"content":{"rendered":"<p>&nbsp;<\/p>\n<div id=\"attachment_521894\" style=\"width: 646px\" class=\"wp-caption alignnone\"><img loading=\"lazy\" decoding=\"async\" aria-describedby=\"caption-attachment-521894\" class=\"wp-image-521894 size-custom-full-size\" src=\"https:\/\/diarioelpopular.com\/wp-content\/uploads\/2024\/10\/Haitian-human-rights-advocate-recipient-of-Human-Rights-Award-at-International-Day-of-Peace-celebration-2024-636x424.jpg\" alt=\"\" width=\"636\" height=\"424\" srcset=\"https:\/\/diarioelpopular.com\/wp-content\/uploads\/2024\/10\/Haitian-human-rights-advocate-recipient-of-Human-Rights-Award-at-International-Day-of-Peace-celebration-2024-636x424.jpg 636w, https:\/\/diarioelpopular.com\/wp-content\/uploads\/2024\/10\/Haitian-human-rights-advocate-recipient-of-Human-Rights-Award-at-International-Day-of-Peace-celebration-2024-300x200.jpg 300w, https:\/\/diarioelpopular.com\/wp-content\/uploads\/2024\/10\/Haitian-human-rights-advocate-recipient-of-Human-Rights-Award-at-International-Day-of-Peace-celebration-2024-768x512.jpg 768w, https:\/\/diarioelpopular.com\/wp-content\/uploads\/2024\/10\/Haitian-human-rights-advocate-recipient-of-Human-Rights-Award-at-International-Day-of-Peace-celebration-2024-1990x1326.jpg 1990w, https:\/\/diarioelpopular.com\/wp-content\/uploads\/2024\/10\/Haitian-human-rights-advocate-recipient-of-Human-Rights-Award-at-International-Day-of-Peace-celebration-2024-1200x800.jpg 1200w, https:\/\/diarioelpopular.com\/wp-content\/uploads\/2024\/10\/Haitian-human-rights-advocate-recipient-of-Human-Rights-Award-at-International-Day-of-Peace-celebration-2024-110x73.jpg 110w, https:\/\/diarioelpopular.com\/wp-content\/uploads\/2024\/10\/Haitian-human-rights-advocate-recipient-of-Human-Rights-Award-at-International-Day-of-Peace-celebration-2024.jpg 1024w\" sizes=\"auto, (max-width: 636px) 100vw, 636px\" \/><p id=\"caption-attachment-521894\" class=\"wp-caption-text\">El presidente del Centro Haitiano de Inspiraci\u00f3n Juvenil, el Sr. Osprival Descomme, recibe su Premio de Derechos Humanos de manos de Nicole Crellin, directora de United for Human Rights Canada, en la celebraci\u00f3n del D\u00eda Internacional de la Paz 2024.<\/p><\/div>\n<p>&nbsp;<\/p>\n<p>&nbsp;<\/p>\n<ul>\n<li><em><strong>Los defensores de los derechos humanos, Sam Chopra, presidente de South Asians of Ontario y Osprival Descomme, presidente del Centro Haitiano de Inspiraci\u00f3n Juvenil (Centre d\u2019Inspiration jeunesse), fueron homenajeados por su dedicaci\u00f3n a largo plazo y sus logros para sus comunidades por la directora de United for Human Rights Canada, Nicole Crellin, en una celebraci\u00f3n del D\u00eda Internacional de la Paz.<\/strong><\/em><\/li>\n<\/ul>\n<p>&nbsp;<\/p>\n<p>&nbsp;<\/p>\n<p>El D\u00eda de la Paz se celebra en todo el mundo y destaca la necesidad de comprometerse con la paz por encima de todas las diferencias y contribuir a la construcci\u00f3n de una cultura de paz.<\/p>\n<p>Durante muchos a\u00f1os, el galardonado, el Sr. Sam Chopra, se ha dedicado a actividades humanitarias para su comunidad india, entre ellas la de destacar su derecho a una nacionalidad seg\u00fan el Art\u00edculo 15 de la Declaraci\u00f3n Universal de Derechos Humanos (DUDH).<\/p>\n<p>El Sr. Osprival Descomme ha contribuido incansablemente con su vida a la promoci\u00f3n de los derechos humanos del pueblo haitiano. Ahora est\u00e1 haciendo historia en Hait\u00ed al establecer un proyecto de educaci\u00f3n en derechos humanos en su regi\u00f3n en el que participan 10 escuelas que implementar\u00e1n la ense\u00f1anza a los j\u00f3venes sobre sus 30 derechos humanos tal como se incluyen en la DUDH y utilizar\u00e1n los recursos educativos de United for Human Rights.<\/p>\n<p>La directora de United for Human Rights en Canad\u00e1, Nicole Crellin, afirm\u00f3: \u201cEl prop\u00f3sito de United for Human Rights es proporcionar recursos y actividades de educaci\u00f3n en materia de derechos humanos que informen, ayuden y unan a las personas, educadores, organizaciones y organismos gubernamentales en la difusi\u00f3n y adopci\u00f3n de la DUDH en todos los niveles de la sociedad\u201d.<\/p>\n<p>A\u00f1adi\u00f3: \u201cEste a\u00f1o, el tema del D\u00eda Internacional de la Paz de las Naciones Unidas es Cultivar una cultura de paz. \u201cLa promoci\u00f3n y la ense\u00f1anza de los 30 derechos humanos de las personas en virtud de la Declaraci\u00f3n Universal de Derechos Humanos son invaluables para avanzar en este objetivo, de modo que los derechos humanos de las personas puedan ser respetados y se permita que la paz prospere\u201d.<\/p>\n","protected":false},"excerpt":{"rendered":"<p>&nbsp; &nbsp; &nbsp; Los defensores de los derechos humanos, Sam Chopra, presidente de South Asians of Ontario y Osprival Descomme, presidente del Centro Haitiano de&hellip;<\/p>\n","protected":false},"author":99,"featured_media":521894,"comment_status":"open","ping_status":"open","sticky":false,"template":"","format":"standard","meta":{"footnotes":""},"categories":[21],"tags":[],"class_list":["post-521893","post","type-post","status-publish","format-standard","has-post-thumbnail","hentry","category-canada"],"_links":{"self":[{"href":"https:\/\/diarioelpopular.com\/index.php\/wp-json\/wp\/v2\/posts\/521893","targetHints":{"allow":["GET"]}}],"collection":[{"href":"https:\/\/diarioelpopular.com\/index.php\/wp-json\/wp\/v2\/posts"}],"about":[{"href":"https:\/\/diarioelpopular.com\/index.php\/wp-json\/wp\/v2\/types\/post"}],"author":[{"embeddable":true,"href":"https:\/\/diarioelpopular.com\/index.php\/wp-json\/wp\/v2\/users\/99"}],"replies":[{"embeddable":true,"href":"https:\/\/diarioelpopular.com\/index.php\/wp-json\/wp\/v2\/comments?post=521893"}],"version-history":[{"count":1,"href":"https:\/\/diarioelpopular.com\/index.php\/wp-json\/wp\/v2\/posts\/521893\/revisions"}],"predecessor-version":[{"id":521895,"href":"https:\/\/diarioelpopular.com\/index.php\/wp-json\/wp\/v2\/posts\/521893\/revisions\/521895"}],"wp:featuredmedia":[{"embeddable":true,"href":"https:\/\/diarioelpopular.com\/index.php\/wp-json\/wp\/v2\/media\/521894"}],"wp:attachment":[{"href":"https:\/\/diarioelpopular.com\/index.php\/wp-json\/wp\/v2\/media?parent=521893"}],"wp:term":[{"taxonomy":"category","embeddable":true,"href":"https:\/\/diarioelpopular.com\/index.php\/wp-json\/wp\/v2\/categories?post=521893"},{"taxonomy":"post_tag","embeddable":true,"href":"https:\/\/diarioelpopular.com\/index.php\/wp-json\/wp\/v2\/tags?post=521893"}],"curies":[{"name":"wp","href":"https:\/\/api.w.org\/{rel}","templated":true}]}}