{"id":522073,"date":"2024-10-04T09:13:07","date_gmt":"2024-10-04T13:13:07","guid":{"rendered":"https:\/\/diarioelpopular.com\/?p=522073"},"modified":"2024-10-04T09:13:07","modified_gmt":"2024-10-04T13:13:07","slug":"el-parlamento-se-paraliza-por-las-acusaciones-de-corrupcion-liberal","status":"publish","type":"post","link":"https:\/\/diarioelpopular.com\/index.php\/2024\/10\/04\/el-parlamento-se-paraliza-por-las-acusaciones-de-corrupcion-liberal\/","title":{"rendered":"El Parlamento se &#8216;paraliza&#8217; por las acusaciones de corrupci\u00f3n liberal"},"content":{"rendered":"<p><img loading=\"lazy\" decoding=\"async\" class=\"alignnone size-custom-full-size wp-image-522074\" src=\"https:\/\/diarioelpopular.com\/wp-content\/uploads\/2024\/10\/Screen-Shot-2024-10-04-at-9.12.34-AM-636x363.png\" alt=\"\" width=\"636\" height=\"363\" srcset=\"https:\/\/diarioelpopular.com\/wp-content\/uploads\/2024\/10\/Screen-Shot-2024-10-04-at-9.12.34-AM-636x363.png 636w, https:\/\/diarioelpopular.com\/wp-content\/uploads\/2024\/10\/Screen-Shot-2024-10-04-at-9.12.34-AM-300x171.png 300w, https:\/\/diarioelpopular.com\/wp-content\/uploads\/2024\/10\/Screen-Shot-2024-10-04-at-9.12.34-AM-768x438.png 768w, https:\/\/diarioelpopular.com\/wp-content\/uploads\/2024\/10\/Screen-Shot-2024-10-04-at-9.12.34-AM-128x73.png 128w, https:\/\/diarioelpopular.com\/wp-content\/uploads\/2024\/10\/Screen-Shot-2024-10-04-at-9.12.34-AM.png 828w\" sizes=\"auto, (max-width: 636px) 100vw, 636px\" \/><\/p>\n<p>&nbsp;<\/p>\n<ul>\n<li><em><strong>El gobierno no ha podido presentar ning\u00fan asunto propio ante la C\u00e1mara de los Comunes durante una semana completa, y los conservadores dijeron que eso es el resultado de la &#8220;corrupci\u00f3n&#8221; liberal.<\/strong><\/em><\/li>\n<\/ul>\n<p>&nbsp;<\/p>\n<p><em><strong>OTTAWA.-<\/strong><\/em> El l\u00edder conservador de la C\u00e1mara, Andrew Scheer, dijo que el partido gobernante preferir\u00eda ver a la C\u00e1mara empantanada en el debate que presentar documentos relacionados con el dinero gubernamental malgastado en un programa que su partido ha llamado el &#8220;fondo verde para sobornos&#8221;.<\/p>\n<p>El presidente de la C\u00e1mara, Greg Fergus, dictamin\u00f3 el jueves pasado que el gobierno &#8220;claramente no cumpli\u00f3 por completo&#8221; con una orden de la C\u00e1mara de proporcionar documentos relacionados con una fundaci\u00f3n ahora extinta responsable de repartir cientos de millones de d\u00f3lares federales para proyectos de tecnolog\u00eda verde.<\/p>\n<p>En lugar de ordenar al gobierno que presente inmediatamente los documentos, Fergus dijo que el asunto deber\u00eda ser remitido a un comit\u00e9 para su estudio, y Scheer present\u00f3 una moci\u00f3n pidiendo precisamente eso.<\/p>\n<p>Desde entonces, la C\u00e1mara ha estado debatiendo la moci\u00f3n y Scheer dijo que as\u00ed seguir\u00e1 hasta que el gobierno acepte entregar los documentos a la polic\u00eda.<\/p>\n<p>&#8220;Est\u00e1n dispuestos (los liberales) a que el Parlamento se paralice antes que entregar esta informaci\u00f3n a la RCMP para una posible investigaci\u00f3n criminal&#8221;, dijo Scheer en una entrevista este jueves.<\/p>\n<p>La RCMP dijo a los parlamentarios este verano que probablemente no podr\u00edan usar los documentos como parte de una investigaci\u00f3n, pero Scheer dijo que deber\u00edan tener acceso a toda la informaci\u00f3n antes de tomar una decisi\u00f3n.<\/p>\n<p>Los liberales afirmaron que ordenar la entrega de documentos a la RCMP desdibuja las l\u00edneas entre el Parlamento y el poder judicial, y han optado por culpar a los conservadores por la disfunci\u00f3n en la C\u00e1mara.<\/p>\n<p>La l\u00edder liberal de la C\u00e1mara, Karina Gould, calific\u00f3 la solicitud de los documentos como un abuso del poder del Parlamento que pisotea los derechos de los canadienses establecidos en la Carta.<\/p>\n<p>&#8220;Seamos muy claros, se trata de los conservadores que intentan ensuciar el Parlamento&#8221;, dijo Gould el jueves.<\/p>\n<p>&#8220;Los miembros conservadores del Parlamento est\u00e1n aqu\u00ed por sus propios objetivos pol\u00edticos y personales y no les importa lo que hagan a los canadienses mientras tanto, y eso es algo que deber\u00eda ser extremadamente alarmante para todos nosotros&#8221;.<\/p>\n<p>Scheer dijo que la Carta existe &#8220;para proteger a la gente del gobierno. No est\u00e1 ah\u00ed para proteger al gobierno de la rendici\u00f3n de cuentas ante el pueblo&#8221;.<\/p>\n<p>Una disputa similar sobre documentos gubernamentales se desarroll\u00f3 cuando los conservadores estaban del lado gobernante durante una disputa de gobierno minoritario hace m\u00e1s de una d\u00e9cada.<\/p>\n<p>En 2009, la C\u00e1mara orden\u00f3 al gobierno que revelara documentos no censurados relacionados con el papel de Canad\u00e1 en la tortura de detenidos afganos.<\/p>\n<p>Unas semanas despu\u00e9s de que los partidos de la oposici\u00f3n aprobaran una moci\u00f3n exigiendo que se presentaran los documentos, el entonces primer ministro Stephen Harper prorrog\u00f3 el Parlamento durante varios meses, impidiendo que el comit\u00e9 de la C\u00e1mara abordara el tema.<\/p>\n<p>En este caso, el gobierno liberal aboli\u00f3 &#8220;Sustainable Development Technology Canada&#8221; despu\u00e9s de que la auditora general publicara un informe mordaz sobre la mala gesti\u00f3n de la organizaci\u00f3n la primavera pasada.<\/p>\n<p>De los proyectos que examin\u00f3, uno de cada seis afines a los liberales que recibieron financiaci\u00f3n no eran elegibles. El informe de la auditora tambi\u00e9n encontr\u00f3 90 casos en los que se violaron las pol\u00edticas de conflicto de intereses.<\/p>\n<p>Un mes despu\u00e9s, el comisionado de \u00e9tica concluy\u00f3 que la ex presidente de la fundaci\u00f3n no se recus\u00f3 de las decisiones que beneficiaban a las organizaciones con las que ten\u00eda v\u00ednculos.<\/p>\n<p>La C\u00e1mara ha estado en un estado de agitaci\u00f3n casi constante desde que los parlamentarios regresaron a Ottawa a mediados de septiembre.<\/p>\n<p>Los conservadores han hecho dos intentos de derrocar al gobierno minoritario con mociones de censura. Aunque ambos intentos no lograron obtener el completo apoyo de otros partidos de la oposici\u00f3n, los conservadores prometen que habr\u00e1 m\u00e1s votaciones de este tipo en el futuro.<\/p>\n<p>El l\u00edder del Bloc Qu\u00e9b\u00e9cois, Yves-Fran\u00e7ois Blanchet, denunci\u00f3 una &#8220;falta de respeto por la democracia&#8221; en la c\u00e1mara durante una conferencia de prensa no relacionada el jueves en Chicoutimi, Quebec.<\/p>\n<p>Blanchet afirm\u00f3 que los diputados del Bloc est\u00e1n entre los pocos en el Parlamento que hacen preguntas bien pensadas en lugar de &#8220;lanzar consignas y dar golpes sobre la mesa&#8221;, como otros partidos en la C\u00e1mara.<\/p>\n<p>&#8220;Est\u00e1n orgullosos de haber repetido lo mismo que han repetido 60 veces en los \u00faltimos 60 d\u00edas&#8221;, dijo en franc\u00e9s.<\/p>\n<p>&#8220;Negarse a responder preguntas, cuando hay preguntas concretas y reales, no es m\u00e1s respetuoso con los votantes&#8221;.<\/p>\n<p>Entre las pocas votaciones que se han llevado a cabo esta semana se encontraba una moci\u00f3n del Bloc Qu\u00e9b\u00e9cois para presionar al gobierno a que apoye su proyecto de ley de pensiones para las personas mayores de 75 a\u00f1os, un cambio que costar\u00eda m\u00e1s de 3.000 millones de d\u00f3lares al a\u00f1o.<\/p>\n<p>Aunque los conservadores han criticado lo que llaman gasto inflacionario motivado pol\u00edticamente, dieron su apoyo al proyecto de ley.<\/p>\n<p>Scheer no respondi\u00f3 a una pregunta sobre por qu\u00e9 el partido apoyaba la moci\u00f3n.<\/p>\n<p>Los conservadores tambi\u00e9n han pedido al comisionado de cabildeo de Canad\u00e1 que investigue si viola las normas \u00e9ticas que el primer ministro nombre a Mark Carney como asesor liberal.<\/p>\n<p>Los liberales anunciaron en su reciente reuni\u00f3n de asambleas partidarias en Nanaimo, British Columbia, que Carney, ex gobernador del Banco de Canad\u00e1, hab\u00eda sido nombrado presidente de un grupo de trabajo sobre crecimiento econ\u00f3mico.<\/p>\n<p>Dijeron que Carney ayudar\u00e1 a dar forma a las pol\u00edticas del partido para las pr\u00f3ximas elecciones y rendir\u00e1 cuentas a Justin Trudeau y al comit\u00e9 de la plataforma liberal.<\/p>\n<p>El cr\u00edtico de \u00e9tica conservador Michael Barrett dijo en una carta al comisionado que Carney no est\u00e1 registrado para hacer lobby a nivel federal, pero sus cargos corporativos lo colocan en varios posibles conflictos de inter\u00e9s.<\/p>\n<p>&#8220;\u00bfC\u00f3mo podr\u00eda un miembro del personal ministerial, miembro del Parlamento o ministro del gabinete no sentir un sentido de obligaci\u00f3n hacia el se\u00f1or Carney debido a su estrecha afiliaci\u00f3n con el primer ministro y el ministro de finanzas?&#8221;, pregunt\u00f3 Barrett en su carta del jueves.<\/p>\n<p>Carney tambi\u00e9n es presidente de Brookfield Asset Management, que est\u00e1 en conversaciones con el gobierno para lanzar un fondo de inversi\u00f3n de 50.000 millones de d\u00f3lares con el apoyo de Ottawa y de las pensiones canadienses.<\/p>\n<p>Cuando se le pregunt\u00f3 sobre el potencial conflicto de intereses de Carney en la C\u00e1mara, el ministro de Salud, Mark Holland, dio la vuelta al asunto y acus\u00f3 a los conservadores de intentar &#8220;difamar&#8221; a un canadiense que es famoso en todo el mundo.<\/p>\n","protected":false},"excerpt":{"rendered":"<p>&nbsp; El gobierno no ha podido presentar ning\u00fan asunto propio ante la C\u00e1mara de los Comunes durante una semana completa, y los conservadores dijeron que&hellip;<\/p>\n","protected":false},"author":99,"featured_media":522074,"comment_status":"open","ping_status":"open","sticky":false,"template":"","format":"standard","meta":{"footnotes":""},"categories":[21,11191],"tags":[],"class_list":["post-522073","post","type-post","status-publish","format-standard","has-post-thumbnail","hentry","category-canada","category-top-news"],"_links":{"self":[{"href":"https:\/\/diarioelpopular.com\/index.php\/wp-json\/wp\/v2\/posts\/522073","targetHints":{"allow":["GET"]}}],"collection":[{"href":"https:\/\/diarioelpopular.com\/index.php\/wp-json\/wp\/v2\/posts"}],"about":[{"href":"https:\/\/diarioelpopular.com\/index.php\/wp-json\/wp\/v2\/types\/post"}],"author":[{"embeddable":true,"href":"https:\/\/diarioelpopular.com\/index.php\/wp-json\/wp\/v2\/users\/99"}],"replies":[{"embeddable":true,"href":"https:\/\/diarioelpopular.com\/index.php\/wp-json\/wp\/v2\/comments?post=522073"}],"version-history":[{"count":1,"href":"https:\/\/diarioelpopular.com\/index.php\/wp-json\/wp\/v2\/posts\/522073\/revisions"}],"predecessor-version":[{"id":522075,"href":"https:\/\/diarioelpopular.com\/index.php\/wp-json\/wp\/v2\/posts\/522073\/revisions\/522075"}],"wp:featuredmedia":[{"embeddable":true,"href":"https:\/\/diarioelpopular.com\/index.php\/wp-json\/wp\/v2\/media\/522074"}],"wp:attachment":[{"href":"https:\/\/diarioelpopular.com\/index.php\/wp-json\/wp\/v2\/media?parent=522073"}],"wp:term":[{"taxonomy":"category","embeddable":true,"href":"https:\/\/diarioelpopular.com\/index.php\/wp-json\/wp\/v2\/categories?post=522073"},{"taxonomy":"post_tag","embeddable":true,"href":"https:\/\/diarioelpopular.com\/index.php\/wp-json\/wp\/v2\/tags?post=522073"}],"curies":[{"name":"wp","href":"https:\/\/api.w.org\/{rel}","templated":true}]}}