{"id":522195,"date":"2024-10-07T08:29:56","date_gmt":"2024-10-07T12:29:56","guid":{"rendered":"https:\/\/diarioelpopular.com\/?p=522195"},"modified":"2024-10-07T09:21:56","modified_gmt":"2024-10-07T13:21:56","slug":"la-mayoria-de-los-inmigrantes-tienen-dificultades-para-salir-adelante-en-el-lugar-de-trabajo-un-tercio-se-enfrenta-a-la-discriminacion-encuesta-de-omni","status":"publish","type":"post","link":"https:\/\/diarioelpopular.com\/index.php\/2024\/10\/07\/la-mayoria-de-los-inmigrantes-tienen-dificultades-para-salir-adelante-en-el-lugar-de-trabajo-un-tercio-se-enfrenta-a-la-discriminacion-encuesta-de-omni\/","title":{"rendered":"La mayor\u00eda de los inmigrantes tienen dificultades para salir adelante en el lugar de trabajo, un tercio se enfrenta a la discriminaci\u00f3n: encuesta de OMNI"},"content":{"rendered":"<p><img loading=\"lazy\" decoding=\"async\" class=\"alignnone size-custom-full-size wp-image-522196\" src=\"https:\/\/diarioelpopular.com\/wp-content\/uploads\/2024\/10\/Screen-Shot-2024-10-07-at-8.29.28-AM-636x537.png\" alt=\"\" width=\"636\" height=\"537\" srcset=\"https:\/\/diarioelpopular.com\/wp-content\/uploads\/2024\/10\/Screen-Shot-2024-10-07-at-8.29.28-AM-636x537.png 636w, https:\/\/diarioelpopular.com\/wp-content\/uploads\/2024\/10\/Screen-Shot-2024-10-07-at-8.29.28-AM-300x253.png 300w, https:\/\/diarioelpopular.com\/wp-content\/uploads\/2024\/10\/Screen-Shot-2024-10-07-at-8.29.28-AM-86x73.png 86w, https:\/\/diarioelpopular.com\/wp-content\/uploads\/2024\/10\/Screen-Shot-2024-10-07-at-8.29.28-AM.png 746w\" sizes=\"auto, (max-width: 636px) 100vw, 636px\" \/><\/p>\n<p>&nbsp;<\/p>\n<ul>\n<li><em><strong>Para Rosalie Di Lollo, ayudar a los reci\u00e9n llegados a encontrar un trabajo en Canad\u00e1 es algo personal.<\/strong><\/em><\/li>\n<\/ul>\n<p>&nbsp;<\/p>\n<p>Su padre se mud\u00f3 aqu\u00ed desde Italia cuando ten\u00eda 18 a\u00f1os y ella ha vivido indirectamente a trav\u00e9s de \u00e9l los desaf\u00edos que enfrenta la b\u00fasqueda de empleo.<\/p>\n<p>\u201cQuer\u00eda hacer algo al respecto\u201d, dijo a OMNI News. \u201cNo es algo que me deje indiferente\u201d.<\/p>\n<p>Di Lollo ve muchas barreras para el \u00e9xito profesional a las que se enfrentan los reci\u00e9n llegados en el Centre G\u00e9n\u00e9ration Emploi, una agencia de empleo de Montreal. Ella cree que a veces hay una falta de entendimiento entre los empleadores y los inmigrantes.<\/p>\n<p>\u201cLes pedimos [a los reci\u00e9n llegados] que sean canadienses antes de que tengan la oportunidad de entender lo que significa ser canadiense\u201d, dijo. \u201cY por otro lado, tambi\u00e9n est\u00e1 la responsabilidad social que tienen los empleadores\u201d.<\/p>\n<p>En una encuesta exclusiva encargada por Leger para OMNI, m\u00e1s de la mitad de los inmigrantes (56 por ciento) dicen que conseguir un ascenso o crecer en un lugar de trabajo canadiense es m\u00e1s dif\u00edcil. La encuesta encontr\u00f3 que el sentimiento es especialmente cierto para aquellos que han estado en Canad\u00e1 menos de seis a\u00f1os, las personas m\u00e1s j\u00f3venes y aquellos que se identifican como BIPOC, particularmente aquellos de ascendencia del sur de Asia.<\/p>\n<p><em><strong>&#8216;Su sue\u00f1o canadiense ya est\u00e1 muerto&#8217;<\/strong><\/em><br \/>\nMuchos de los que esperan ver el reconocimiento de sus calificaciones se ven obligados a trabajar en empleos de supervivencia mientras intentan manejar la escuela o los cursos de desarrollo profesional mientras mantienen un techo sobre sus cabezas.<\/p>\n<p>&#8220;Su sue\u00f1o canadiense ya est\u00e1 muerto debido a esa falta de reconocimiento de credenciales&#8221;, dijo Austine Gaqui, una enfermera filipina que esper\u00f3 15 a\u00f1os para obtener una licencia en Ontario. &#8220;Necesitan estudiar, necesitan actualizarse, necesitan tomar cursos adicionales para cubrir la brecha de educaci\u00f3n&#8221;.<\/p>\n<p>La encuesta OMNI-Leger destaca que la falta de reconocimiento de credenciales extranjeras es un problema crucial al que se enfrentan los inmigrantes que buscan avanzar en sus carreras en Canad\u00e1. Adem\u00e1s, dos de cada diez inmigrantes denuncian barreras adicionales relacionadas con su acento o su dominio del idioma.<\/p>\n<p>En declaraciones a OMNI News la semana pasada, el Ministro de Inmigraci\u00f3n Marc Miller dijo que si bien el sistema valora la experiencia extranjera cuando las personas solicitan ingresar a Canad\u00e1, es &#8220;desafortunado&#8221; que a menudo no sea as\u00ed cuando llegan aqu\u00ed.<\/p>\n<p>&#8220;Esa no es una buena manera de hacer negocios&#8221;, dijo. &#8220;Eso no es justo para las personas a las que les hemos hecho promesas&#8221;.<\/p>\n<p>El ministro agreg\u00f3 que se han logrado algunos avances. A\u00fan as\u00ed, el reconocimiento de credenciales extranjeras est\u00e1 &#8220;casi en su totalidad&#8221; bajo jurisdicci\u00f3n provincial, y es &#8220;tremendamente enga\u00f1oso&#8221; sugerir que &#8220;el gobierno federal puede agitar una varita m\u00e1gica y hacer que suceda&#8221;.<\/p>\n<p>&#8220;Es importante presionar a las provincias para asegurarse de que compitan entre s\u00ed para reducir las barreras&#8221;, dijo Miller. \u201cPero tenemos demasiadas profesiones que est\u00e1n demasiado reguladas, a veces por organizaciones \u2013organizaciones autorreguladoras\u2013 que probablemente tengan que hacer un mejor trabajo para asegurarse de que haya formas m\u00e1s sencillas de obtener una cualificaci\u00f3n en Canad\u00e1\u201d.<\/p>\n<p>En MOSAIC, una organizaci\u00f3n de servicios a inmigrantes con sede en British Columbia, Olga Stachova coincide y a\u00f1ade: \u201ccomo sociedad, no hemos descubierto c\u00f3mo aprovechar al m\u00e1ximo la experiencia y la formaci\u00f3n que aportan los inmigrantes\u201d.<\/p>\n<p>Pero dijo a OMNI News que algunas barreras no s\u00f3lo dificultan a los reci\u00e9n llegados entrar en el mercado laboral, sino que persisten a lo largo de sus carreras, incluso en una provincia donde los nuevos canadienses constituyen un gran porcentaje de la poblaci\u00f3n.<\/p>\n<p>\u201cLos inmigrantes representan una fracci\u00f3n muy peque\u00f1a de los puestos de liderazgo de alto nivel en Columbia Brit\u00e1nica\u201d, dijo. \u201cEstamos hablando de n\u00fameros de un solo d\u00edgito. En particular, los inmigrantes racializados y las mujeres inmigrantes racializadas, que representan menos del uno por ciento de nuestros puestos de liderazgo\u201d.<\/p>\n<p><em><strong>\u201cEl racismo est\u00e1 ah\u00ed, y tambi\u00e9n la discriminaci\u00f3n\u201d<\/strong><\/em><br \/>\nLa encuesta de OMNI-Leger tambi\u00e9n destaca que m\u00e1s de un tercio de los inmigrantes han sufrido discriminaci\u00f3n en el trabajo, y la mayor\u00eda cita prejuicios \u00e9tnicos, raciales o culturales como una de las principales razones de las dificultades para avanzar en sus carreras. Estas barreras son m\u00e1s notorias entre los inmigrantes m\u00e1s j\u00f3venes y aquellos que se identifican como BIPOC.<\/p>\n<p>\u201cEl racismo est\u00e1 ah\u00ed, y tambi\u00e9n la discriminaci\u00f3n\u201d, dijo a OMNI News Harinder Mahil, ex presidente de British Columbia Human Rights.<\/p>\n<p>\u201cCuando encuentras dos candidatos que est\u00e1n igualmente calificados, la preferencia generalmente ir\u00e1 a alguien que sea canadiense, que sea blanco, y que est\u00e9 presente. Es dif\u00edcil demostrar que la persona ha sido v\u00edctima de discriminaci\u00f3n, pero sucede\u201d, dijo Mahil.<\/p>\n","protected":false},"excerpt":{"rendered":"<p>&nbsp; Para Rosalie Di Lollo, ayudar a los reci\u00e9n llegados a encontrar un trabajo en Canad\u00e1 es algo personal. &nbsp; Su padre se mud\u00f3 aqu\u00ed&hellip;<\/p>\n","protected":false},"author":99,"featured_media":522196,"comment_status":"open","ping_status":"open","sticky":false,"template":"","format":"standard","meta":{"footnotes":""},"categories":[21,11191],"tags":[],"class_list":["post-522195","post","type-post","status-publish","format-standard","has-post-thumbnail","hentry","category-canada","category-top-news"],"_links":{"self":[{"href":"https:\/\/diarioelpopular.com\/index.php\/wp-json\/wp\/v2\/posts\/522195","targetHints":{"allow":["GET"]}}],"collection":[{"href":"https:\/\/diarioelpopular.com\/index.php\/wp-json\/wp\/v2\/posts"}],"about":[{"href":"https:\/\/diarioelpopular.com\/index.php\/wp-json\/wp\/v2\/types\/post"}],"author":[{"embeddable":true,"href":"https:\/\/diarioelpopular.com\/index.php\/wp-json\/wp\/v2\/users\/99"}],"replies":[{"embeddable":true,"href":"https:\/\/diarioelpopular.com\/index.php\/wp-json\/wp\/v2\/comments?post=522195"}],"version-history":[{"count":1,"href":"https:\/\/diarioelpopular.com\/index.php\/wp-json\/wp\/v2\/posts\/522195\/revisions"}],"predecessor-version":[{"id":522197,"href":"https:\/\/diarioelpopular.com\/index.php\/wp-json\/wp\/v2\/posts\/522195\/revisions\/522197"}],"wp:featuredmedia":[{"embeddable":true,"href":"https:\/\/diarioelpopular.com\/index.php\/wp-json\/wp\/v2\/media\/522196"}],"wp:attachment":[{"href":"https:\/\/diarioelpopular.com\/index.php\/wp-json\/wp\/v2\/media?parent=522195"}],"wp:term":[{"taxonomy":"category","embeddable":true,"href":"https:\/\/diarioelpopular.com\/index.php\/wp-json\/wp\/v2\/categories?post=522195"},{"taxonomy":"post_tag","embeddable":true,"href":"https:\/\/diarioelpopular.com\/index.php\/wp-json\/wp\/v2\/tags?post=522195"}],"curies":[{"name":"wp","href":"https:\/\/api.w.org\/{rel}","templated":true}]}}