{"id":5223,"date":"2011-07-18T21:31:51","date_gmt":"2011-07-19T01:31:51","guid":{"rendered":"http:\/\/retrolab.ca\/elpopular\/?p=5223"},"modified":"2011-07-18T21:31:51","modified_gmt":"2011-07-19T01:31:51","slug":"villar-y-muslera-los-para-penaltis-se-inspiran-en-videos","status":"publish","type":"post","link":"https:\/\/diarioelpopular.com\/index.php\/2011\/07\/18\/villar-y-muslera-los-para-penaltis-se-inspiran-en-videos\/","title":{"rendered":"Los &#8216;para-penaltis&#8217; se inspiran en v\u00eddeos"},"content":{"rendered":"<div id=\"attachment_5224\" style=\"width: 710px\" class=\"wp-caption aligncenter\"><a href=\"http:\/\/retrolab.ca\/elpopular\/wp-content\/uploads\/2011\/07\/El-guardameta-de-Paraguay-Justo-Villar-le-ataja-el-penal-a-Thiago-Silva-de-Brasil-.jpg\"><img loading=\"lazy\" decoding=\"async\" aria-describedby=\"caption-attachment-5224\" class=\"size-full wp-image-5224\" title=\"El guardameta de Paraguay Justo Villar le ataja el penal a Thiago Silva de Brasil\" src=\"http:\/\/retrolab.ca\/elpopular\/wp-content\/uploads\/2011\/07\/El-guardameta-de-Paraguay-Justo-Villar-le-ataja-el-penal-a-Thiago-Silva-de-Brasil-.jpg\" alt=\"\" width=\"700\" height=\"420\" \/><\/a><p id=\"caption-attachment-5224\" class=\"wp-caption-text\">El guardameta de Paraguay Justo Villar le ataja el penal a Thiago Silva, de Brasil. Foto: Marcelo Say\u00e3o \/ Efe<\/p><\/div>\n<p><em>Efe. Buenos Aires.- <\/em>Los v\u00eddeos para estudiar a los lanzadores rivales, la intuici\u00f3n y la agilidad convirtieron al <a href=\"https:\/\/diarioelpopular.com\/2011\/07\/paraguay-elimina-a-brasil-en-los-penaltis\/\">paraguayo Justo Villar<\/a> y el <a href=\"https:\/\/diarioelpopular.com\/2011\/07\/uruguay-se-impone-en-la-talda-de-penaltis-y-deja-fuera-a-argentina\/\">uruguayo Fernando Muslera<\/a>, los dos &#8216;para-penaltis&#8217; de los cuartos de final de la\u00a0Copa\u00a0Am\u00e9rica 2011, en los h\u00e9roes de la clasificaci\u00f3n para semifinales de sus selecciones.<\/p>\n<p>Ninguno de ellos dej\u00f3 nada a la improvisaci\u00f3n en la\u00a0previa\u00a0de sus encuentros. Ning\u00fan detalle se les pas\u00f3 por alto horas antes del inicio de esos duelos. Ni siquiera la posibilidad de la resoluci\u00f3n de los partidos en la tanda de penaltis, porque ambos se dedicaron a repasar los lanzamientos de los jugadores rivales.<\/p>\n<p>&#8220;Nosotros no pateamos ning\u00fan penalti en los entrenamientos antes del partido con Brasil. La gente del cuerpo t\u00e9cnico que me acompa\u00f1a s\u00ed ten\u00eda una lista de posibles lanzadores. Se bajaron de &#8216;Youtube&#8217; c\u00f3mo pateaban y se lo mostraron a Justo Villar ayer antes de ir para la cancha. Yo no lo sab\u00eda, lo hab\u00eda hecho el resto del cuerpo t\u00e9cnico y me lo dijeron hoy&#8221;, explic\u00f3 este lunes el argentino Gerardo Martino, t\u00e9cnico de Paraguay, en rueda de prensa.<\/p>\n<p>Justo Villar, que protagoniz\u00f3 una colecci\u00f3n de paradas espectaculares este domingo durante los 120 minutos del intenso encuentro contra Brasil, tambi\u00e9n detuvo un lanzamiento de pena m\u00e1xima, a Thiago Silva, el tercero de la tanda de penaltis, cuando uno y otro equipo hab\u00edan fallado su primer intento.<\/p>\n<p>Un d\u00eda antes, otro portero, el uruguayo Fernando Muslera, tambi\u00e9n fue el mejor del partido en el duelo de cuartos de final entre su selecci\u00f3n y Argentina en Santa Fe. Y tambi\u00e9n rubric\u00f3 su fenomenal actuaci\u00f3n en la tanda de penaltis, en el momento decisivo, en el que par\u00f3 el lanzamiento de Carlos T\u00e9vez para dar el pase a su equipo.<\/p>\n<p>El d\u00eda antes hab\u00eda estudiado a sus oponentes, la forma y el lado habitual de sus lanzamientos de penalti. &#8220;Vi un compacto de c\u00f3mo pateaban los jugadores argentinos en sus clubes. Vi muchos&#8221;, reconoc\u00eda el s\u00e1bado el guardameta, que traz\u00f3 las claves para detener penas m\u00e1ximas: &#8220;Intuici\u00f3n, ver la posici\u00f3n del jugador, tener fe y si va a un palo ir con todas las ganas&#8221;.<\/p>\n","protected":false},"excerpt":{"rendered":"<p>Los v\u00eddeos para estudiar a los lanzadores rivales, la intuici\u00f3n y la agilidad convirtieron al paraguayo Justo Villar y el uruguayo Fernando Muslera, los dos &#8216;para-penaltis&#8217; de los cuartos de final de la Copa Am\u00e9rica 2011, en los h\u00e9roes de la clasificaci\u00f3n para semifinales de sus selecciones.<\/p>\n","protected":false},"author":1,"featured_media":5224,"comment_status":"closed","ping_status":"open","sticky":false,"template":"","format":"standard","meta":{"footnotes":""},"categories":[28],"tags":[6825,6826],"class_list":["post-5223","post","type-post","status-publish","format-standard","has-post-thumbnail","hentry","category-deportes","tag-justo-villar","tag-muslera"],"_links":{"self":[{"href":"https:\/\/diarioelpopular.com\/index.php\/wp-json\/wp\/v2\/posts\/5223","targetHints":{"allow":["GET"]}}],"collection":[{"href":"https:\/\/diarioelpopular.com\/index.php\/wp-json\/wp\/v2\/posts"}],"about":[{"href":"https:\/\/diarioelpopular.com\/index.php\/wp-json\/wp\/v2\/types\/post"}],"author":[{"embeddable":true,"href":"https:\/\/diarioelpopular.com\/index.php\/wp-json\/wp\/v2\/users\/1"}],"replies":[{"embeddable":true,"href":"https:\/\/diarioelpopular.com\/index.php\/wp-json\/wp\/v2\/comments?post=5223"}],"version-history":[{"count":0,"href":"https:\/\/diarioelpopular.com\/index.php\/wp-json\/wp\/v2\/posts\/5223\/revisions"}],"wp:featuredmedia":[{"embeddable":true,"href":"https:\/\/diarioelpopular.com\/index.php\/wp-json\/"}],"wp:attachment":[{"href":"https:\/\/diarioelpopular.com\/index.php\/wp-json\/wp\/v2\/media?parent=5223"}],"wp:term":[{"taxonomy":"category","embeddable":true,"href":"https:\/\/diarioelpopular.com\/index.php\/wp-json\/wp\/v2\/categories?post=5223"},{"taxonomy":"post_tag","embeddable":true,"href":"https:\/\/diarioelpopular.com\/index.php\/wp-json\/wp\/v2\/tags?post=5223"}],"curies":[{"name":"wp","href":"https:\/\/api.w.org\/{rel}","templated":true}]}}