{"id":522379,"date":"2024-10-09T09:29:36","date_gmt":"2024-10-09T13:29:36","guid":{"rendered":"https:\/\/diarioelpopular.com\/?p=522379"},"modified":"2024-10-09T09:29:36","modified_gmt":"2024-10-09T13:29:36","slug":"una-oportunidad-para-que-los-ninos-crezcan-el-norte-de-argentina-combate-la-desnutricion","status":"publish","type":"post","link":"https:\/\/diarioelpopular.com\/index.php\/2024\/10\/09\/una-oportunidad-para-que-los-ninos-crezcan-el-norte-de-argentina-combate-la-desnutricion\/","title":{"rendered":"Una oportunidad para que los ni\u00f1os crezcan: el norte de Argentina combate la desnutrici\u00f3n"},"content":{"rendered":"<div id=\"attachment_522380\" style=\"width: 1210px\" class=\"wp-caption alignnone\"><img loading=\"lazy\" decoding=\"async\" aria-describedby=\"caption-attachment-522380\" class=\"wp-image-522380 size-custom-big-size\" src=\"https:\/\/diarioelpopular.com\/wp-content\/uploads\/2024\/10\/Screen-Shot-2024-10-09-at-9.28.41-AM-1200x780.png\" alt=\"\" width=\"1200\" height=\"780\" srcset=\"https:\/\/diarioelpopular.com\/wp-content\/uploads\/2024\/10\/Screen-Shot-2024-10-09-at-9.28.41-AM-1200x780.png 1200w, https:\/\/diarioelpopular.com\/wp-content\/uploads\/2024\/10\/Screen-Shot-2024-10-09-at-9.28.41-AM-300x195.png 300w, https:\/\/diarioelpopular.com\/wp-content\/uploads\/2024\/10\/Screen-Shot-2024-10-09-at-9.28.41-AM-768x499.png 768w, https:\/\/diarioelpopular.com\/wp-content\/uploads\/2024\/10\/Screen-Shot-2024-10-09-at-9.28.41-AM-85x55.png 85w, https:\/\/diarioelpopular.com\/wp-content\/uploads\/2024\/10\/Screen-Shot-2024-10-09-at-9.28.41-AM-636x413.png 636w, https:\/\/diarioelpopular.com\/wp-content\/uploads\/2024\/10\/Screen-Shot-2024-10-09-at-9.28.41-AM-112x73.png 112w, https:\/\/diarioelpopular.com\/wp-content\/uploads\/2024\/10\/Screen-Shot-2024-10-09-at-9.28.41-AM.png 1024w\" sizes=\"auto, (max-width: 1200px) 100vw, 1200px\" \/><p id=\"caption-attachment-522380\" class=\"wp-caption-text\">Maria Rosa Sardina y su hija, en su comunidad &#8221; La Golondrina&#8221; en Salta (Argentina). El 5 de septiembre 2024.\u00a0 \u00a0 \u00a0 \u00a0 \u00a0 \u00a0 \u00a0 \u00a0 \u00a0 \u00a0 \u00a0 \u00a0 \u00a0Anita Pouchard Serra<\/p><\/div>\n<p>&nbsp;<\/p>\n<p>&nbsp;<\/p>\n<h4 class=\"a_st\"><em>&#8211; La asociaci\u00f3n Pata Pila acompa\u00f1a a madres para cuidar la salud de sus hijos en el Chaco salte\u00f1o, una de las regiones con m\u00e1s pobreza y falta de servicios b\u00e1sicos<\/em><\/h4>\n<p>&nbsp;<\/p>\n<p>&nbsp;<\/p>\n<p class=\"\">Yamileth naci\u00f3 prematura con un peso de 1,6 kilos en un hospital p\u00fablico de la ciudad de Salta, capital de la provincia hom\u00f3nima en el noroeste argentino. Su casa se encuentra a 338 kil\u00f3metros de all\u00ed, donde su pap\u00e1, su hermana, de seis a\u00f1os, y su abuela esperaban noticias sobre su nacimiento. Cuando su mam\u00e1, Mar\u00eda Rosa Sardina, una\u00a0<a href=\"https:\/\/elpais.com\/america-futura\/2024-04-13\/el-mensaje-de-las-tejedoras-wichi-de-argentina-llega-a-la-bienal-de-venecia.html\" data-link-track-dtm=\"\" data-mrf-link=\"https:\/\/elpais.com\/america-futura\/2024-04-13\/el-mensaje-de-las-tejedoras-wichi-de-argentina-llega-a-la-bienal-de-venecia.html\">mujer wich\u00ed<\/a>\u00a0de 30 a\u00f1os, necesit\u00f3 ser atendida por el parto anticipado, estaba junto a ellos en su comunidad, Misi\u00f3n La Golondrina, ubicada en la localidad Hickmann en el Chaco Salte\u00f1o.<\/p>\n<p class=\"\">Mar\u00eda Rosa cuenta que ese d\u00eda pas\u00f3 por hospitales de distintas ciudades de la provincia (Embarcaci\u00f3n, San Ram\u00f3n de la Nueva Or\u00e1n y finalmente Salta) para que pudieran atenderla para tener a su beb\u00e9. En los primeros dos hospitales no ten\u00edan el equipo adecuado para el parto. La mam\u00e1 y la beb\u00e9 estuvieron un mes internadas en el hospital de Salta sin recibir visitas por lo costoso que era para la familia llegar. \u201cYo estaba muy an\u00e9mica y mi beb\u00e9 estuvo en neonatolog\u00eda. Yo lloraba porque quer\u00eda volver a mi comunidad. Tambi\u00e9n estaba preocupada por mi otra hija. Todo el tiempo pensaba si le hab\u00edan dado de comer o si la cuidaban bien\u201d, relata. Si bien Maria Rosa habla wichi, ella aprendi\u00f3 castellano en la escuela. Eso le facilit\u00f3 la comunicaci\u00f3n con los m\u00e9dicos y las enfermeras.<\/p>\n<p class=\"\">Cuando Yamileth alcanz\u00f3 los dos kilos, le dieron el alta. Al volver a su casa en la comunidad, Mar\u00eda Rosa se puso en contacto con la Asociaci\u00f3n Civil Franciscana\u00a0<a href=\"https:\/\/patapila.org\/\" target=\"_blank\" rel=\"noopener\" data-link-track-dtm=\"\" data-mrf-link=\"https:\/\/patapila.org\/\">Pata Pila<\/a>\u00a0para que incluyeran a su hija entre los beneficiarios de la organizaci\u00f3n. \u201cEllos me ayudaron con la leche de f\u00f3rmula porque a m\u00ed no me alcanzaba para comprarla\u201d, aclara.<\/p>\n<p class=\"\">Por su condici\u00f3n de prematura, Yamileth ten\u00eda que hacer controles mensuales en Salta, pero para Mar\u00eda Rosa era muy dif\u00edcil llevarla por el costo y la distancia. Llegar en auto particular lleva al menos cuatro horas y media. Y para tomar un colectivo, primero debe viajar 50 kil\u00f3metros hasta la terminal. Ella no cuenta con veh\u00edculo propio. A trav\u00e9s de Pata Pila, logr\u00f3 que el municipio la llevara a los controles durante tres meses, algunas veces en camioneta, mientras que otras le subvencionaran el colectivo.<\/p>\n<p>&nbsp;<\/p>\n<figure class=\"a_m a_m-h \">\n<p><div style=\"width: 424px\" class=\"wp-caption alignnone\"><img loading=\"lazy\" decoding=\"async\" class=\"_re lazyload a_m-h\" src=\"https:\/\/imagenes.elpais.com\/resizer\/v2\/MRBLABTT45BJDJT2FJ7MYT2OHY.jpg?auth=72b32996d51a90605d126c8bf76084911504a70ebc76f2ae6ae898b43c8b1ede&amp;width=414\" sizes=\"auto, (min-width:1199px) 1155px,(min-width:1001px) calc(100vw - 44px),(min-width:768px) 767px, 100vw\" srcset=\"https:\/\/imagenes.elpais.com\/resizer\/v2\/MRBLABTT45BJDJT2FJ7MYT2OHY.jpg?auth=72b32996d51a90605d126c8bf76084911504a70ebc76f2ae6ae898b43c8b1ede&amp;width=414 414w,https:\/\/imagenes.elpais.com\/resizer\/v2\/MRBLABTT45BJDJT2FJ7MYT2OHY.jpg?auth=72b32996d51a90605d126c8bf76084911504a70ebc76f2ae6ae898b43c8b1ede&amp;width=828 640w,https:\/\/imagenes.elpais.com\/resizer\/v2\/MRBLABTT45BJDJT2FJ7MYT2OHY.jpg?auth=72b32996d51a90605d126c8bf76084911504a70ebc76f2ae6ae898b43c8b1ede&amp;width=980 1000w,https:\/\/imagenes.elpais.com\/resizer\/v2\/MRBLABTT45BJDJT2FJ7MYT2OHY.jpg?auth=72b32996d51a90605d126c8bf76084911504a70ebc76f2ae6ae898b43c8b1ede&amp;width=1960 1960w\" alt=\"Anuncios con informaci\u00f3n sobre alimentaci\u00f3n saludable en la sede de la Fundaci\u00f3n Pata Pila.\" width=\"414\" height=\"276\" \/><p class=\"wp-caption-text\">Anuncios con informaci\u00f3n sobre alimentaci\u00f3n saludable en la sede de la Fundaci\u00f3n Pata Pila.Anita Pouchard Serra<\/p><\/div><figcaption class=\"a_m_p\">\n<\/figcaption><\/figure>\n<h3 class=\"\"><b>Unos 7.500 ni\u00f1os en riesgo<\/b><\/h3>\n<p class=\"\">En la provincia de Salta residen aproximadamente 500 comunidades ind\u00edgenas que pertenecen a m\u00e1s de 14 pueblos originarios y que viven en condiciones de pobreza estructural y discriminaci\u00f3n, con fuertes restricciones en el acceso al sistema de salud y a servicios b\u00e1sicos como el agua potable. La situaci\u00f3n es especialmente preocupante en Rivadavia, Or\u00e1n y San Mart\u00edn, ubicados en el norte. All\u00ed, desde 2020 rige la emergencia sociosanitaria. Unos 7.500 ni\u00f1as y ni\u00f1os de hasta cinco a\u00f1os se encuentran en riesgo nutricional.<\/p>\n<p class=\"\">Rivadavia, Or\u00e1n y San Mart\u00edn forman parte del\u00a0<a href=\"https:\/\/elpais.com\/america-futura\/2022-12-24\/gran-chaco-la-deforestacion-avanza-sobre-un-bastion-clave-de-la-biodiversidad-argentina.html\" data-link-track-dtm=\"\" data-mrf-link=\"https:\/\/elpais.com\/america-futura\/2022-12-24\/gran-chaco-la-deforestacion-avanza-sobre-un-bastion-clave-de-la-biodiversidad-argentina.html\">Gran Chaco argentino<\/a>, un territorio semi\u00e1rido que se caracteriza por una alt\u00edsima vulnerabilidad clim\u00e1tica y los \u00edndices m\u00e1s acuciantes de pobreza del pa\u00eds pese a ser la segunda regi\u00f3n m\u00e1s boscosa y extensa de Am\u00e9rica Latina y el Caribe, despu\u00e9s de la selva amaz\u00f3nica.<\/p>\n<p class=\"\">Pata Pila comenz\u00f3 a trabajar en la zona en 2015. Sus profesionales interdisciplinarios realizan recorridos semanales en el territorio para monitorear y atender casos de desnutrici\u00f3n aguda en ni\u00f1os y ni\u00f1as de hasta cinco a\u00f1os y mujeres embarazadas. En la provincia de Salta, la organizaci\u00f3n cuenta con cuatro centros que atienden a unos 1434 ni\u00f1os y ni\u00f1as.<\/p>\n<p class=\"\">La vicedirectora regional Pata Pila Virginia Zenteno cuenta que la organizaci\u00f3n se centra en la prevenci\u00f3n: \u201cRealizamos atenciones integrales para evitar que los ni\u00f1os lleguen a una situaci\u00f3n de emergencia, como la internaci\u00f3n hospitalaria. Cada centro ofrece atenci\u00f3n nutricional, y el equipo interdisciplinario trabaja con las madres para mejorar los h\u00e1bitos alimentarios de sus hijos\u201d, explica. Cada semana, entregan bolsas de 400 gramos de leche a las madres y, cuando pueden, les ayudan con otros productos.<\/p>\n<p>&nbsp;<\/p>\n<figure class=\"a_m a_m-h \">\n<p><div style=\"width: 424px\" class=\"wp-caption alignnone\"><img loading=\"lazy\" decoding=\"async\" class=\"_re lazyload a_m-h\" src=\"https:\/\/imagenes.elpais.com\/resizer\/v2\/DQ3W4Q2V6VD57GQLLM4TGVZG2M.jpg?auth=efb7ce151bdff1a6c60bc0c9d0e601fb8d63c9f054a522ec9082401d8f4737ad&amp;width=414\" sizes=\"auto, (min-width:1199px) 1155px,(min-width:1001px) calc(100vw - 44px),(min-width:768px) 767px, 100vw\" srcset=\"https:\/\/imagenes.elpais.com\/resizer\/v2\/DQ3W4Q2V6VD57GQLLM4TGVZG2M.jpg?auth=efb7ce151bdff1a6c60bc0c9d0e601fb8d63c9f054a522ec9082401d8f4737ad&amp;width=414 414w,https:\/\/imagenes.elpais.com\/resizer\/v2\/DQ3W4Q2V6VD57GQLLM4TGVZG2M.jpg?auth=efb7ce151bdff1a6c60bc0c9d0e601fb8d63c9f054a522ec9082401d8f4737ad&amp;width=828 640w,https:\/\/imagenes.elpais.com\/resizer\/v2\/DQ3W4Q2V6VD57GQLLM4TGVZG2M.jpg?auth=efb7ce151bdff1a6c60bc0c9d0e601fb8d63c9f054a522ec9082401d8f4737ad&amp;width=980 1000w,https:\/\/imagenes.elpais.com\/resizer\/v2\/DQ3W4Q2V6VD57GQLLM4TGVZG2M.jpg?auth=efb7ce151bdff1a6c60bc0c9d0e601fb8d63c9f054a522ec9082401d8f4737ad&amp;width=1960 1960w\" alt=\"Actividades con las familias Wichi en la sede Fundaci\u00f3n Pata Pila, Dragones, en Salta, Argentina.\" width=\"414\" height=\"276\" \/><p class=\"wp-caption-text\">Actividades con las familias Wichi en la sede Fundaci\u00f3n Pata Pila, Dragones, en Salta, Argentina.Anita Pouchard Serra<\/p><\/div><figcaption class=\"a_m_p\"><\/figcaption><\/figure>\n<h3><\/h3>\n<h3 class=\"\"><b>El d\u00eda a d\u00eda en el centro de Fort\u00edn Dragones<\/b><\/h3>\n<p class=\"\">Jueves a las 9.30. Pata Pila recibe a las madres de la comunidad wichi en Centro de Desarrollo Humano Integral Fort\u00edn Dragones. Algunas llevan a sus hijos en brazos y otras ven c\u00f3mo ellos se adelantan a ingresar a la sala, donde se reparten tazas pl\u00e1sticas con leche y pan para desayunar. El director, Marcelo Ruiz, las saluda y se\u00f1ala a una mujer a la que espera la trabajadora social, Berta Colina, que aborda temas de violencias y todo tipo de consumo. \u201cTengo herramientas para acompa\u00f1ar y hacer red con otras organizaciones y profesionales\u201d, desde gobiernos a hospitales, escuelas, y asesor\u00edas legales, explica. \u201cEsto permite que lo que no podemos abordar nosotros, lo hagan otras entidades\u201d.<\/p>\n<p class=\"\">En el centro hay dos turnos de tres horas cada uno. Uno por la ma\u00f1ana y otro por la tarde. En general, participan unas 80 madres. Algunas de ellas vienen de las comunidades de Hickmann, que se encuentran a unos 25 kil\u00f3metros. El director reconoce que, especialmente en los d\u00edas de mucho calor de verano, donde la temperatura puede superar los 48 grados, a algunas de estas mujeres les resulta dif\u00edcil llegar.<\/p>\n<p class=\"\">Hern\u00e1n Rivero ayuda a distribuir el desayuno entre un grupo de ni\u00f1os que juegan mientras esperan sentados. El joven de 25 a\u00f1os forma parte de la comunidad wichi Asamblea de Dios y es el traductor del centro para las madres que no hablan castellano. \u201cMe gusta ser traductor, porque siento que puedo ayudar a las mam\u00e1s a entender mejor las cosas, como los temas de nutrici\u00f3n\u201d, expresa.<\/p>\n<p class=\"\">Uno de los mayores desaf\u00edos es el acceso a servicios de salud. Aunque hay un hospital cercano, muchas veces los pacientes deben ser derivados a otro que est\u00e1 a 90 kil\u00f3metros. El acceso a tr\u00e1mites b\u00e1sicos como un documento de identidad tambi\u00e9n es complicado debido a las distancias y la falta de transporte adecuado.<\/p>\n<p class=\"\">Hanna Montes, brasile\u00f1a de 27 a\u00f1os, es la nutricionista del centro. Ella migr\u00f3 a Argentina hace seis a\u00f1os y este a\u00f1o se mud\u00f3 de Buenos Aires al Chaco para trabajar con Pata Pila. \u201cEs muy dif\u00edcil dar un plan de alimentaci\u00f3n a alguien que no tiene opciones en la casa\u201d, reconoce. Un caso que la marc\u00f3 fue el de un ni\u00f1o que ten\u00eda diarrea constantemente y no entend\u00edan por qu\u00e9 hasta que, en una visita domiciliaria, se dio de que estaba tomando agua de un tanque que no estaba bien cuidado. \u201cEl problema se solucionaba con agua potable\u201d, relata.<\/p>\n<p class=\"\">Dentro del equipo tambi\u00e9n hay una psicopedagoga, Paula Villarreal, de 27 a\u00f1os , que trabaja con Pata Pila desde febrero de este a\u00f1o. Acompa\u00f1a a los chicos y chicas en la estimulaci\u00f3n temprana para ayudarlos en el desarrollo de la motricidad y lo cognitivo.<\/p>\n<p class=\"\">Entre los turnos y antes de terminar la jornada, todo el equipo se re\u00fane para conversar sobre casos espec\u00edficos de madres y ni\u00f1os que requieren atenci\u00f3n. \u201cNos aseguramos de que todos los profesionales est\u00e9n al tanto de cada situaci\u00f3n para coordinar mejor las acciones\u201d, se\u00f1ala Ruiz. Adem\u00e1s, tienen digitalizadas las fichas de todos los ni\u00f1os para seguir sus casos.<\/p>\n<p>&nbsp;<\/p>\n<figure class=\"a_m a_m-h \">\n<p><div style=\"width: 424px\" class=\"wp-caption alignnone\"><img loading=\"lazy\" decoding=\"async\" class=\"_re lazyload a_m-h\" src=\"https:\/\/imagenes.elpais.com\/resizer\/v2\/ZVHXO5CNX5FLXD7VVNMO6EIDUM.jpg?auth=b5c63423ed7ff3ca3da5701c8e59e39dcb5bf33fcc2fd2f20e6be51b5ba33088&amp;width=414\" sizes=\"auto, (min-width:1199px) 1155px,(min-width:1001px) calc(100vw - 44px),(min-width:768px) 767px, 100vw\" srcset=\"https:\/\/imagenes.elpais.com\/resizer\/v2\/ZVHXO5CNX5FLXD7VVNMO6EIDUM.jpg?auth=b5c63423ed7ff3ca3da5701c8e59e39dcb5bf33fcc2fd2f20e6be51b5ba33088&amp;width=414 414w,https:\/\/imagenes.elpais.com\/resizer\/v2\/ZVHXO5CNX5FLXD7VVNMO6EIDUM.jpg?auth=b5c63423ed7ff3ca3da5701c8e59e39dcb5bf33fcc2fd2f20e6be51b5ba33088&amp;width=828 640w,https:\/\/imagenes.elpais.com\/resizer\/v2\/ZVHXO5CNX5FLXD7VVNMO6EIDUM.jpg?auth=b5c63423ed7ff3ca3da5701c8e59e39dcb5bf33fcc2fd2f20e6be51b5ba33088&amp;width=980 1000w,https:\/\/imagenes.elpais.com\/resizer\/v2\/ZVHXO5CNX5FLXD7VVNMO6EIDUM.jpg?auth=b5c63423ed7ff3ca3da5701c8e59e39dcb5bf33fcc2fd2f20e6be51b5ba33088&amp;width=1960 1960w\" alt=\"Virginia Zenteno, vice directora regional de la Fundaci\u00f3n Pata Pila.\" width=\"414\" height=\"277\" \/><p class=\"wp-caption-text\">Virginia Zenteno, vice directora regional de la Fundaci\u00f3n Pata Pila.Anita Pouchard Serra<\/p><\/div><figcaption class=\"a_m_p\"><\/figcaption><b><\/b><\/figure>\n<figure><\/figure>\n<figure class=\"a_m a_m-h \"><b>El impacto del trabajo integral<\/b><\/figure>\n<p class=\"\">A las 11.30, como todas las semanas, la acompa\u00f1ante familiar de Pata Pila Nilda Cardozo se acerca al hogar de Mar\u00eda Rosa, que la espera sentada en una sillas pl\u00e1sticas para conversar en el terreno donde merodean un cerdo, algunos perros y una gallina. Tanto en Fort\u00edn Dragones como en Hickmann, donde trabaja Cardozo, las calles son de tierra. Cuando hay viento, se forma una polvareda.<\/p>\n<p class=\"\">Mar\u00eda Rosa se cri\u00f3 con su abuela, que la criaba con el poco dinero que consegu\u00eda lavando ropa. \u201cLos chicos wich\u00ed no us\u00e1bamos mochila para ir a la escuela porque no nos la pod\u00edan comprar. Yo usaba una bolsita de mercado para llevar mis cosas e iba descalza. Hoy mi hija de seis a\u00f1os va con su mochila bonita\u201d, relata. Adem\u00e1s de a Yamilet tiene a otra hija mayor, Victoria. La familia sale adelante gracias al dinero que gana su marido vendiendo le\u00f1a y las artesan\u00edas que ella hace, unos ingresos que complementan con subsidios estatales.<\/p>\n<p class=\"\">Yamileth ya tiene un a\u00f1o y medio y mientras su madre cuenta su experiencia, ella juega inquieta alrededor. Enseguida, abraza a Mar\u00eda Rosa, quien comienza a amamantarla. Este mes tiene que sacar turno en el hospital de Salta para llevar a su hija al control. Cuando viaja, con la ayuda del municipio, se hospeda en una casa del Instituto Provincial de Pueblos Ind\u00edgenas de Salta (IPPIS). All\u00ed puede quedarse para los controles m\u00e9dicos.<\/p>\n<p class=\"\">Pero mirando atr\u00e1s, puede ver el efecto que el programa en el desarrollo de la ni\u00f1a: \u201cMi hija sigue yendo al programa de Pata Pila, aunque ya no toma leche de f\u00f3rmula. Ya no tiene bajo peso y est\u00e1 hermosa\u201d, dice.<\/p>\n","protected":false},"excerpt":{"rendered":"<p>&nbsp; &nbsp; &#8211; La asociaci\u00f3n Pata Pila acompa\u00f1a a madres para cuidar la salud de sus hijos en el Chaco salte\u00f1o, una de las regiones&hellip;<\/p>\n","protected":false},"author":99,"featured_media":522380,"comment_status":"open","ping_status":"open","sticky":false,"template":"","format":"standard","meta":{"footnotes":""},"categories":[23],"tags":[],"class_list":["post-522379","post","type-post","status-publish","format-standard","has-post-thumbnail","hentry","category-latinoamerica"],"_links":{"self":[{"href":"https:\/\/diarioelpopular.com\/index.php\/wp-json\/wp\/v2\/posts\/522379","targetHints":{"allow":["GET"]}}],"collection":[{"href":"https:\/\/diarioelpopular.com\/index.php\/wp-json\/wp\/v2\/posts"}],"about":[{"href":"https:\/\/diarioelpopular.com\/index.php\/wp-json\/wp\/v2\/types\/post"}],"author":[{"embeddable":true,"href":"https:\/\/diarioelpopular.com\/index.php\/wp-json\/wp\/v2\/users\/99"}],"replies":[{"embeddable":true,"href":"https:\/\/diarioelpopular.com\/index.php\/wp-json\/wp\/v2\/comments?post=522379"}],"version-history":[{"count":1,"href":"https:\/\/diarioelpopular.com\/index.php\/wp-json\/wp\/v2\/posts\/522379\/revisions"}],"predecessor-version":[{"id":522381,"href":"https:\/\/diarioelpopular.com\/index.php\/wp-json\/wp\/v2\/posts\/522379\/revisions\/522381"}],"wp:featuredmedia":[{"embeddable":true,"href":"https:\/\/diarioelpopular.com\/index.php\/wp-json\/wp\/v2\/media\/522380"}],"wp:attachment":[{"href":"https:\/\/diarioelpopular.com\/index.php\/wp-json\/wp\/v2\/media?parent=522379"}],"wp:term":[{"taxonomy":"category","embeddable":true,"href":"https:\/\/diarioelpopular.com\/index.php\/wp-json\/wp\/v2\/categories?post=522379"},{"taxonomy":"post_tag","embeddable":true,"href":"https:\/\/diarioelpopular.com\/index.php\/wp-json\/wp\/v2\/tags?post=522379"}],"curies":[{"name":"wp","href":"https:\/\/api.w.org\/{rel}","templated":true}]}}