{"id":522440,"date":"2024-10-10T08:29:42","date_gmt":"2024-10-10T12:29:42","guid":{"rendered":"https:\/\/diarioelpopular.com\/?p=522440"},"modified":"2024-10-10T08:29:42","modified_gmt":"2024-10-10T12:29:42","slug":"cientos-de-miles-de-vehiculos-populares-retirados-del-mercado-en-canada-por-un-problema-en-la-direccion","status":"publish","type":"post","link":"https:\/\/diarioelpopular.com\/index.php\/2024\/10\/10\/cientos-de-miles-de-vehiculos-populares-retirados-del-mercado-en-canada-por-un-problema-en-la-direccion\/","title":{"rendered":"Cientos de miles de veh\u00edculos populares retirados del mercado en Canad\u00e1 por un problema en la direcci\u00f3n"},"content":{"rendered":"<p><img loading=\"lazy\" decoding=\"async\" class=\"alignnone size-custom-full-size wp-image-522441\" src=\"https:\/\/diarioelpopular.com\/wp-content\/uploads\/2024\/10\/Screen-Shot-2024-10-10-at-8.29.17-AM-636x428.png\" alt=\"\" width=\"636\" height=\"428\" srcset=\"https:\/\/diarioelpopular.com\/wp-content\/uploads\/2024\/10\/Screen-Shot-2024-10-10-at-8.29.17-AM-636x428.png 636w, https:\/\/diarioelpopular.com\/wp-content\/uploads\/2024\/10\/Screen-Shot-2024-10-10-at-8.29.17-AM-300x202.png 300w, https:\/\/diarioelpopular.com\/wp-content\/uploads\/2024\/10\/Screen-Shot-2024-10-10-at-8.29.17-AM-768x517.png 768w, https:\/\/diarioelpopular.com\/wp-content\/uploads\/2024\/10\/Screen-Shot-2024-10-10-at-8.29.17-AM-1200x808.png 1200w, https:\/\/diarioelpopular.com\/wp-content\/uploads\/2024\/10\/Screen-Shot-2024-10-10-at-8.29.17-AM-80x55.png 80w, https:\/\/diarioelpopular.com\/wp-content\/uploads\/2024\/10\/Screen-Shot-2024-10-10-at-8.29.17-AM-108x73.png 108w, https:\/\/diarioelpopular.com\/wp-content\/uploads\/2024\/10\/Screen-Shot-2024-10-10-at-8.29.17-AM.png 1024w\" sizes=\"auto, (max-width: 636px) 100vw, 636px\" \/><\/p>\n<p>&nbsp;<\/p>\n<ul>\n<li><em><strong>Cientos de miles de veh\u00edculos est\u00e1n siendo retirados del mercado en Canad\u00e1 debido a un problema relacionado con la direcci\u00f3n que podr\u00eda aumentar el riesgo de accidente del conductor.<\/strong><\/em><\/li>\n<\/ul>\n<p>&nbsp;<\/p>\n<p>Aproximadamente 239.000 veh\u00edculos Honda y Acura de modelos m\u00e1s nuevos han sido retirados del mercado voluntariamente por los fabricantes debido a una pieza defectuosa en la caja de direcci\u00f3n.<\/p>\n<p>Honda dijo en un comunicado de prensa el mi\u00e9rcoles que el problema puede aumentar el riesgo de accidente o lesi\u00f3n porque puede volverse m\u00e1s dif\u00edcil de conducir.<\/p>\n<p>&#8220;Una rueda helicoidal de caja de cambios fabricada incorrectamente puede hincharse cuando se expone al calor y la humedad ambientales, lo que reduce el espesor de la pel\u00edcula de grasa entre la rueda helicoidal y el engranaje helicoidal&#8221;, dijo Honda Canad\u00e1.<\/p>\n<p>&#8220;Adem\u00e1s, la recarga del resorte del engranaje helicoidal se ajust\u00f3 incorrectamente alta, lo que aumenta la fuerza de deslizamiento entre los componentes. La fricci\u00f3n excesiva entre estos componentes puede causar un mayor esfuerzo y dificultad en la direcci\u00f3n, o una direcci\u00f3n &#8216;pegajosa'&#8221;.<\/p>\n<p>Se emiti\u00f3 un retiro similar al sur de la frontera, que afect\u00f3 a aproximadamente 1,7 millones de veh\u00edculos en los EE. UU.<\/p>\n<p>\u00bfQu\u00e9 veh\u00edculos est\u00e1n retirados del mercado en Canad\u00e1?<br \/>\nSe les indica a los conductores de los siguientes veh\u00edculos que programen una reparaci\u00f3n gratuita en un concesionario autorizado:<\/p>\n<p>Honda Civic Sed\u00e1n 2022-2025<br \/>\nHonda Civic Hatchback 2022-2025<br \/>\nHonda Civic H\u00edbrido Sed\u00e1n 2025<br \/>\nHonda Civic H\u00edbrido Hatchback 2025<br \/>\nHonda Civic Type R 2023-2025<br \/>\nHonda CR-V 2023-2025<br \/>\nHonda CR-V H\u00edbrido 2023-2025<br \/>\nHonda HR-V 2023-2025<br \/>\nAcura Integra 2023-2025<br \/>\nAcura Integra Type S 2024-2025<br \/>\nLos mec\u00e1nicos agregar\u00e1n grasa y reemplazar\u00e1n el resorte del engranaje de trabajo, dijo la compa\u00f1\u00eda, y agreg\u00f3 que los conductores de esos veh\u00edculos ser\u00e1n contactados por correo sobre el problema.<\/p>\n","protected":false},"excerpt":{"rendered":"<p>&nbsp; Cientos de miles de veh\u00edculos est\u00e1n siendo retirados del mercado en Canad\u00e1 debido a un problema relacionado con la direcci\u00f3n que podr\u00eda aumentar el&hellip;<\/p>\n","protected":false},"author":99,"featured_media":522441,"comment_status":"open","ping_status":"open","sticky":false,"template":"","format":"standard","meta":{"footnotes":""},"categories":[21],"tags":[],"class_list":["post-522440","post","type-post","status-publish","format-standard","has-post-thumbnail","hentry","category-canada"],"_links":{"self":[{"href":"https:\/\/diarioelpopular.com\/index.php\/wp-json\/wp\/v2\/posts\/522440","targetHints":{"allow":["GET"]}}],"collection":[{"href":"https:\/\/diarioelpopular.com\/index.php\/wp-json\/wp\/v2\/posts"}],"about":[{"href":"https:\/\/diarioelpopular.com\/index.php\/wp-json\/wp\/v2\/types\/post"}],"author":[{"embeddable":true,"href":"https:\/\/diarioelpopular.com\/index.php\/wp-json\/wp\/v2\/users\/99"}],"replies":[{"embeddable":true,"href":"https:\/\/diarioelpopular.com\/index.php\/wp-json\/wp\/v2\/comments?post=522440"}],"version-history":[{"count":1,"href":"https:\/\/diarioelpopular.com\/index.php\/wp-json\/wp\/v2\/posts\/522440\/revisions"}],"predecessor-version":[{"id":522442,"href":"https:\/\/diarioelpopular.com\/index.php\/wp-json\/wp\/v2\/posts\/522440\/revisions\/522442"}],"wp:featuredmedia":[{"embeddable":true,"href":"https:\/\/diarioelpopular.com\/index.php\/wp-json\/wp\/v2\/media\/522441"}],"wp:attachment":[{"href":"https:\/\/diarioelpopular.com\/index.php\/wp-json\/wp\/v2\/media?parent=522440"}],"wp:term":[{"taxonomy":"category","embeddable":true,"href":"https:\/\/diarioelpopular.com\/index.php\/wp-json\/wp\/v2\/categories?post=522440"},{"taxonomy":"post_tag","embeddable":true,"href":"https:\/\/diarioelpopular.com\/index.php\/wp-json\/wp\/v2\/tags?post=522440"}],"curies":[{"name":"wp","href":"https:\/\/api.w.org\/{rel}","templated":true}]}}