{"id":522451,"date":"2024-10-10T09:09:59","date_gmt":"2024-10-10T13:09:59","guid":{"rendered":"https:\/\/diarioelpopular.com\/?p=522451"},"modified":"2024-10-10T09:09:59","modified_gmt":"2024-10-10T13:09:59","slug":"se-lo-llevaron-como-a-un-animal-la-deportacion-a-gran-escala-de-haitianos-en-republica-dominicana-y-las-criticas-que-despierta","status":"publish","type":"post","link":"https:\/\/diarioelpopular.com\/index.php\/2024\/10\/10\/se-lo-llevaron-como-a-un-animal-la-deportacion-a-gran-escala-de-haitianos-en-republica-dominicana-y-las-criticas-que-despierta\/","title":{"rendered":"&#8220;Se lo llevaron como a un animal&#8221;: la deportaci\u00f3n &#8220;a gran escala&#8221; de haitianos en Rep\u00fablica Dominicana y las cr\u00edticas que despierta"},"content":{"rendered":"<div id=\"attachment_522452\" style=\"width: 646px\" class=\"wp-caption alignnone\"><img loading=\"lazy\" decoding=\"async\" aria-describedby=\"caption-attachment-522452\" class=\"wp-image-522452 size-custom-full-size\" src=\"https:\/\/diarioelpopular.com\/wp-content\/uploads\/2024\/10\/Screen-Shot-2024-10-10-at-9.09.07-AM-636x358.png\" alt=\"\" width=\"636\" height=\"358\" srcset=\"https:\/\/diarioelpopular.com\/wp-content\/uploads\/2024\/10\/Screen-Shot-2024-10-10-at-9.09.07-AM-636x358.png 636w, https:\/\/diarioelpopular.com\/wp-content\/uploads\/2024\/10\/Screen-Shot-2024-10-10-at-9.09.07-AM-300x169.png 300w, https:\/\/diarioelpopular.com\/wp-content\/uploads\/2024\/10\/Screen-Shot-2024-10-10-at-9.09.07-AM-768x432.png 768w, https:\/\/diarioelpopular.com\/wp-content\/uploads\/2024\/10\/Screen-Shot-2024-10-10-at-9.09.07-AM-130x73.png 130w, https:\/\/diarioelpopular.com\/wp-content\/uploads\/2024\/10\/Screen-Shot-2024-10-10-at-9.09.07-AM.png 1024w\" sizes=\"auto, (max-width: 636px) 100vw, 636px\" \/><p id=\"caption-attachment-522452\" class=\"wp-caption-text\">El gobierno dominicano pretende expulsar a 10.000 haitianos indocumentados a la semana.<\/p><\/div>\n<p>&nbsp;<\/p>\n<p>&nbsp;<\/p>\n<div class=\"bbc-19j92fr ebmt73l0\" dir=\"ltr\">\n<ul>\n<li class=\"bbc-hhl7in e17g058b0\" dir=\"ltr\"><em><b>\u201c\u00a1Migraci\u00f3n!\u201d, alerta un vecino desde lo alto de un edificio en un suburbio de Santo Domingo, la capital de Rep\u00fablica Dominicana.<\/b><\/em><\/li>\n<\/ul>\n<\/div>\n<div class=\"bbc-19j92fr ebmt73l0\" dir=\"ltr\">\n<p dir=\"ltr\">\n<p class=\"bbc-hhl7in e17g058b0\" dir=\"ltr\">En la calle, unos militares se asoman a un portal, mientras otros se montan en una moto para dar la vuelta a la cuadra y tratar de atrapar a aquellos que huyen por los tejados al grito de: \u201c\u00a1Por all\u00e1! \u00a1Por all\u00e1!\u201d.<\/p>\n<\/div>\n<div class=\"bbc-19j92fr ebmt73l0\" dir=\"ltr\">\n<p class=\"bbc-hhl7in e17g058b0\" dir=\"ltr\">Escenas como esa, captada en un video que circula ahora entre grupos de WhatsApp y en redes sociales, son diarias desde que el pasado 2 de octubre el gobierno anunciara un plan \u201cde ejecuci\u00f3n inmediata\u201d para \u201crepatriar hasta 10.000 indocumentados por semana\u201d.<\/p>\n<\/div>\n<div class=\"bbc-19j92fr ebmt73l0\" dir=\"ltr\">\n<p class=\"bbc-hhl7in e17g058b0\" dir=\"ltr\">Tiene como objetivo \u201creducir el exceso de poblaci\u00f3n migrante\u00a0que se percibe en las comunidades dominicanas\u201d, mayormente de origen haitiano, seg\u00fan explic\u00f3 el vocero de la Presidencia, Homero Figueroa.<\/p>\n<\/div>\n<section class=\"bbc-geybui\" role=\"region\" aria-label=\"Publicidad 2\" aria-hidden=\"true\" data-e2e=\"advertisement\"><\/section>\n<div class=\"bbc-19j92fr ebmt73l0\" dir=\"ltr\">\n<p class=\"bbc-hhl7in e17g058b0\" dir=\"ltr\">De acuerdo a cifras oficiales, m\u00e1s de medio mill\u00f3n de haitianos viven actualmente en este pa\u00eds de 11,2 millones de habitantes. Y antes del anuncio, el volumen de deportaciones era ya muy alto.<\/p>\n<\/div>\n<div class=\"bbc-1n4f7vm ebmt73l0\" dir=\"ltr\"><\/div>\n<div class=\"bbc-19j92fr ebmt73l0\" dir=\"ltr\">\n<p class=\"bbc-hhl7in e17g058b0\" dir=\"ltr\">Solo en 2023 las autoridades dominicanas devolvieron a Hait\u00ed, naci\u00f3n con la que comparten isla y que lleva a\u00f1os sumida en la m\u00e1s profunda de las crisis pol\u00edticas y sociales, alrededor de 250.000 inmigrantes. Y en el primer semestre de este a\u00f1o expulsaron a unos 66.000.<\/p>\n<p dir=\"ltr\">\n<\/div>\n<figure class=\"bbc-1qn0xuy\">\n<div class=\"bbc-18ywsw9\">\n<div style=\"width: 5113px\" class=\"wp-caption alignnone\"><img loading=\"lazy\" decoding=\"async\" class=\"bbc-139onq\" src=\"https:\/\/ichef.bbci.co.uk\/ace\/ws\/640\/cpsprodpb\/c102\/live\/11f3f1d0-8620-11ef-822c-a50726bfda2e.jpg.webp\" alt=\"Ciudadanos de origen haitiano detenidos durante redadas masivas y siendo transportados al centro de recepci\u00f3n de migrantes de Haina, en Rep\u00fablica Dominicana, para ser deportados a Hait\u00ed el 7 de octubre de 2024. \" width=\"5103\" height=\"3244\" \/><p class=\"wp-caption-text\">Fuente de la imagen,EPA.\u00a0Si se cumplen las metas del nuevo plan del gobierno dominicano, la cifra anual de deportados alcalzar\u00eda el medio mill\u00f3n.<\/p><\/div>\n<\/div>\n<\/figure>\n<div class=\"bbc-19j92fr ebmt73l0\" dir=\"ltr\">\n<p dir=\"ltr\">\n<p dir=\"ltr\">\n<p class=\"bbc-hhl7in e17g058b0\" dir=\"ltr\">Sin embargo, de cumplirse la meta establecida ahora,\u00a0las expulsiones anuales podr\u00edan ascender al medio mill\u00f3n, algo que ya ha sido fuertemente criticado por las autoridades de Hait\u00ed, as\u00ed como por organismos internacionales y locales.<\/p>\n<\/div>\n<div class=\"bbc-19j92fr ebmt73l0\" dir=\"ltr\">\n<p class=\"bbc-hhl7in e17g058b0\" dir=\"ltr\">\u201cMuchos haitianos est\u00e1n escondidos\u201d, le dice a BBC Mundo Denise Pichardo, la directora de Caminante, una ONG de apoyo a la infancia que trabaja con menores inmigrantes en el \u00e1rea de Boca Chica, municipio costero situado a 30 km al este de la capital.<\/p>\n<\/div>\n<div class=\"bbc-19j92fr ebmt73l0\" dir=\"ltr\">\n<p class=\"bbc-hhl7in e17g058b0\" dir=\"ltr\">\u201cEs que se est\u00e1n llevando hasta los que tienen pasaporte o permiso de residencia, que en muchos casos tienen vencido y no pueden renovar\u201d, asegura.<\/p>\n<\/div>\n<div class=\"bbc-19j92fr ebmt73l0\" dir=\"ltr\">\n<p class=\"bbc-hhl7in e17g058b0\" dir=\"ltr\">\u201cLos haitianos en este pa\u00eds est\u00e1n\u00a0totalmente desamparados\u00a0en todos los sentidos\u201d.<\/p>\n<\/div>\n<div class=\"bbc-19j92fr ebmt73l0\" dir=\"ltr\">\n<h2 id=\"Incertidumbre-en-la-comunidad\" class=\"bbc-1f03ibc eglt09e0\" tabindex=\"-1\">Incertidumbre en la comunidad<\/h2>\n<\/div>\n<div class=\"bbc-19j92fr ebmt73l0\" dir=\"ltr\">\n<p class=\"bbc-hhl7in e17g058b0\" dir=\"ltr\">\u201cMe detuvieron mientras caminaba.\u00a0No pude ni siquiera mostrar mis papeles, y aun as\u00ed me llevaron. Pas\u00e9 horas detenido sin raz\u00f3n\u201d.<\/p>\n<\/div>\n<div class=\"bbc-19j92fr ebmt73l0\" dir=\"ltr\">\n<p class=\"bbc-hhl7in e17g058b0\" dir=\"ltr\">As\u00ed se quejaba el pasado viernes al medio local\u00a0<i class=\"bbc-h1y5j7 eih42320\">Hoy<\/i>\u00a0un ciudadano de origen haitiano que prefiri\u00f3 mantenerse en el anonimato.<\/p>\n<\/div>\n<div class=\"bbc-19j92fr ebmt73l0\" dir=\"ltr\">\n<p class=\"bbc-hhl7in e17g058b0\" dir=\"ltr\">La suya fue una de las\u00a01.100 detenciones\u00a0que las autoridades dominicanas realizaron solamente durante aquella jornada,\u00a0desde las 5 de la madrugada hasta el mediod\u00eda,\u00a0en \u201cpuntos estrat\u00e9gicos\u201d del Distrito Nacional (la capital) y en las provincias de Santo Domingo, Santiago y La Altagracia, seg\u00fan le confirm\u00f3 a BBC Mundo la Direcci\u00f3n General de Migraci\u00f3n.<\/p>\n<\/div>\n<div class=\"bbc-19j92fr ebmt73l0\" dir=\"ltr\">\n<p class=\"bbc-hhl7in e17g058b0\" dir=\"ltr\">Con casos similares se encontraron el lunes los reporteros de la agencia espa\u00f1ola de noticias EFE en el centro de recepci\u00f3n de migrantes de Haina, a unos 20 kil\u00f3metros de la capital.<\/p>\n<\/div>\n<div class=\"bbc-19j92fr ebmt73l0\" dir=\"ltr\">\n<p class=\"bbc-hhl7in e17g058b0\" dir=\"ltr\">Solo aquel d\u00eda vieron llegar al menos seis camiones repletos de haitianos, que hab\u00edan sido arrestados en varias zonas del pa\u00eds en operativos masivos a lo largo del fin de semana, para ser trasladados a la frontera.<\/p>\n<p dir=\"ltr\">\n<\/div>\n<figure class=\"bbc-1qn0xuy\">\n<div class=\"bbc-18ywsw9\">\n<div style=\"width: 4942px\" class=\"wp-caption alignnone\"><img loading=\"lazy\" decoding=\"async\" class=\"bbc-139onq\" src=\"https:\/\/ichef.bbci.co.uk\/ace\/ws\/640\/cpsprodpb\/26a4\/live\/624b5620-861e-11ef-822c-a50726bfda2e.jpg.webp\" alt=\"Una mujer haitiana llega a preguntar sobre un familiar detenido al centro de recepci\u00f3n de migrantes de Haina, en Rep\u00fablica Dominicana, el 7 de octubre de 2024. Orlando Barria\/EPA-EFE\/REX\/Shutterstock (14765346f)\" width=\"4932\" height=\"3288\" \/><p class=\"wp-caption-text\">Fuente de la imagen,EPA.\u00a0Muchos familiares llegan al centro de recepci\u00f3n de migrantes de Haina en busca de informaci\u00f3n sobre los detenidos.<\/p><\/div>\n<\/div>\n<\/figure>\n<div class=\"bbc-19j92fr ebmt73l0\" dir=\"ltr\">\n<p dir=\"ltr\">\n<p dir=\"ltr\">\n<p class=\"bbc-hhl7in e17g058b0\" dir=\"ltr\">Muchos familiares esperaban fuera del recinto para conocer la suerte de los detenidos.<\/p>\n<\/div>\n<div class=\"bbc-19j92fr ebmt73l0\" dir=\"ltr\">\n<p class=\"bbc-hhl7in e17g058b0\" dir=\"ltr\">Y es que, de acuerdo al protocolo detallado por las autoridades, a los arrestos le sigue una\u00a0\u201cdepuraci\u00f3n\u201d de casos, en la que se verifica si el individuo cuenta con la documentaci\u00f3n para residir en el pa\u00eds o tiene un proceso migratorio abierto. De lo contrario, se procede a la expulsi\u00f3n del territorio dominicano.<\/p>\n<\/div>\n<div class=\"bbc-19j92fr ebmt73l0\" dir=\"ltr\">\n<p class=\"bbc-hhl7in e17g058b0\" dir=\"ltr\">Entre los congregados se encontraba Elizabeth, quien esperaba noticias de su esposo, haitiano como ella, detenido el s\u00e1bado en la provincia oriental de La Romana, donde se concentran muchos de estos inmigrantes que trabajan en el sector de la construcci\u00f3n.<\/p>\n<\/div>\n<div class=\"bbc-19j92fr ebmt73l0\" dir=\"ltr\">\n<p class=\"bbc-hhl7in e17g058b0\" dir=\"ltr\">Los agentes\u00a0se lo llevaron \u201ccomo a un animal\u201d, le cont\u00f3 a EFE. \u201cNo le dieron tiempo\u201d a mostrar la c\u00e9dula de identidad, a\u00f1adi\u00f3, confiada en que saldr\u00eda libre en las pr\u00f3ximas horas porque \u201cest\u00e1 legal\u201d.<\/p>\n<\/div>\n<div class=\"bbc-19j92fr ebmt73l0\" dir=\"ltr\">\n<p class=\"bbc-hhl7in e17g058b0\" dir=\"ltr\">Tambi\u00e9n se acerc\u00f3 al lugar Enite, cuyo hijo fue apresado cuando regresaba de vender en el mercado dominical en las afueras de Santo Domingo.<\/p>\n<\/div>\n<div class=\"bbc-19j92fr ebmt73l0\" dir=\"ltr\">\n<p class=\"bbc-hhl7in e17g058b0\" dir=\"ltr\">Naci\u00f3 en Rep\u00fablica Dominicana hace 21 a\u00f1os y\u00a0\u201cnunca\u201d fue a Hait\u00ed, asegur\u00f3 la mujer, quien tra\u00eda consigo la documentaci\u00f3n de su hijo. \u201c\u00c9l tiene todas las constancias, su papel de nacido vivo\u201d.<\/p>\n<\/div>\n<div class=\"bbc-19j92fr ebmt73l0\" dir=\"ltr\">\n<p class=\"bbc-hhl7in e17g058b0\" dir=\"ltr\">Otros medios tambi\u00e9n han reportado la llegada diaria de decenas de camiones con personas de origen haitiano para su expulsi\u00f3n en el cruce fronterizo de Dajab\u00f3n.<\/p>\n<\/div>\n<div class=\"bbc-19j92fr ebmt73l0\" dir=\"ltr\">\n<h2 id=\"La-condena-de-Hait\u00ed-y-la-respuesta-dominicana\" class=\"bbc-1f03ibc eglt09e0\" tabindex=\"-1\">La condena de Hait\u00ed y la respuesta dominicana<\/h2>\n<\/div>\n<div class=\"bbc-19j92fr ebmt73l0\" dir=\"ltr\">\n<p class=\"bbc-hhl7in e17g058b0\" dir=\"ltr\">Ante ello, el lunes Hait\u00ed tach\u00f3 de\u00a0\u201cescenas brutales\u201d las deportaciones desde el pa\u00eds vecino y subray\u00f3 que \u201cesta pol\u00edtica del gobierno dominicano contraviene las normas internacionales en materia de derechos humanos, as\u00ed como el imperativo del respeto a la dignidad humana\u201d.<\/p>\n<\/div>\n<div class=\"bbc-19j92fr ebmt73l0\" dir=\"ltr\">\n<p class=\"bbc-hhl7in e17g058b0\" dir=\"ltr\">\u201cCondenamos en\u00e9rgicamente estos\u00a0actos deshumanizantes\u00a0y exigimos respeto y justicia\u201d, escribi\u00f3 en la red social X la\u00a0ministra haitiana de Exteriores, Dominique Dupuy.<\/p>\n<\/div>\n<div class=\"bbc-19j92fr ebmt73l0\" dir=\"ltr\">\n<div class=\"bbc-1gbu67o e19v6olm0\" data-e2e=\"twitter-embed-https:\/\/twitter.com\/DominiqueAyiti\/status\/1843314723955015892\"><\/div>\n<\/div>\n<div class=\"bbc-19j92fr ebmt73l0\" dir=\"ltr\">\n<p class=\"bbc-hhl7in e17g058b0\" dir=\"ltr\">La\u00a0Corte Interamericana de Derechos Humanos\u00a0(CIDH) tambi\u00e9n mostr\u00f3 preocupaci\u00f3n ante el plan de deportaciones de Rep\u00fablica Dominicana.<\/p>\n<\/div>\n<div class=\"bbc-19j92fr ebmt73l0\" dir=\"ltr\">\n<p class=\"bbc-hhl7in e17g058b0\" dir=\"ltr\">\u201cConforme a sus obligaciones internacionales, el Estado debe proteger a las personas que buscan protecci\u00f3n internacional, y respetar la\u00a0prohibici\u00f3n de las expulsiones colectivas\u201d, record\u00f3 el organismo en la red social X, haciendo referencia al art\u00edculo 22.9 de la Convenci\u00f3n Americana sobre Derechos Humanos, que veta expl\u00edcitamente esa pr\u00e1ctica.<\/p>\n<\/div>\n<div class=\"bbc-19j92fr ebmt73l0\" dir=\"ltr\">\n<div class=\"bbc-1gbu67o e19v6olm0\" data-e2e=\"twitter-embed-https:\/\/twitter.com\/CIDH\/status\/1842247661652525322\"><\/div>\n<\/div>\n<div class=\"bbc-19j92fr ebmt73l0\" dir=\"ltr\">\n<p class=\"bbc-hhl7in e17g058b0\" dir=\"ltr\">Una serie de organismos locales tambi\u00e9n se expresaron en esa l\u00ednea.<\/p>\n<\/div>\n<div class=\"bbc-19j92fr ebmt73l0\" dir=\"ltr\">\n<p class=\"bbc-hhl7in e17g058b0\" dir=\"ltr\">\u201cCon esa cantidad de detenciones es\u00a0imposible que haya una orden de procesamiento para cada una de las personas, que haya una depuraci\u00f3n, que se siga el debido proceso\u201d, remarca Bridget Wooding, directora del Centro para la Observaci\u00f3n Migratoria y el Desarrollo Social en el Caribe (Obmica).<\/p>\n<\/div>\n<div class=\"bbc-19j92fr ebmt73l0\" dir=\"ltr\">\n<p class=\"bbc-hhl7in e17g058b0\" dir=\"ltr\">Ante las cr\u00edticas, el\u00a0canciller dominicano, Roberto \u00c1lvarez, contest\u00f3 que las repatriaciones se est\u00e1n llevando a cabo\u00a0\u201ccumpliendo las normas internacionales\u201d\u00a0y respetando \u201cla dignidad de las personas\u201d.<\/p>\n<\/div>\n<div class=\"bbc-19j92fr ebmt73l0\" dir=\"ltr\">\n<p class=\"bbc-hhl7in e17g058b0\" dir=\"ltr\">A lo que a\u00f1adi\u00f3 que la cifra de expulsiones semanales\u00a0\u201cno se estableci\u00f3 a la ligera\u201d, sino en base \u201ca la experiencia que se tiene y a las posibilidades\u201d.<\/p>\n<\/div>\n<div class=\"bbc-19j92fr ebmt73l0\" dir=\"ltr\">\n<p class=\"bbc-hhl7in e17g058b0\" dir=\"ltr\">Los operativos son una colaboraci\u00f3n de las Fuerzas Armadas, el Ej\u00e9rcito Nacional, la Fuerza A\u00e9rea, la Fuerza de Tarea Ciudad Tranquila (Ciutran), la Polic\u00eda Nacional y el Ministerio P\u00fablico, inform\u00f3 por su parte el director general de Migraci\u00f3n, Luis Rafael Lee Ballester.<\/p>\n<\/div>\n<div class=\"bbc-19j92fr ebmt73l0\" dir=\"ltr\">\n<p class=\"bbc-hhl7in e17g058b0\" dir=\"ltr\">Y \u201ctodo se realiza con respeto a los derechos,\u00a0con prudencia y con uso proporcional de la fuerza, como plante\u00f3 el presidente de la rep\u00fablica, Luis Abinader, en el Consejo de Defensa y Seguridad Nacional\u201d, a\u00f1adi\u00f3 en un comunicado.<\/p>\n<p dir=\"ltr\">\n<\/div>\n<figure class=\"bbc-1qn0xuy\">\n<div class=\"bbc-18ywsw9\">\n<div style=\"width: 1034px\" class=\"wp-caption alignnone\"><img loading=\"lazy\" decoding=\"async\" class=\"bbc-139onq\" src=\"https:\/\/ichef.bbci.co.uk\/ace\/ws\/640\/cpsprodpb\/2296\/live\/82aee140-861c-11ef-83dd-fbf1b9732cf0.jpg.webp\" alt=\"El presidente de Rep\u00fablica Dominicana, Luis Abinader, en una foto del 1 de octubre de 2024.\" width=\"1024\" height=\"683\" \/><p class=\"wp-caption-text\">Fuente de la imagen,Getty Images.\u00a0Desde su llegada al poder en 2020, el presidente Luis Abinader endureci\u00f3 la pol\u00edtica migratoria dominicana.<\/p><\/div>\n<\/div>\n<\/figure>\n<div class=\"bbc-19j92fr ebmt73l0\" dir=\"ltr\">\n<h2 tabindex=\"-1\"><\/h2>\n<h2 tabindex=\"-1\"><\/h2>\n<h2 id=\"Solos-no-podemos\" class=\"bbc-1f03ibc eglt09e0\" tabindex=\"-1\">&#8220;Solos no podemos&#8221;<\/h2>\n<\/div>\n<div class=\"bbc-19j92fr ebmt73l0\" dir=\"ltr\">\n<p class=\"bbc-hhl7in e17g058b0\" dir=\"ltr\">El plan de deportaciones \u201ca gran escala\u201d fue anunciado una semana despu\u00e9s de que el\u00a0presidente Abinader\u00a0planteara en su\u00a0discurso ante la Asamblea General de Naciones Unidas\u00a0que la inestabilidad en Hait\u00ed, pa\u00eds con el que Rep\u00fablica Dominicana comparte la isla La Espa\u00f1ola, genera\u00a0\u201cuna presi\u00f3n significativa\u201d\u00a0en territorio dominicano.<\/p>\n<\/div>\n<div class=\"bbc-19j92fr ebmt73l0\" dir=\"ltr\">\n<p class=\"bbc-hhl7in e17g058b0\" dir=\"ltr\">Puso como ejemplo que en 2023 el 12% del total de los servicios prestados a trav\u00e9s del sistema de salud p\u00fablica fue a inmigrantes haitianos.<\/p>\n<\/div>\n<div class=\"bbc-19j92fr ebmt73l0\" dir=\"ltr\">\n<p class=\"bbc-hhl7in e17g058b0\" dir=\"ltr\">Y destac\u00f3 que cerca de los 200.000 menores extranjeros que estudian en las escuelas dominicanas, 147.906 son de origen haitiano.<\/p>\n<\/div>\n<div class=\"bbc-19j92fr ebmt73l0\" dir=\"ltr\">\n<p class=\"bbc-hhl7in e17g058b0\" dir=\"ltr\">Estos datos \u201creflejan la gran carga econ\u00f3mica y sentido humanitario de Rep\u00fablica Dominicana, pero solos no podemos\u201d, sostuvo el mandatario el 24 de septiembre.<\/p>\n<\/div>\n<div class=\"bbc-19j92fr ebmt73l0\" dir=\"ltr\">\n<p class=\"bbc-hhl7in e17g058b0\" dir=\"ltr\">Aunque obvi\u00f3 otros datos, como que en 2023 Hait\u00ed fue el socio comercial m\u00e1s importante Rep\u00fablica Dominicana despu\u00e9s de Estados Unidos, o la encuesta que indica que en 2017 los obreros haitianos aportaban ya un 7,4% del PIB del pa\u00eds vecino.<\/p>\n<\/div>\n<div class=\"bbc-19j92fr ebmt73l0\" dir=\"ltr\">\n<p class=\"bbc-hhl7in e17g058b0\" dir=\"ltr\">A los cuatro d\u00edas, decenas de manifestantes se reunieron frente al Palacio Nacional de Santo Domingo, convocados por una organizaci\u00f3n llamada\u00a0La Antigua Orden Dominicana, para pedir \u201cmenos palabras y m\u00e1s acci\u00f3n\u201d\u00a0a la hora de abordar la cuesti\u00f3n migratoria.<\/p>\n<p dir=\"ltr\">\n<\/div>\n<figure class=\"bbc-1qn0xuy\">\n<div class=\"bbc-18ywsw9\">\n<div style=\"width: 1034px\" class=\"wp-caption alignnone\"><img loading=\"lazy\" decoding=\"async\" class=\"bbc-139onq\" src=\"https:\/\/ichef.bbci.co.uk\/ace\/ws\/640\/cpsprodpb\/1347\/live\/e0749370-861b-11ef-822c-a50726bfda2e.jpg.webp\" alt=\"Un hombre sostiene una pancarta en la que se lee &quot;Aqu\u00ed no caben dos naciones&quot; durante una manifestaci\u00f3n en Santo Domingo, Rep\u00fablica Dominicana, el 5 de octubre de 2024.\" width=\"1024\" height=\"683\" \/><p class=\"wp-caption-text\">Fuente de la imagen,Getty Images.\u00a0Los manifestantes antiinmigraci\u00f3n volvieron a tomar las calles de Santo Domingo el 5 de octubre.<\/p><\/div>\n<p class=\"bbc-by8ykd\" role=\"text\">\n<\/div>\n<\/figure>\n<div class=\"bbc-19j92fr ebmt73l0\" dir=\"ltr\">\n<p dir=\"ltr\">\n<p dir=\"ltr\">\n<p class=\"bbc-hhl7in e17g058b0\" dir=\"ltr\">\u201cNo a la invasi\u00f3n de haitianos disfrazados de refugiados, no estamos en 1822\u201d, se le\u00eda en una pancarta. \u201cLos haitianos te est\u00e1n desplazando de tus empleos, \u00fanete a la lucha\u201d, rezaba otra.<\/p>\n<\/div>\n<div class=\"bbc-19j92fr ebmt73l0\" dir=\"ltr\">\n<p class=\"bbc-hhl7in e17g058b0\" dir=\"ltr\">\u201cHemos escuchado muchas palabras en los \u00faltimos 25-30 a\u00f1os de muchos pol\u00edticos, al igual que de \u00e9l (el presidente Abinader); muchas promesas de que van a resolver el problema de la masiva migraci\u00f3n ilegal. Pero ya nosotros\u00a0no queremos palabras, queremos acci\u00f3n, que ya se tome una decisi\u00f3n firme\u201d, expres\u00f3 Angelo V\u00e1squez, vocero de la organizaci\u00f3n.<\/p>\n<\/div>\n<div class=\"bbc-19j92fr ebmt73l0\" dir=\"ltr\">\n<h2 id=\"Violencia-en-Hait\u00ed\" class=\"bbc-1f03ibc eglt09e0\" tabindex=\"-1\">Violencia en Hait\u00ed<\/h2>\n<\/div>\n<div class=\"bbc-19j92fr ebmt73l0\" dir=\"ltr\">\n<p class=\"bbc-hhl7in e17g058b0\" dir=\"ltr\">Desde su llegada al poder en 2020, Abinader endureci\u00f3 la pol\u00edtica migratoria dominicana: multiplic\u00f3 las redadas de indocumentados y las deportaciones, redobl\u00f3 la presencia de la fuerza armada en la frontera y levant\u00f3 un muro de 165 kil\u00f3metros entre los dos pa\u00edses.<\/p>\n<\/div>\n<div class=\"bbc-19j92fr ebmt73l0\" dir=\"ltr\">\n<p class=\"bbc-hhl7in e17g058b0\" dir=\"ltr\">Incluso prometi\u00f3 extenderlo cuando fue reelecto en mayo para un segundo mandato de cuatro a\u00f1os.<\/p>\n<\/div>\n<div class=\"bbc-19j92fr ebmt73l0\" dir=\"ltr\">\n<p class=\"bbc-hhl7in e17g058b0\" dir=\"ltr\">La postura la ha mantenido a pesar de las cr\u00edticas de la comunidad internacional y los repetidos llamados de Naciones Unidas a cesar las deportaciones a Hait\u00ed debido a la \u201cincesante violencia armada y las sistem\u00e1ticas violaciones de los derechos humanos no permiten el retorno seguro, digno y sostenible\u201d.<\/p>\n<\/div>\n<div class=\"bbc-19j92fr ebmt73l0\" dir=\"ltr\">\n<p class=\"bbc-hhl7in e17g058b0\" dir=\"ltr\">Es que las bandas criminales dominan amplias zonas del pa\u00eds, que en junio recibi\u00f3 una\u00a0misi\u00f3n policial respaldada por la ONU y dirigida por agentes de Kenia, en un intento de recuperar el control.<\/p>\n<\/div>\n<div class=\"bbc-19j92fr ebmt73l0\" dir=\"ltr\">\n<p class=\"bbc-hhl7in e17g058b0\" dir=\"ltr\">Y a finales de septiembre el Consejo de Seguridad aprob\u00f3 extender su mandato hasta el 2 de octubre de 2025, aunque desech\u00f3 la solicitud del gobierno haitiano de valorar la posibilidad de transformar la misi\u00f3n en un cuerpo de paz.<\/p>\n<p dir=\"ltr\">\n<\/div>\n<figure class=\"bbc-1qn0xuy\">\n<div class=\"bbc-18ywsw9\">\n<div style=\"width: 1156px\" class=\"wp-caption alignnone\"><img loading=\"lazy\" decoding=\"async\" class=\"bbc-139onq\" src=\"https:\/\/ichef.bbci.co.uk\/ace\/ws\/640\/cpsprodpb\/830b\/live\/d51e6870-8620-11ef-822c-a50726bfda2e.jpg.webp\" alt=\"Agentes de polic\u00eda patrullan las calles despu\u00e9s de dispersar una manifestaci\u00f3n que exig\u00eda al gobierno seguridad ante las pandillas, en Puerto Pr\u00edncipe, Hait\u00ed, el 19 de agosto de 2024.  \" width=\"1146\" height=\"775\" \/><p class=\"wp-caption-text\">Fuente de la imagen,Reuters.\u00a0Gran parte del territorio de Hait\u00ed est\u00e1 controlado por bandas.<\/p><\/div>\n<\/div>\n<\/figure>\n<div class=\"bbc-19j92fr ebmt73l0\" dir=\"ltr\">\n<p dir=\"ltr\">\n<p dir=\"ltr\">\n<p class=\"bbc-hhl7in e17g058b0\" dir=\"ltr\">Sin embargo, el gobierno dominicano alega que\u00a0el nuevo plan de deportaci\u00f3n masiva responde a la \u201clentitud\u201d de la comunidad internacional para responder a la crisis humanitaria en Hait\u00ed,\u00a0que las autoridades sostienen es la raz\u00f3n principal del flujo migratorio de ese pa\u00eds al exterior.<\/p>\n<\/div>\n<div class=\"bbc-19j92fr ebmt73l0\" dir=\"ltr\">\n<p class=\"bbc-hhl7in e17g058b0\" dir=\"ltr\">&#8220;Nosotros lo advertimos en las Naciones Unidas: o ellos y todos los pa\u00edses que se hab\u00edan comprometido actuaban con responsabilidad en Hait\u00ed o nosotros actuaremos con la responsabilidad debida en la Rep\u00fablica Dominicana&#8221;, coment\u00f3 Abinader tras anunciar el plan.<\/p>\n<\/div>\n<div class=\"bbc-19j92fr ebmt73l0\" dir=\"ltr\">\n<p class=\"bbc-hhl7in e17g058b0\" dir=\"ltr\">M\u00e1s de\u00a03.600 personas han muerto en Hait\u00ed en el primer semestre del a\u00f1o\u00a0debido a la violencia de las pandillas, seg\u00fan la ONU.<\/p>\n<\/div>\n<div class=\"bbc-19j92fr ebmt73l0\" dir=\"ltr\">\n<p class=\"bbc-hhl7in e17g058b0\" dir=\"ltr\">La m\u00e1s reciente\u00a0masacre, perpetrada la madrugada del jueves pasado por miembros de Gran Grif, una de las organizaciones consideradas m\u00e1s violentas, se cobr\u00f3 70 vidas en Pont-Sond\u00e9, una peque\u00f1a ciudad ubicada a unos 70km al noreste de la capital, Puerto Pr\u00edncipe.<\/p>\n<\/div>\n<div class=\"bbc-19j92fr ebmt73l0\" dir=\"ltr\">\n<p class=\"bbc-hhl7in e17g058b0\" dir=\"ltr\">Y m\u00e1s all\u00e1 de la violencia, el Programa Mundial de Alimentos advirti\u00f3 que unos 5.400.000 de personas &#8220;luchan cada d\u00eda para poder alimentarse a s\u00ed mismos y a sus familias, lo que representa\u00a0una de las m\u00e1s graves crisis de inseguridad alimentaria en el mundo&#8221;.<\/p>\n<\/div>\n<div class=\"bbc-19j92fr ebmt73l0\" dir=\"ltr\">\n<p class=\"bbc-hhl7in e17g058b0\" dir=\"ltr\">Pero adem\u00e1s de subrayar lo terrible que es devolver a alguien a un contexto as\u00ed, los expertos en la materia, las organizaciones que trabajan en terreno y los activistas insisten adem\u00e1s en lo\u00a0poco eficaz de las deportaciones como mecanismo de regulaci\u00f3n migratoria.<\/p>\n<\/div>\n<div class=\"bbc-19j92fr ebmt73l0\" dir=\"ltr\">\n<p class=\"bbc-hhl7in e17g058b0\" dir=\"ltr\">\u201cLa mayor\u00eda acaba volviendo a cruzar a territorio dominicano, pagando m\u00e1s por ello\u201d, le dice Wooding a BBC Mundo.<\/p>\n<\/div>\n<div class=\"bbc-19j92fr ebmt73l0\" dir=\"ltr\">\n<p class=\"bbc-hhl7in e17g058b0\" dir=\"ltr\">\u201cO regresan a Hait\u00ed pero no para quedarse, sino para volar a Nicaragua y emprender de all\u00ed la ruta hacia el norte, a Estados Unidos. \u201cAs\u00ed que no vamos a ver\u00a0nada nuevo con esta deportaci\u00f3n masiva, solo m\u00e1s atropellos\u201d, concluye.<b><\/b><\/p>\n<\/div>\n","protected":false},"excerpt":{"rendered":"<p>&nbsp; &nbsp; \u201c\u00a1Migraci\u00f3n!\u201d, alerta un vecino desde lo alto de un edificio en un suburbio de Santo Domingo, la capital de Rep\u00fablica Dominicana. En la&hellip;<\/p>\n","protected":false},"author":99,"featured_media":522452,"comment_status":"open","ping_status":"open","sticky":false,"template":"","format":"standard","meta":{"footnotes":""},"categories":[23],"tags":[],"class_list":["post-522451","post","type-post","status-publish","format-standard","has-post-thumbnail","hentry","category-latinoamerica"],"_links":{"self":[{"href":"https:\/\/diarioelpopular.com\/index.php\/wp-json\/wp\/v2\/posts\/522451","targetHints":{"allow":["GET"]}}],"collection":[{"href":"https:\/\/diarioelpopular.com\/index.php\/wp-json\/wp\/v2\/posts"}],"about":[{"href":"https:\/\/diarioelpopular.com\/index.php\/wp-json\/wp\/v2\/types\/post"}],"author":[{"embeddable":true,"href":"https:\/\/diarioelpopular.com\/index.php\/wp-json\/wp\/v2\/users\/99"}],"replies":[{"embeddable":true,"href":"https:\/\/diarioelpopular.com\/index.php\/wp-json\/wp\/v2\/comments?post=522451"}],"version-history":[{"count":1,"href":"https:\/\/diarioelpopular.com\/index.php\/wp-json\/wp\/v2\/posts\/522451\/revisions"}],"predecessor-version":[{"id":522453,"href":"https:\/\/diarioelpopular.com\/index.php\/wp-json\/wp\/v2\/posts\/522451\/revisions\/522453"}],"wp:featuredmedia":[{"embeddable":true,"href":"https:\/\/diarioelpopular.com\/index.php\/wp-json\/wp\/v2\/media\/522452"}],"wp:attachment":[{"href":"https:\/\/diarioelpopular.com\/index.php\/wp-json\/wp\/v2\/media?parent=522451"}],"wp:term":[{"taxonomy":"category","embeddable":true,"href":"https:\/\/diarioelpopular.com\/index.php\/wp-json\/wp\/v2\/categories?post=522451"},{"taxonomy":"post_tag","embeddable":true,"href":"https:\/\/diarioelpopular.com\/index.php\/wp-json\/wp\/v2\/tags?post=522451"}],"curies":[{"name":"wp","href":"https:\/\/api.w.org\/{rel}","templated":true}]}}