{"id":522454,"date":"2024-10-10T09:18:58","date_gmt":"2024-10-10T13:18:58","guid":{"rendered":"https:\/\/diarioelpopular.com\/?p=522454"},"modified":"2024-10-10T09:18:58","modified_gmt":"2024-10-10T13:18:58","slug":"se-agrava-la-crisis-electrica-en-ecuador-ministro-de-energia-dejo-el-cargo-tras-anunciar-apagones-de-hasta-10-horas","status":"publish","type":"post","link":"https:\/\/diarioelpopular.com\/index.php\/2024\/10\/10\/se-agrava-la-crisis-electrica-en-ecuador-ministro-de-energia-dejo-el-cargo-tras-anunciar-apagones-de-hasta-10-horas\/","title":{"rendered":"Se agrava la crisis el\u00e9ctrica en Ecuador: ministro de Energ\u00eda dej\u00f3 el cargo tras anunciar apagones de hasta 10 horas"},"content":{"rendered":"<div id=\"attachment_522462\" style=\"width: 1210px\" class=\"wp-caption alignnone\"><img loading=\"lazy\" decoding=\"async\" aria-describedby=\"caption-attachment-522462\" class=\"wp-image-522462 size-custom-big-size\" src=\"https:\/\/diarioelpopular.com\/wp-content\/uploads\/2024\/10\/Screen-Shot-2024-10-10-at-9.18.10-AM-1200x882.png\" alt=\"\" width=\"1200\" height=\"882\" srcset=\"https:\/\/diarioelpopular.com\/wp-content\/uploads\/2024\/10\/Screen-Shot-2024-10-10-at-9.18.10-AM-1200x882.png 1200w, https:\/\/diarioelpopular.com\/wp-content\/uploads\/2024\/10\/Screen-Shot-2024-10-10-at-9.18.10-AM-300x220.png 300w, https:\/\/diarioelpopular.com\/wp-content\/uploads\/2024\/10\/Screen-Shot-2024-10-10-at-9.18.10-AM-768x564.png 768w, https:\/\/diarioelpopular.com\/wp-content\/uploads\/2024\/10\/Screen-Shot-2024-10-10-at-9.18.10-AM-636x467.png 636w, https:\/\/diarioelpopular.com\/wp-content\/uploads\/2024\/10\/Screen-Shot-2024-10-10-at-9.18.10-AM-99x73.png 99w, https:\/\/diarioelpopular.com\/wp-content\/uploads\/2024\/10\/Screen-Shot-2024-10-10-at-9.18.10-AM.png 1024w\" sizes=\"auto, (max-width: 1200px) 100vw, 1200px\" \/><p id=\"caption-attachment-522462\" class=\"wp-caption-text\">Antonio\u00a0Goncalves estuvo al frente del Ministerio de Energ\u00eda\u00a0de Ecuador desde julio hasta octubre de este a\u00f1o. El pa\u00eds ha sufrido una grave crisis el\u00e9ctrica a causa de la sequ\u00eda\u00a0en los \u00faltimos meses.\u00a0FOTO: Ministerio de Energ\u00eda y Minas Ecuador<\/p><\/div>\n<p>&nbsp;<\/p>\n<p>&nbsp;<\/p>\n<div id=\"\" class=\"portlet-boundary portlet-static-end content-viewer-portlet last full-access norestricted\">\n<div class=\"ecr_articulo_titulo_multimedia art_25590601\">\n<div class=\"block-headline\">\n<ul>\n<li class=\"lead cita\"><em><strong>En abril, el presidente Daniel Noboa hab\u00eda pedido la renuncia de la entonces ministra de Energ\u00eda, Andrea Arrobo, reemplazada por Antonio Goncalves, quien renunci\u00f3 despu\u00e9s de 3 meses en el cargo.<\/strong><\/em><\/li>\n<\/ul>\n<\/div>\n<div class=\"block-image\">\n<div class=\"multimediaMacroWrapper\">\n<div class=\"slick-list draggable\">\n<div class=\"slick-track\">\n<div class=\"slick-slide slick-current slick-active\" data-slick-index=\"0\" aria-hidden=\"false\"><\/div>\n<\/div>\n<\/div>\n<\/div>\n<\/div>\n<\/div>\n<\/div>\n<div id=\"\" class=\"portlet-boundary portlet-static-end content-viewer-portlet last full-access norestricted\">\n<div class=\"template-ec-11\"><\/div>\n<\/div>\n<div id=\"\" class=\"portlet-boundary portlet-static-end content-viewer-portlet last full-access norestricted\">\n<div class=\"TEMPLATE-EC-01\"><\/div>\n<\/div>\n<div id=\"\" class=\"portlet-boundary portlet-static-end content-viewer-portlet section__textos last full-access norestricted\">\n<div class=\"ecr_articulo art_25590601\">\n<div class=\"block-date information-noticia toolsWrapper\">\n<div class=\"tools\">\n<div class=\"div_author_r\">\n<div class=\"iter-page-frame\">\n<div id=\"iter-content-wrapper\" class=\"iter-content-wrapper iter-droppable-zone\">\n<section id=\"main-content\" class=\"main__content__general iter-portal-size iter-portal-size-content\" role=\"main\" data-hj-ignore-attributes=\"\">\n<div class=\"seccion__general iter-portal-size iter-portal-size-content\">\n<div class=\"container__general\">\n<div id=\"principal__seccion\" class=\"row top-xs\">\n<div class=\"col-xs-12 col-sm-8 col-md-8 padding-0-xs \">\n<div class=\"row\">\n<div id=\"articulo_\" class=\"col-xs-12 portlet-column active padding-right-0-xs  sin_padding_m\">\n<div id=\"\" class=\"portlet-boundary portlet-static-end content-viewer-portlet section__textos last full-access norestricted\">\n<div class=\"ecr_articulo art_25590601\">\n<div class=\"block-date information-noticia toolsWrapper\">\n<div class=\"block-text\">\n<div class=\"paragraph\">\n<p>El\u00a0ministro de Energ\u00eda de Ecuador,\u00a0Antonio Goncalves,\u00a0dej\u00f3 el cargo en medio de una grave crisis el\u00e9ctrica\u00a0desatada por la peor sequ\u00eda que enfrenta el pa\u00eds en seis d\u00e9cadas, inform\u00f3 el mi\u00e9rcoles el gobierno.<\/p>\n<p>\u201cAgradecemos la gesti\u00f3n de Antonio Goncalves en este proceso\u201d de transformaci\u00f3n de la matriz el\u00e9ctrica, indic\u00f3 la presidencia en un comunicado,\u00a0sin precisar la causa de la salida\u00a0del ahora exfuncionario ni si fue cesado o renunci\u00f3 a su puesto.<\/p>\n<p>El Ejecutivo agreg\u00f3 que por disposici\u00f3n del presidente Daniel Noboa,\u00a0la titular de Ambiente, In\u00e9s Manzano, \u201casume como ministra encargada de Energ\u00eda y Minas\u201d.<\/p>\n<p>El prolongado estiaje, el mayor en 61 a\u00f1os de acuerdo con el Ejecutivo,\u00a0ha reducido desde hace tres meses a m\u00ednimos hist\u00f3ricos los embalses de las centrales hidroel\u00e9ctricas,\u00a0que cubren un 70% de la demanda nacional de energ\u00eda.<\/p>\n<\/div>\n<div class=\"paragraph\">\n<p>Manzano \u201cliderar\u00e1 la transformaci\u00f3n de una matriz caduca, que nos ha estancado en la dependencia de las lluvias en un 72%\u201d, apunt\u00f3 la presidencia.<\/p>\n<p>A\u00f1adi\u00f3 que tambi\u00e9n\u00a0\u201cejecutar\u00e1 proyectos de energ\u00edas renovables,\u00a0ya encaminados por este gobierno,\u00a0que garanticen la sostenibilidad y soberan\u00eda energ\u00e9tica\u00a0a mediano y largo plazo\u201d.<\/p>\n<div class=\"teads-adCall\"><em><strong>La situaci\u00f3n cr\u00edtica del sector el\u00e9ctrico en Ecuador<\/strong><\/em><\/div>\n<\/div>\n<div class=\"paragraph\">\n<div class=\"teads-inread teads-display sm-screen\">\n<div>\n<div class=\"teads-ui-components-adchoices\">Goncalves, quien asumi\u00f3 en julio y que seg\u00fan medios locales renunci\u00f3 al puesto, anunci\u00f3 el mi\u00e9rcoles temprano que\u00a0el pa\u00eds aplicar\u00e1 nuevos cortes de energ\u00eda de hasta diez horas al d\u00eda\u00a0para\u00a0\u201cevitar un colapso\u201d\u00a0del sistema nacional de electricidad.<\/div>\n<\/div>\n<\/div>\n<p>\u201cNuestro pa\u00eds atraviesa\u00a0una situaci\u00f3n energ\u00e9tica cr\u00edtica.\u00a0El nivel de la represa Mazar (sur andino) se encuentra cerca de su l\u00edmite m\u00ednimo y las proyecciones indican que se deben tomar decisiones inmediatas y firmes para evitar un colapso en el sistema el\u00e9ctrico nacional\u201d, dijo entonces en una cadena nacional de radio y televisi\u00f3n.<\/p>\n<p>El\u00a0gobierno hab\u00eda reducido la semana pasada los apagones a un m\u00e1ximo de seis horas diarias\u00a0a nivel nacional, debido a que algunas lluvias mejoraron en algo el nivel de los embalses que alimentan a las principales hidroel\u00e9ctricas.\u00a0Sin embargo, la situaci\u00f3n volvi\u00f3 a empeorar.<\/p>\n<\/div>\n<div class=\"paragraph\">\n<p>Goncalves se\u00f1al\u00f3 que \u201ca partir del mediod\u00eda de hoy (mi\u00e9rcoles) se reprogramar\u00e1n los cortes de energ\u00eda de hasta diez horas diarias, con excepci\u00f3n de ciertos sectores industriales, quienes tienen un horario diferenciado que les permitir\u00e1 cumplir con su cuota de ahorro tratando de minimizar el impacto\u201d.<\/p>\n<p>El lunes,\u00a0empresarios denunciaron racionamientos direccionados a las industrias\u00a0y expresaron su temor por posibles p\u00e9rdidas de plazas de trabajo e incluso\u00a0escasez de productos b\u00e1sicos, adem\u00e1s de las\u00a0consecuencias econ\u00f3micas por la grave crisis el\u00e9ctrica\u00a0que se registra desde abril a causa de la sequ\u00eda.<\/p>\n<\/div>\n<h2 class=\"Entretitulo\">Se han registrado apagones de hasta 13 horas por la sequ\u00eda<\/h2>\n<div class=\"paragraph\">\n<p>Los nuevos\u00a0racionamientos\u00a0hasta el 13 de octubre se aplicar\u00e1n en diferentes franjas horarias y por sectores, como se ha hecho desde el inicio de la actual etapa de recortes del servicio, en septiembre.<\/p>\n<p>Usuarios reclaman por el incumplimiento de los cronogramas y\u00a0cada semana las autoridades modifican los horarios de los apagones.\u00a0Gremios empresariales sostienen que\u00a0cada hora de racionamientos deja p\u00e9rdidas por 12 millones de d\u00f3lares.<\/p>\n<p>Ante la situaci\u00f3n, que deriv\u00f3\u00a0en apagones de hasta 13 horas\u00a0en abril, el Ejecutivo\u00a0ha declarado en emergencia al sector el\u00e9ctrico en varias ocasiones\u00a0durante este a\u00f1o.<\/p>\n<p>Ese mismo mes,\u00a0Noboa pidi\u00f3 la renuncia de la entonces ministra de Energ\u00eda,\u00a0Andrea Arrobo, quien fue reemplazada por Goncalves, y la denunci\u00f3 ante la fiscal\u00eda por un supuesto \u201csabotaje\u201d.<\/p>\n<p>Frente a la sequ\u00eda, que tambi\u00e9n ha derivado en una afectaci\u00f3n en el suministro de agua potable y problemas en la producci\u00f3n agr\u00edcola,\u00a020 de las 24 provincias ecuatorianas est\u00e1n en alerta roja.<\/p>\n<p>Desde enero se han desatado unos\u00a03.600 incendios forestales\u00a0que dejan un fallecido, 41 heridos, casi\u00a042.000 hect\u00e1reas de vegetaci\u00f3n quemadas\u00a0y 45.000 animales de granja muertos, seg\u00fan estimaciones oficiales.<\/p>\n<\/div>\n<\/div>\n<\/div>\n<\/div>\n<\/div>\n<div id=\"\" class=\"portlet-boundary portlet-static-end htmlcontainer-portlet\"><\/div>\n<\/div>\n<\/div>\n<\/div>\n<\/div>\n<\/div>\n<\/div>\n<\/section>\n<\/div>\n<\/div>\n<\/div>\n<div>\n<div class=\"paragraph\">\n<p>El prolongado estiaje, el mayor en 61 a\u00f1os de acuerdo con el Ejecutivo,\u00a0ha reducido desde hace tres meses a m\u00ednimos hist\u00f3ricos los embalses de las centrales hidroel\u00e9ctricas,\u00a0que cubren un 70% de la demanda nacional de energ\u00eda.<\/p>\n<\/div>\n<div class=\"Article_Text 25510655 46249047\">\n<div class=\"template-ec-14\" data-mrf-recirculation=\"Article - inline\">\n<div class=\"left\">\n<div class=\"paragraph\">\n<p>Manzano \u201cliderar\u00e1 la transformaci\u00f3n de una matriz caduca, que nos ha estancado en la dependencia de las lluvias en un 72%\u201d, apunt\u00f3 la presidencia.<\/p>\n<p>A\u00f1adi\u00f3 que tambi\u00e9n\u00a0\u201cejecutar\u00e1 proyectos de energ\u00edas renovables,\u00a0ya encaminados por este gobierno,\u00a0que garanticen la sostenibilidad y soberan\u00eda energ\u00e9tica\u00a0a mediano y largo plazo\u201d.<\/p>\n<\/div>\n<\/div>\n<\/div>\n<\/div>\n<\/div>\n<\/div>\n<\/div>\n<\/div>\n<\/div>\n","protected":false},"excerpt":{"rendered":"<p>&nbsp; &nbsp; En abril, el presidente Daniel Noboa hab\u00eda pedido la renuncia de la entonces ministra de Energ\u00eda, Andrea Arrobo, reemplazada por Antonio Goncalves, quien&hellip;<\/p>\n","protected":false},"author":99,"featured_media":522462,"comment_status":"open","ping_status":"open","sticky":false,"template":"","format":"standard","meta":{"footnotes":""},"categories":[23],"tags":[],"class_list":["post-522454","post","type-post","status-publish","format-standard","has-post-thumbnail","hentry","category-latinoamerica"],"_links":{"self":[{"href":"https:\/\/diarioelpopular.com\/index.php\/wp-json\/wp\/v2\/posts\/522454","targetHints":{"allow":["GET"]}}],"collection":[{"href":"https:\/\/diarioelpopular.com\/index.php\/wp-json\/wp\/v2\/posts"}],"about":[{"href":"https:\/\/diarioelpopular.com\/index.php\/wp-json\/wp\/v2\/types\/post"}],"author":[{"embeddable":true,"href":"https:\/\/diarioelpopular.com\/index.php\/wp-json\/wp\/v2\/users\/99"}],"replies":[{"embeddable":true,"href":"https:\/\/diarioelpopular.com\/index.php\/wp-json\/wp\/v2\/comments?post=522454"}],"version-history":[{"count":1,"href":"https:\/\/diarioelpopular.com\/index.php\/wp-json\/wp\/v2\/posts\/522454\/revisions"}],"predecessor-version":[{"id":522463,"href":"https:\/\/diarioelpopular.com\/index.php\/wp-json\/wp\/v2\/posts\/522454\/revisions\/522463"}],"wp:featuredmedia":[{"embeddable":true,"href":"https:\/\/diarioelpopular.com\/index.php\/wp-json\/wp\/v2\/media\/522462"}],"wp:attachment":[{"href":"https:\/\/diarioelpopular.com\/index.php\/wp-json\/wp\/v2\/media?parent=522454"}],"wp:term":[{"taxonomy":"category","embeddable":true,"href":"https:\/\/diarioelpopular.com\/index.php\/wp-json\/wp\/v2\/categories?post=522454"},{"taxonomy":"post_tag","embeddable":true,"href":"https:\/\/diarioelpopular.com\/index.php\/wp-json\/wp\/v2\/tags?post=522454"}],"curies":[{"name":"wp","href":"https:\/\/api.w.org\/{rel}","templated":true}]}}