{"id":522540,"date":"2024-10-11T09:05:33","date_gmt":"2024-10-11T13:05:33","guid":{"rendered":"https:\/\/diarioelpopular.com\/?p=522540"},"modified":"2024-10-11T09:05:33","modified_gmt":"2024-10-11T13:05:33","slug":"los-transportistas-y-los-comerciantes-se-echan-a-la-calle-en-peru-para-acabar-con-la-ola-de-extorsiones","status":"publish","type":"post","link":"https:\/\/diarioelpopular.com\/index.php\/2024\/10\/11\/los-transportistas-y-los-comerciantes-se-echan-a-la-calle-en-peru-para-acabar-con-la-ola-de-extorsiones\/","title":{"rendered":"Los transportistas y los comerciantes se echan a la calle en Per\u00fa para acabar con la ola de extorsiones"},"content":{"rendered":"<div id=\"attachment_522541\" style=\"width: 1210px\" class=\"wp-caption alignnone\"><img loading=\"lazy\" decoding=\"async\" aria-describedby=\"caption-attachment-522541\" class=\"wp-image-522541 size-custom-big-size\" src=\"https:\/\/diarioelpopular.com\/wp-content\/uploads\/2024\/10\/Screen-Shot-2024-10-11-at-9.04.39-AM-1200x792.png\" alt=\"\" width=\"1200\" height=\"792\" srcset=\"https:\/\/diarioelpopular.com\/wp-content\/uploads\/2024\/10\/Screen-Shot-2024-10-11-at-9.04.39-AM-1200x792.png 1200w, https:\/\/diarioelpopular.com\/wp-content\/uploads\/2024\/10\/Screen-Shot-2024-10-11-at-9.04.39-AM-300x198.png 300w, https:\/\/diarioelpopular.com\/wp-content\/uploads\/2024\/10\/Screen-Shot-2024-10-11-at-9.04.39-AM-768x507.png 768w, https:\/\/diarioelpopular.com\/wp-content\/uploads\/2024\/10\/Screen-Shot-2024-10-11-at-9.04.39-AM-85x55.png 85w, https:\/\/diarioelpopular.com\/wp-content\/uploads\/2024\/10\/Screen-Shot-2024-10-11-at-9.04.39-AM-636x420.png 636w, https:\/\/diarioelpopular.com\/wp-content\/uploads\/2024\/10\/Screen-Shot-2024-10-11-at-9.04.39-AM-111x73.png 111w, https:\/\/diarioelpopular.com\/wp-content\/uploads\/2024\/10\/Screen-Shot-2024-10-11-at-9.04.39-AM.png 1024w\" sizes=\"auto, (max-width: 1200px) 100vw, 1200px\" \/><p id=\"caption-attachment-522541\" class=\"wp-caption-text\">Protesta de transportistas y comerciantes contra la inseguridad, en Lima (Per\u00fa), este jueves 10 de octubre de 2024.\u00a0 \u00a0 \u00a0 \u00a0 \u00a0 \u00a0 \u00a0 \u00a0 \u00a0 \u00a0 John Reyes Mejia (EFE)<\/p><\/div>\n<p>&nbsp;<\/p>\n<p>&nbsp;<\/p>\n<h4 class=\"a_st\"><em>&#8211; La huelga, que el Gobierno minimiza y ya cuenta con 13 detenidos, se prolongar\u00e1 durante 72 horas<\/em><\/h4>\n<p>&nbsp;<\/p>\n<div class=\"a_c clearfix\" data-dtm-region=\"articulo_cuerpo\">\n<p class=\"\">Lima amaneci\u00f3 este jueves con 14.000 polic\u00edas y militares apostados en las principales arterias de la ciudad para controlar el primero de los tres d\u00edas de huelga anunciado por el gremio de transportistas. Se trata de la segunda gran medida de fuerza del sector tras un paro a fines de septiembre por una ola de atentados y extorsiones que padecen desde hace meses. Si bien en esta ocasi\u00f3n las empresas formales de transporte informaron que no parar\u00edan sus actividades, lo cierto es que las calles de Lima y Callao han carecido notoriamente de buses y miles de ciudadanos han tenido serias dificultades para asistir a sus trabajos. Una de las razones es que se trata de un sector altamente informal, donde el 86.82% (19.237 veh\u00edculos) son propiedad de terceros y no de empresas autorizadas, ha<a href=\"https:\/\/elcomercio.pe\/lima\/transporte-por-que-las-calles-estan-sin-buses-si-las-empresas-formales-prometieron-no-parar-paro-transporte-10-octubre-transito-transporte-metropolitano-trafico-noticias-viral-callao-asesinatos-inseguridad-distrito-balacera-sicarios-ciro-castillo-paro-de-transportistas-10-octubre-gremios-empresas-clases-convocatoria-paro-nacional-transporte-mercados-empresas-extorsion-muertes-atu-pnp-boluarte-terrorismo-de-imagen-prensa-anp-rechazo-expresiones-fakes-noticia\/\" data-link-track-dtm=\"\" data-mrf-link=\"https:\/\/elcomercio.pe\/lima\/transporte-por-que-las-calles-estan-sin-buses-si-las-empresas-formales-prometieron-no-parar-paro-transporte-10-octubre-transito-transporte-metropolitano-trafico-noticias-viral-callao-asesinatos-inseguridad-distrito-balacera-sicarios-ciro-castillo-paro-de-transportistas-10-octubre-gremios-empresas-clases-convocatoria-paro-nacional-transporte-mercados-empresas-extorsion-muertes-atu-pnp-boluarte-terrorismo-de-imagen-prensa-anp-rechazo-expresiones-fakes-noticia\/\">\u00a0revelado el diario\u00a0<i>El Comercio.<\/i><\/a><\/p>\n<p class=\"\">Las clases en los colegios p\u00fablicos y privados se suspendieron, al igual que en las universidades, aunque m\u00e1s de una opt\u00f3 por la c\u00e1tedra virtual. El Seguro Social de Salud se vio obligado a reprogramar las citas m\u00e9dicas. \u201cEstamos en condiciones de informar que toda la ciudad de Lima est\u00e1 en calma, no ha habido ning\u00fan acto de vandalismo, ni en contra del patrimonio. Las unidades que salieron a trabajar lo hicieron de manera tranquila\u201d, dijo durante la ma\u00f1ana el presidente del Consejo de Ministros, Gustavo Adrianz\u00e9n, en un intento por minimizar el asunto.<\/p>\n<p class=\"\">No obstante, en varios puntos de Lima se reportaron quema de llantas, as\u00ed como incidentes donde los huelguistas impidieron el paso de custers (peque\u00f1as combis) y autobuses y los obligaron a bajarse. Producto de ello, los agentes del orden detuvieron a 13 personas hasta las primeras horas de la tarde. Aunque la Marina de Guerra habilit\u00f3 buses para menguar el impacto, la medida no acab\u00f3 con las aglomeraciones de personas ni los contratiempos. Yerbateros, uno de los principales terminales interprovinciales permaneci\u00f3 cerrado.<\/p>\n<p class=\"\">Ante la ola extorsiva que ha acabado con la vida de una veintena de choferes y cobradores, los principales gremios de comerciantes se plegaron al paro. Gamarra, un emporio textil donde laboran 80.000 personas, fren\u00f3 sus actividades. Tambi\u00e9n mercados de diversa \u00edndole, desde abarrotes hasta textiles, se sumaron a la medida de fuerza como Unicachi, Polvos Azules o Las Malvinas. Es cierto que algunos tambi\u00e9n lo hicieron por temor a los desmanes o represalias. \u201cInvoco a los comerciantes de los mercados que decidieron no abrir el d\u00eda de hoy por temor a que pueda haber un tipo de desorden ciudadano que afecte sus negocios, la ciudad est\u00e1 totalmente segura. Los peque\u00f1os incidentes que hubo ya se resolvieron\u201d, dijo el ministro de Transporte, Ra\u00fal P\u00e9rez Reyes, para persuadirlos.<\/p>\n<p class=\"\">Miles de personas marchan hacia el Congreso, ubicado en el Centro de Lima, para exigir la derogaci\u00f3n de la nueva ley de crimen organizado que excluye a la extorsi\u00f3n y, adem\u00e1s, repercute en los allanamientos fiscales, pues exige que ahora el imputado y su abogado est\u00e9n presentes antes de ingresar a un inmueble. La semana pasada la Junta de Portavoces del Congreso se neg\u00f3 a debatir su derogaci\u00f3n. El Gobierno de Dina Boluarte, por su parte<a href=\"https:\/\/elpais.com\/internacional\/2023-07-17\/el-regreso-de-las-protestas-en-peru-el-gobierno-de-dina-boluarte-invoca-el-uso-legitimo-de-la-fuerza.html\" data-link-track-dtm=\"\" data-mrf-link=\"https:\/\/elpais.com\/internacional\/2023-07-17\/el-regreso-de-las-protestas-en-peru-el-gobierno-de-dina-boluarte-invoca-el-uso-legitimo-de-la-fuerza.html\">, ha presentado un proyecto de ley<\/a>\u00a0que incorpora el delito de \u201cterrorismo urbano\u201d en el C\u00f3digo Penal y establece una sanci\u00f3n de no menos de 25 a\u00f1os de c\u00e1rcel y no m\u00e1s de 35 a quienes generen zozobra en la poblaci\u00f3n a trav\u00e9s de los delitos de extorsi\u00f3n y sicariato. Para la oposici\u00f3n y diversos analistas en realidad es una medida de doble filo que busca criminalizar cualquier movilizaci\u00f3n ciudadana.<\/p>\n<p class=\"\">No se trata de la \u00fanica movida de la presidenta Boluarte que ha despertado el rechazo de un grueso de la poblaci\u00f3n. En la antesala al paro de transportistas, la sucesora de Pedro Castillo firm\u00f3 la norma que le traslada la facultad de dirigir las investigaciones preliminares de los delitos a la Polic\u00eda y ya no al Ministerio P\u00fablico. \u201cAl gobierno de\u00a0<a href=\"https:\/\/elpais.com\/america\/2024-06-26\/dina-boluarte-denunciada-ante-la-corte-penal-internacional-por-el-asesinato-de-49-manifestantes.html\" data-link-track-dtm=\"\" data-mrf-link=\"https:\/\/elpais.com\/america\/2024-06-26\/dina-boluarte-denunciada-ante-la-corte-penal-internacional-por-el-asesinato-de-49-manifestantes.html\">Dina Boluarte<\/a>\u00a0tampoco le interesa defender la legalidad, una perfecta t\u00edtere que responde obediente a sus bancadas oficialistas\u201d, ha se\u00f1alado la congresista Ruth Luque, del Bloque Democr\u00e1tico Popular.<\/p>\n<p class=\"\">A ello se suma una reciente declaraci\u00f3n de la mandataria, durante la conmemoraci\u00f3n del Combate de Angamos, donde para defenderse de su baja aprobaci\u00f3n ha dejado entrever que podr\u00eda criminalizar la labor de la prensa. \u201cTenemos que luchar contra un nuevo mal, una nueva amenaza en el mundo. La guerra de las mentiras, las fake news, las noticias falsas, creadas con el fin de hacer terrorismo de imagen. Un viejo m\u00e9todo que aplicaron los totalitarios\u201d.<\/p>\n<p class=\"\">Para el ojo p\u00fablico, el Estado de Emergencia durante 60 d\u00edas en trece distritos de Lima y uno del Callao, dictado por el Ejecutivo, no ha sido una soluci\u00f3n. Los atentados han continuado. Veinticinco buses amanecieron calcinados en un almac\u00e9n solo al d\u00eda siguiente de la declaratoria. El \u00faltimo lunes un sicario se hizo pasar por un pasajero, en el Callao, y acribill\u00f3 al chofer y a otras personas que estaban en la combi, matando a cuatro personas. Hace poco, en Villa El Salvador, el due\u00f1o de una Botica muri\u00f3 por no pagar cupo. Su viuda Maritza Vel\u00e1squez, le reclam\u00f3 airadamente a Boluarte: \u201cSi nuestra presidente misma dice \u2018el que delinque es porque no tiene ingresos fijos\u2019, entonces c\u00f3mo yo puedo pedir justicia para la muerte de mi esposo que me lo arrebataron\u201d.<\/p>\n<\/div>\n<div id=\"me-dis\" class=\"me _pf\">\n<div class=\"me_bg\">\n<div class=\"me-dis _pa _df\">\n<div class=\"me-dis_c\">\n<h2 class=\"me-dis_t\"><\/h2>\n<div class=\"me-dis_l\"><\/div>\n<p><span id=\"capping-arrow\" class=\"arrow\"><\/span><\/div>\n<\/div>\n<\/div>\n<\/div>\n","protected":false},"excerpt":{"rendered":"<p>&nbsp; &nbsp; &#8211; La huelga, que el Gobierno minimiza y ya cuenta con 13 detenidos, se prolongar\u00e1 durante 72 horas &nbsp; Lima amaneci\u00f3 este jueves&hellip;<\/p>\n","protected":false},"author":99,"featured_media":522541,"comment_status":"open","ping_status":"open","sticky":false,"template":"","format":"standard","meta":{"footnotes":""},"categories":[23],"tags":[],"class_list":["post-522540","post","type-post","status-publish","format-standard","has-post-thumbnail","hentry","category-latinoamerica"],"_links":{"self":[{"href":"https:\/\/diarioelpopular.com\/index.php\/wp-json\/wp\/v2\/posts\/522540","targetHints":{"allow":["GET"]}}],"collection":[{"href":"https:\/\/diarioelpopular.com\/index.php\/wp-json\/wp\/v2\/posts"}],"about":[{"href":"https:\/\/diarioelpopular.com\/index.php\/wp-json\/wp\/v2\/types\/post"}],"author":[{"embeddable":true,"href":"https:\/\/diarioelpopular.com\/index.php\/wp-json\/wp\/v2\/users\/99"}],"replies":[{"embeddable":true,"href":"https:\/\/diarioelpopular.com\/index.php\/wp-json\/wp\/v2\/comments?post=522540"}],"version-history":[{"count":1,"href":"https:\/\/diarioelpopular.com\/index.php\/wp-json\/wp\/v2\/posts\/522540\/revisions"}],"predecessor-version":[{"id":522542,"href":"https:\/\/diarioelpopular.com\/index.php\/wp-json\/wp\/v2\/posts\/522540\/revisions\/522542"}],"wp:featuredmedia":[{"embeddable":true,"href":"https:\/\/diarioelpopular.com\/index.php\/wp-json\/wp\/v2\/media\/522541"}],"wp:attachment":[{"href":"https:\/\/diarioelpopular.com\/index.php\/wp-json\/wp\/v2\/media?parent=522540"}],"wp:term":[{"taxonomy":"category","embeddable":true,"href":"https:\/\/diarioelpopular.com\/index.php\/wp-json\/wp\/v2\/categories?post=522540"},{"taxonomy":"post_tag","embeddable":true,"href":"https:\/\/diarioelpopular.com\/index.php\/wp-json\/wp\/v2\/tags?post=522540"}],"curies":[{"name":"wp","href":"https:\/\/api.w.org\/{rel}","templated":true}]}}