{"id":522556,"date":"2024-10-11T09:35:30","date_gmt":"2024-10-11T13:35:30","guid":{"rendered":"https:\/\/diarioelpopular.com\/?p=522556"},"modified":"2024-10-11T09:35:30","modified_gmt":"2024-10-11T13:35:30","slug":"mujer-colombiana-murio-en-un-tragico-accidente-en-quebec-sus-tres-hijos-buscan-regresar-a-su-pais","status":"publish","type":"post","link":"https:\/\/diarioelpopular.com\/index.php\/2024\/10\/11\/mujer-colombiana-murio-en-un-tragico-accidente-en-quebec-sus-tres-hijos-buscan-regresar-a-su-pais\/","title":{"rendered":"Mujer colombiana muri\u00f3 en un tr\u00e1gico accidente en Quebec: sus tres hijos buscan regresar a su pa\u00eds"},"content":{"rendered":"<div id=\"attachment_522557\" style=\"width: 1210px\" class=\"wp-caption alignnone\"><img loading=\"lazy\" decoding=\"async\" aria-describedby=\"caption-attachment-522557\" class=\"wp-image-522557 size-custom-big-size\" src=\"https:\/\/diarioelpopular.com\/wp-content\/uploads\/2024\/10\/Screen-Shot-2024-10-11-at-9.34.32-AM-1200x853.png\" alt=\"\" width=\"1200\" height=\"853\" srcset=\"https:\/\/diarioelpopular.com\/wp-content\/uploads\/2024\/10\/Screen-Shot-2024-10-11-at-9.34.32-AM-1200x853.png 1200w, https:\/\/diarioelpopular.com\/wp-content\/uploads\/2024\/10\/Screen-Shot-2024-10-11-at-9.34.32-AM-300x213.png 300w, https:\/\/diarioelpopular.com\/wp-content\/uploads\/2024\/10\/Screen-Shot-2024-10-11-at-9.34.32-AM-768x546.png 768w, https:\/\/diarioelpopular.com\/wp-content\/uploads\/2024\/10\/Screen-Shot-2024-10-11-at-9.34.32-AM-636x452.png 636w, https:\/\/diarioelpopular.com\/wp-content\/uploads\/2024\/10\/Screen-Shot-2024-10-11-at-9.34.32-AM-103x73.png 103w, https:\/\/diarioelpopular.com\/wp-content\/uploads\/2024\/10\/Screen-Shot-2024-10-11-at-9.34.32-AM.png 1024w\" sizes=\"auto, (max-width: 1200px) 100vw, 1200px\" \/><p id=\"caption-attachment-522557\" class=\"wp-caption-text\">As\u00ed qued\u00f3 el carro en el que se movilizaba la mujer colombiana de 28 a\u00f1os y que estaba con sus tres hijos en Canad\u00e1.\u00a0 \u00a0 \u00a0 \u00a0 \u00a0 \u00a0 \u00a0 FOTO: CORTES\u00cdA JOURNAL MONTREAL<\/p><\/div>\n<p>&nbsp;<\/p>\n<p>&nbsp;<\/p>\n<div id=\"\" class=\"portlet-boundary portlet-static-end content-viewer-portlet last full-access norestricted\">\n<div class=\"ecr_articulo_titulo_multimedia art_25603484\">\n<div class=\"block-headline\">\n<ul>\n<li class=\"lead cita\"><em><strong>Seg\u00fan los familiares, la mujer qued\u00f3 en medio de una fuerte colisi\u00f3n contra un tractocami\u00f3n que transitaba en el sentido opuesto. Sus seres queridos buscan como repatriar su cuerpo y regresar a sus hijos al pa\u00eds.<\/strong><\/em><\/li>\n<\/ul>\n<\/div>\n<div class=\"block-image\">\n<div class=\"multimediaMacroWrapper\">\n<div class=\"slick-list draggable\">\n<div class=\"slick-track\">\n<div class=\"slick-slide slick-current slick-active\" data-slick-index=\"0\" aria-hidden=\"false\"><\/div>\n<\/div>\n<\/div>\n<\/div>\n<\/div>\n<\/div>\n<\/div>\n<div id=\"\" class=\"portlet-boundary portlet-static-end content-viewer-portlet section__textos last full-access norestricted\">\n<div class=\"ecr_articulo art_25603484\">\n<div class=\"block-date information-noticia toolsWrapper\">\n<div class=\"tools\">\n<div class=\"div_author_r\">\n<p>&nbsp;<\/p>\n<p>Una mujer de origen colombiano de 28 a\u00f1os de edad,\u00a0viaj\u00f3 hace un a\u00f1o a Canad\u00e1 en b\u00fasqueda de un mejor futuro para sus hijos de 4, 8 y 11 a\u00f1os.\u00a0Lo primero que hizo fue establecerse, conseguir una vivienda y conseguir un trabajo fijo, con la esperanza de enviar el dinero suficiente para tenerlos junto a ella.<\/p>\n<p>El pasado 4 de septiembre de este a\u00f1o, los tres menores de edad viajaron a la regi\u00f3n de Quebec en compa\u00f1\u00eda de su abuela.\u00a0\u201cYo firm\u00e9 los permisos para que pudieran viajar y vivir con su mam\u00e1; pensando en el futuro de ellos, en que tuvieran mejores oportunidades\u201d, cont\u00f3 Iv\u00e1n Reyes, el pap\u00e1 de los ni\u00f1os.<\/p>\n<div class=\"paragraph\">\n<p>Apenas se reencontraron, Sandra* ya los ten\u00eda matriculados en una escuela de la regi\u00f3n.\u00a0La alegr\u00eda de poder brindarles una mejor calidad de vida ten\u00eda a la joven de 28 a\u00f1os motivada con su trabajo en una empresa de galletas\u00a0de la ciudad de Saint-R\u00e9mi, al sur de Quebec.<\/p>\n<p>Sin embargo, el pasado viernes 4 de octubre, se acab\u00f3 la ilusi\u00f3n. Y a bordo de su veh\u00edculo,\u00a0sufri\u00f3 un grave accidente en la ruta 221, que tambi\u00e9n lleva el nombre de bulevar Saint-R\u00e9mi.<\/p>\n<div class=\"paragraph\">\n<p>\u201cElla sali\u00f3 de la casa la tarde del viernes pasado.\u00a0Iba a cumplir con su jornada laboral, cuando en el camino ocurri\u00f3 el accidente\u201d.<\/p>\n<p>Al parecer,\u00a0la mujer no alcanz\u00f3 a frenar a tiempo y termin\u00f3 chocando con un veh\u00edculo que estaba delante de ella.\u00a0La intensidad del golpe desvi\u00f3 el auto de la v\u00eda\u00a0y colision\u00f3 contra un tractocami\u00f3n que transitaba en el sentido opuesto.<\/p>\n<p>El veh\u00edculo en que se movilizaba qued\u00f3 totalmente destruido, sobre todo, la cabina del conductor.\u00a0La mujer permaneci\u00f3 atrapada entre los restos por media hora, mientras los bomberos de la regi\u00f3n utilizaban alicates para cortar las piezas del automotor.<\/p>\n<p>Una vez fue liberada,\u00a0la trasladaron al hospital m\u00e1s cercano, en donde horas despu\u00e9s muri\u00f3 por la gravedad de las lesiones.\u00a0Desde entonces, la familia vive un drama para el traslado del cuerpo que, seg\u00fan un allegado a la v\u00edctima,\u00a0ser\u00e1 cremado.<\/p>\n<h2 class=\"Entretitulo\">El pap\u00e1 de los ni\u00f1os se pronunci\u00f3<\/h2>\n<div class=\"paragraph\">\n<p>Iv\u00e1n Reyes, el pap\u00e1 de los ni\u00f1os, tambi\u00e9n manifest\u00f3 que\u00a0el retorno de los menores de edad a su natal Bucaramanga\u00a0tambi\u00e9n se ha convertido en una labor \u2018tit\u00e1nica\u2019.<\/p>\n<div class=\"teads-inread sm-screen\">\n<div class=\"teads-ui-components-adchoices\">\n<p>\u201cLos tr\u00e1mites para obtener una visa humanitaria se demoran mucho. Yo quiero tener a mis hijos nuevamente,\u00a0que regresen r\u00e1pido, junto a su abuela. Estamos haciendo todo lo posible por conseguir el dinero de los pasajes\u201d, a\u00f1adi\u00f3.<\/p>\n<p>Reyes se\u00f1al\u00f3 que\u00a0los pasajes estar\u00edan costando aproximadamente\u00a0690 d\u00f3lares por cada uno, explic\u00f3.<\/p>\n<\/div>\n<\/div>\n<\/div>\n<\/div>\n<\/div>\n<\/div>\n<\/div>\n<\/div>\n<\/div>\n<\/div>\n","protected":false},"excerpt":{"rendered":"<p>&nbsp; &nbsp; Seg\u00fan los familiares, la mujer qued\u00f3 en medio de una fuerte colisi\u00f3n contra un tractocami\u00f3n que transitaba en el sentido opuesto. Sus seres&hellip;<\/p>\n","protected":false},"author":99,"featured_media":522557,"comment_status":"open","ping_status":"open","sticky":false,"template":"","format":"standard","meta":{"footnotes":""},"categories":[21],"tags":[],"class_list":["post-522556","post","type-post","status-publish","format-standard","has-post-thumbnail","hentry","category-canada"],"_links":{"self":[{"href":"https:\/\/diarioelpopular.com\/index.php\/wp-json\/wp\/v2\/posts\/522556","targetHints":{"allow":["GET"]}}],"collection":[{"href":"https:\/\/diarioelpopular.com\/index.php\/wp-json\/wp\/v2\/posts"}],"about":[{"href":"https:\/\/diarioelpopular.com\/index.php\/wp-json\/wp\/v2\/types\/post"}],"author":[{"embeddable":true,"href":"https:\/\/diarioelpopular.com\/index.php\/wp-json\/wp\/v2\/users\/99"}],"replies":[{"embeddable":true,"href":"https:\/\/diarioelpopular.com\/index.php\/wp-json\/wp\/v2\/comments?post=522556"}],"version-history":[{"count":1,"href":"https:\/\/diarioelpopular.com\/index.php\/wp-json\/wp\/v2\/posts\/522556\/revisions"}],"predecessor-version":[{"id":522558,"href":"https:\/\/diarioelpopular.com\/index.php\/wp-json\/wp\/v2\/posts\/522556\/revisions\/522558"}],"wp:featuredmedia":[{"embeddable":true,"href":"https:\/\/diarioelpopular.com\/index.php\/wp-json\/wp\/v2\/media\/522557"}],"wp:attachment":[{"href":"https:\/\/diarioelpopular.com\/index.php\/wp-json\/wp\/v2\/media?parent=522556"}],"wp:term":[{"taxonomy":"category","embeddable":true,"href":"https:\/\/diarioelpopular.com\/index.php\/wp-json\/wp\/v2\/categories?post=522556"},{"taxonomy":"post_tag","embeddable":true,"href":"https:\/\/diarioelpopular.com\/index.php\/wp-json\/wp\/v2\/tags?post=522556"}],"curies":[{"name":"wp","href":"https:\/\/api.w.org\/{rel}","templated":true}]}}