{"id":522559,"date":"2024-10-11T09:39:49","date_gmt":"2024-10-11T13:39:49","guid":{"rendered":"https:\/\/diarioelpopular.com\/?p=522559"},"modified":"2024-10-11T09:39:49","modified_gmt":"2024-10-11T13:39:49","slug":"sudamerica-cada-vez-mas-seca-mas-caliente-y-mas-inflamable","status":"publish","type":"post","link":"https:\/\/diarioelpopular.com\/index.php\/2024\/10\/11\/sudamerica-cada-vez-mas-seca-mas-caliente-y-mas-inflamable\/","title":{"rendered":"Sudam\u00e9rica: cada vez m\u00e1s seca, m\u00e1s caliente y m\u00e1s inflamable"},"content":{"rendered":"<div id=\"attachment_522560\" style=\"width: 1210px\" class=\"wp-caption alignnone\"><img loading=\"lazy\" decoding=\"async\" aria-describedby=\"caption-attachment-522560\" class=\"wp-image-522560 size-custom-big-size\" src=\"https:\/\/diarioelpopular.com\/wp-content\/uploads\/2024\/10\/Screen-Shot-2024-10-11-at-9.39.00-AM-1200x729.png\" alt=\"\" width=\"1200\" height=\"729\" srcset=\"https:\/\/diarioelpopular.com\/wp-content\/uploads\/2024\/10\/Screen-Shot-2024-10-11-at-9.39.00-AM-1200x729.png 1200w, https:\/\/diarioelpopular.com\/wp-content\/uploads\/2024\/10\/Screen-Shot-2024-10-11-at-9.39.00-AM-300x182.png 300w, https:\/\/diarioelpopular.com\/wp-content\/uploads\/2024\/10\/Screen-Shot-2024-10-11-at-9.39.00-AM-768x466.png 768w, https:\/\/diarioelpopular.com\/wp-content\/uploads\/2024\/10\/Screen-Shot-2024-10-11-at-9.39.00-AM-636x386.png 636w, https:\/\/diarioelpopular.com\/wp-content\/uploads\/2024\/10\/Screen-Shot-2024-10-11-at-9.39.00-AM-120x73.png 120w, https:\/\/diarioelpopular.com\/wp-content\/uploads\/2024\/10\/Screen-Shot-2024-10-11-at-9.39.00-AM.png 1024w\" sizes=\"auto, (max-width: 1200px) 100vw, 1200px\" \/><p id=\"caption-attachment-522560\" class=\"wp-caption-text\">Embarcaciones yacen sobre el afluente seco del r\u00edo Tapajos durante la sequ\u00eda que azota el Amazonas, este 9 de octubre en el Estado de Par\u00e1, Brasil. Amanda Perobelli (Reuters)<\/p><\/div>\n<p>&nbsp;<\/p>\n<p>&nbsp;<\/p>\n<h4 class=\"a_st\"><em>&#8211; Hay tres regiones donde estas condiciones est\u00e1n por encima del promedio: el norte del Amazonas, el Gran Chaco y la cuenca de Maracaibo, seg\u00fan un estudio publicado en \u2018Communications Earth and Environment\u2019<\/em><\/h4>\n<p>&nbsp;<\/p>\n<p class=\"\">Hace poco,\u00a0<a href=\"https:\/\/elpais.com\/america\/2024-09-29\/el-fuego-devora-sudamerica-y-dispara-las-emisiones-de-efecto-invernadero-a-cifras-record.html\" target=\"_blank\" rel=\"noopener\" data-link-track-dtm=\"\" data-mrf-link=\"https:\/\/elpais.com\/america\/2024-09-29\/el-fuego-devora-sudamerica-y-dispara-las-emisiones-de-efecto-invernadero-a-cifras-record.html\">Sudam\u00e9rica estaba en llamas<\/a>. Los incendios forestales que sumaban 409.099 para septiembre de este a\u00f1o, seg\u00fan el Instituto Brasile\u00f1o de Investigaciones Espaciales (INPE), dejaron tras de s\u00ed un reguero de cenizas y un pico de emisiones que potencian el cambio clim\u00e1tico. En lo que va del a\u00f1o, dicen datos de Copernicus,\u00a0<a href=\"https:\/\/elpais.com\/america\/2024-09-20\/los-peores-incendios-de-brasil-en-14-anos-evidencian-la-falta-de-preparacion-de-lula-y-los-estados.html\" target=\"_blank\" rel=\"noopener\" data-link-track-dtm=\"\" data-mrf-link=\"https:\/\/elpais.com\/america\/2024-09-20\/los-peores-incendios-de-brasil-en-14-anos-evidencian-la-falta-de-preparacion-de-lula-y-los-estados.html\">Brasil\u00a0<\/a>gener\u00f3 m\u00e1s de 180 megatoneladas de di\u00f3xido de carbono, mientras la cifra para pa\u00edses como Bolivia es de 30. No se trata de algo anecd\u00f3tico. Lo que hemos visto y escuchado tambi\u00e9n fue confirmado por un estudio cient\u00edfico, publicado en<a href=\"https:\/\/www.nature.com\/articles\/s43247-024-01654-7\" target=\"_blank\" rel=\"noopener\" data-link-track-dtm=\"\" data-mrf-link=\"https:\/\/www.nature.com\/articles\/s43247-024-01654-7\"><i>\u00a0Communications Earth and Environment,<\/i><\/a>\u00a0que desde su mismo t\u00edtulo advierte que \u201cSudam\u00e9rica es cada vez m\u00e1s c\u00e1lida, seca e inflamable\u201d.<\/p>\n<p class=\"\">El subcontinente en general ha tenido un aumento de temperatura similar a la trayectoria global. Sin embargo, hay tres regiones a las que los investigadores les pusieron la lupa porque ya hab\u00eda se\u00f1ales de que estaban viviendo sequ\u00edas, altas temperaturas y temporadas de incendios m\u00e1s pronunciadas:<a href=\"https:\/\/elpais.com\/america-futura\/2022-12-24\/gran-chaco-la-deforestacion-avanza-sobre-un-bastion-clave-de-la-biodiversidad-argentina.html\" target=\"_blank\" rel=\"noopener\" data-link-track-dtm=\"\" data-mrf-link=\"https:\/\/elpais.com\/america-futura\/2022-12-24\/gran-chaco-la-deforestacion-avanza-sobre-un-bastion-clave-de-la-biodiversidad-argentina.html\">\u00a0<\/a>el<a href=\"https:\/\/elpais.com\/america-futura\/2022-12-24\/gran-chaco-la-deforestacion-avanza-sobre-un-bastion-clave-de-la-biodiversidad-argentina.html\" target=\"_blank\" rel=\"noopener\" data-link-track-dtm=\"\" data-mrf-link=\"https:\/\/elpais.com\/america-futura\/2022-12-24\/gran-chaco-la-deforestacion-avanza-sobre-un-bastion-clave-de-la-biodiversidad-argentina.html\">\u00a0Gran Chaco<\/a>, el norte de la Amazonia y la\u00a0<a href=\"https:\/\/elpais.com\/internacional\/2023-09-17\/el-lago-maracaibo-entra-en-cuidados-intensivos.html\" target=\"_blank\" rel=\"noopener\" data-link-track-dtm=\"\" data-mrf-link=\"https:\/\/elpais.com\/internacional\/2023-09-17\/el-lago-maracaibo-entra-en-cuidados-intensivos.html\">cuenca de Maracaibo<\/a>. Se trata de zonas que, o bien han sufrido grandes cambios en el uso del suelo, o han tenido p\u00e9rdidas masivas de lluvias en las \u00faltimas d\u00e9cadas.<\/p>\n<p class=\"\">\u201cMientras en El Chaco y en la cuenca de Maracaibo estas condiciones se explican, en principio, porque han sido muy intervenidas\u201d, comenta Ra\u00fal R. Cordero, coautor del estudio e investigador de la Universidad de Santiago de Chile, en la Amazonia las mismas part\u00edculas generadas por los incendios hacen que haya poca nubosidad y, por ende, llueva poco, generando una suerte de c\u00edrculo vicioso.<\/p>\n<p>&nbsp;<\/p>\n<figure class=\"a_m a_m-h \">\n<p><div style=\"width: 424px\" class=\"wp-caption alignnone\"><img loading=\"lazy\" decoding=\"async\" class=\"_re lazyload a_m-h\" src=\"https:\/\/imagenes.elpais.com\/resizer\/v2\/GCY5HSR2AGW5WBBTIEBQACVJUA.jpg?auth=e347a211d329c908ab4c6723219ee60659cc53e6f66308318b12ad4ed665ab9e&amp;width=414\" sizes=\"auto, (min-width:1199px) 1155px,(min-width:1001px) calc(100vw - 44px),(min-width:768px) 767px, 100vw\" srcset=\"https:\/\/imagenes.elpais.com\/resizer\/v2\/GCY5HSR2AGW5WBBTIEBQACVJUA.jpg?auth=e347a211d329c908ab4c6723219ee60659cc53e6f66308318b12ad4ed665ab9e&amp;width=414 414w,https:\/\/imagenes.elpais.com\/resizer\/v2\/GCY5HSR2AGW5WBBTIEBQACVJUA.jpg?auth=e347a211d329c908ab4c6723219ee60659cc53e6f66308318b12ad4ed665ab9e&amp;width=828 640w,https:\/\/imagenes.elpais.com\/resizer\/v2\/GCY5HSR2AGW5WBBTIEBQACVJUA.jpg?auth=e347a211d329c908ab4c6723219ee60659cc53e6f66308318b12ad4ed665ab9e&amp;width=980 1000w,https:\/\/imagenes.elpais.com\/resizer\/v2\/GCY5HSR2AGW5WBBTIEBQACVJUA.jpg?auth=e347a211d329c908ab4c6723219ee60659cc53e6f66308318b12ad4ed665ab9e&amp;width=1960 1960w\" alt=\"Una mujer carga agua entregada por la defensa civil a los pueblos aislados en el lago seco Puraquequara, en Manaus, Brasil. El 1 de octubre de 2024.\" width=\"414\" height=\"277\" \/><p class=\"wp-caption-text\">Una mujer carga agua entregada por la defensa civil a los pueblos aislados en el lago seco Puraquequara, en Manaus, Brasil. El 1 de octubre de 2024.Bruno Kelly (Reuters)<\/p><\/div><figcaption class=\"a_m_p\"><\/figcaption><\/figure>\n<p>&nbsp;<\/p>\n<p class=\"\">Es m\u00e1s, seg\u00fan encontr\u00f3 el estudio, en estas tres zonas de Sudam\u00e9rica, el n\u00famero de d\u00edas al a\u00f1o que cumplen esas condiciones meteorol\u00f3gicas extremas (sequ\u00eda, calidez e inflamabilidad), es tres veces superior al resto del subcontinente. Otra forma de entender este resultado de la investigaci\u00f3n \u2013 que analiz\u00f3 las condiciones de todos los d\u00edas del a\u00f1o entre 1971 y 2022 -, es que mientras el n\u00famero de d\u00edas al a\u00f1o que cumplen estas tres condiciones a nivel del subcontinente es menos de 20, en el Gran Chaco, la cuenca de Maracaibo y el norte de la Amazonia aumenta a 70 d\u00edas al a\u00f1o.<\/p>\n<p class=\"\">\u201cEncontramos que estos patrones tienen una fuerte correlaci\u00f3n con el fen\u00f3meno de\u00a0<a href=\"https:\/\/elpais.com\/noticias\/fenomeno-la-nina\/\" target=\"_blank\" rel=\"noopener\" data-link-track-dtm=\"\" data-mrf-link=\"https:\/\/elpais.com\/noticias\/fenomeno-la-nina\/\">La Ni\u00f1a\u00a0<\/a>y El Ni\u00f1o\u201d, tambi\u00e9n asegura Cordero. \u201cLa cuenca del Amazonas tiende a ser m\u00e1s seca durante El Ni\u00f1o, mientras sucede lo contrario con el Chaco\u201d. Por eso, este a\u00f1o &#8211; sospecha &#8211; fue tan catastr\u00f3fico para la regi\u00f3n. La transici\u00f3n entre El Ni\u00f1o y La Ni\u00f1a ha puesto las condiciones para que las dos regiones sean inflamables al mismo tiempo.<\/p>\n<p class=\"\">Pero lo anterior no explica por s\u00ed solo por qu\u00e9 la regi\u00f3n est\u00e1 m\u00e1s c\u00e1lida, m\u00e1s seca y m\u00e1s inflamable. Detr\u00e1s de la predisposici\u00f3n a las altas temperaturas y a estas condiciones, comenta Cordero, est\u00e1 el\u00a0<a href=\"https:\/\/elpais.com\/clima-y-medio-ambiente\/2024-10-09\/un-grupo-de-cientificos-alerta-contra-el-exceso-de-confianza-en-la-captura-del-co-para-revertir-el-calentamiento.html\" target=\"_blank\" rel=\"noopener\" data-link-track-dtm=\"\" data-mrf-link=\"https:\/\/elpais.com\/clima-y-medio-ambiente\/2024-10-09\/un-grupo-de-cientificos-alerta-contra-el-exceso-de-confianza-en-la-captura-del-co-para-revertir-el-calentamiento.html\">cambio clim\u00e1tico.<\/a>\u00a0\u201cEsta crisis es la que, probablemente, lleva a que haya una tendencia al alza en las condiciones que favorecen los incendios catastr\u00f3ficos. Mientras El Ni\u00f1o y La Ni\u00f1a siguen modulando la variabilidad interanual\u201d.<\/p>\n<p class=\"\">Cordero no solo ha escrito investigaciones sobre los incendios en Sudam\u00e9rica, sino sobre otros eventos clim\u00e1ticos extremos. A principios de a\u00f1o, junto a sus colegas, public\u00f3 un art\u00edculo sobre las condiciones que llevan a que Chile sea inflamable, justo cuando se estaban viviendo los\u00a0<a href=\"https:\/\/elpais.com\/america-futura\/2024-02-10\/cambio-climatico-plantaciones-forestales-y-mala-evacuacion-el-coctel-del-tragico-incendio-de-chile.html\" target=\"_blank\" rel=\"noopener\" data-link-track-dtm=\"\" data-mrf-link=\"https:\/\/elpais.com\/america-futura\/2024-02-10\/cambio-climatico-plantaciones-forestales-y-mala-evacuacion-el-coctel-del-tragico-incendio-de-chile.html\">mortales incendios<\/a>\u00a0en ese pa\u00eds. \u201cFue una coincidencia, pero ahora tenemos que tener cuidado sobre lo que escribimos\u201d, dice en broma. Y no. No es que \u00e9l y su grupo de investigaci\u00f3n sean una suerte de pitonisos, sino que ya estamos viviendo las consecuencias del cambio clim\u00e1tico: unas sobre las que la ciencia lleva varios a\u00f1os advirtiendo.<\/p>\n","protected":false},"excerpt":{"rendered":"<p>&nbsp; &nbsp; &#8211; Hay tres regiones donde estas condiciones est\u00e1n por encima del promedio: el norte del Amazonas, el Gran Chaco y la cuenca de&hellip;<\/p>\n","protected":false},"author":99,"featured_media":522560,"comment_status":"open","ping_status":"open","sticky":false,"template":"","format":"standard","meta":{"footnotes":""},"categories":[23],"tags":[],"class_list":["post-522559","post","type-post","status-publish","format-standard","has-post-thumbnail","hentry","category-latinoamerica"],"_links":{"self":[{"href":"https:\/\/diarioelpopular.com\/index.php\/wp-json\/wp\/v2\/posts\/522559","targetHints":{"allow":["GET"]}}],"collection":[{"href":"https:\/\/diarioelpopular.com\/index.php\/wp-json\/wp\/v2\/posts"}],"about":[{"href":"https:\/\/diarioelpopular.com\/index.php\/wp-json\/wp\/v2\/types\/post"}],"author":[{"embeddable":true,"href":"https:\/\/diarioelpopular.com\/index.php\/wp-json\/wp\/v2\/users\/99"}],"replies":[{"embeddable":true,"href":"https:\/\/diarioelpopular.com\/index.php\/wp-json\/wp\/v2\/comments?post=522559"}],"version-history":[{"count":1,"href":"https:\/\/diarioelpopular.com\/index.php\/wp-json\/wp\/v2\/posts\/522559\/revisions"}],"predecessor-version":[{"id":522561,"href":"https:\/\/diarioelpopular.com\/index.php\/wp-json\/wp\/v2\/posts\/522559\/revisions\/522561"}],"wp:featuredmedia":[{"embeddable":true,"href":"https:\/\/diarioelpopular.com\/index.php\/wp-json\/wp\/v2\/media\/522560"}],"wp:attachment":[{"href":"https:\/\/diarioelpopular.com\/index.php\/wp-json\/wp\/v2\/media?parent=522559"}],"wp:term":[{"taxonomy":"category","embeddable":true,"href":"https:\/\/diarioelpopular.com\/index.php\/wp-json\/wp\/v2\/categories?post=522559"},{"taxonomy":"post_tag","embeddable":true,"href":"https:\/\/diarioelpopular.com\/index.php\/wp-json\/wp\/v2\/tags?post=522559"}],"curies":[{"name":"wp","href":"https:\/\/api.w.org\/{rel}","templated":true}]}}