{"id":522613,"date":"2024-10-12T09:45:32","date_gmt":"2024-10-12T13:45:32","guid":{"rendered":"https:\/\/diarioelpopular.com\/?p=522613"},"modified":"2024-10-12T09:47:17","modified_gmt":"2024-10-12T13:47:17","slug":"522613","status":"publish","type":"post","link":"https:\/\/diarioelpopular.com\/index.php\/2024\/10\/12\/522613\/","title":{"rendered":"Canad\u00e1 tiene ahora un plan de atenci\u00f3n farmac\u00e9utica universal"},"content":{"rendered":"<p><img loading=\"lazy\" decoding=\"async\" class=\"alignnone size-custom-full-size wp-image-522614\" src=\"https:\/\/diarioelpopular.com\/wp-content\/uploads\/2024\/10\/Screen-Shot-2024-10-12-at-9.45.01-AM-636x410.png\" alt=\"\" width=\"636\" height=\"410\" srcset=\"https:\/\/diarioelpopular.com\/wp-content\/uploads\/2024\/10\/Screen-Shot-2024-10-12-at-9.45.01-AM-636x410.png 636w, https:\/\/diarioelpopular.com\/wp-content\/uploads\/2024\/10\/Screen-Shot-2024-10-12-at-9.45.01-AM-300x193.png 300w, https:\/\/diarioelpopular.com\/wp-content\/uploads\/2024\/10\/Screen-Shot-2024-10-12-at-9.45.01-AM-768x495.png 768w, https:\/\/diarioelpopular.com\/wp-content\/uploads\/2024\/10\/Screen-Shot-2024-10-12-at-9.45.01-AM-85x55.png 85w, https:\/\/diarioelpopular.com\/wp-content\/uploads\/2024\/10\/Screen-Shot-2024-10-12-at-9.45.01-AM-113x73.png 113w, https:\/\/diarioelpopular.com\/wp-content\/uploads\/2024\/10\/Screen-Shot-2024-10-12-at-9.45.01-AM.png 828w\" sizes=\"auto, (max-width: 636px) 100vw, 636px\" \/><\/p>\n<p>&nbsp;<\/p>\n<ul>\n<li><em><strong>El proyecto de ley de atenci\u00f3n farmac\u00e9utica universal del gobierno federal acaba de aprobarse, lo que significa que los ciudadanos est\u00e1n un paso m\u00e1s cerca de obtener cobertura para ciertos medicamentos recetados.<\/strong><\/em><\/li>\n<\/ul>\n<p>&nbsp;<\/p>\n<p>Este viernes, la Ley de Atenci\u00f3n Farmac\u00e9utica recibi\u00f3 la sanci\u00f3n real y entr\u00f3 en vigor de inmediato, pero eso no significa necesariamente que la cobertura comience de inmediato.<\/p>\n<p>Seg\u00fan Health Canada, el Ministro de Salud Mark Holland trabajar\u00e1 ahora con las provincias y territorios para alcanzar acuerdos bilaterales para proporcionar acceso universal, de pagador \u00fanico y con el primer d\u00f3lar, a una variedad de anticonceptivos y medicamentos para la diabetes como parte de la primera fase del programa nacional de atenci\u00f3n farmac\u00e9utica universal.<\/p>\n<p>&#8220;Todos en Canad\u00e1 merecen acceso a la atenci\u00f3n que necesitan, incluidos los medicamentos recetados&#8221;, dijo Holland en una declaraci\u00f3n.<\/p>\n<p>&#8220;Nuestro plan para el acceso universal a la anticoncepci\u00f3n significa libertad y elecci\u00f3n reproductiva y el acceso a los medicamentos para la diabetes es un paso transformador hacia la mejora de los resultados de salud y la equidad en materia de salud en Canad\u00e1&#8221;.<\/p>\n<p>Aunque el proyecto de ley cubrir\u00e1 de inmediato los medicamentos para la diabetes y los anticonceptivos, tambi\u00e9n exigir\u00e1 a la Agencia Canadiense de Medicamentos que elabore una lista de medicamentos esenciales y productos relacionados para informar el desarrollo de un formulario nacional, que es una estrategia de compra a granel para ayudar a reducir los precios de los medicamentos.<\/p>\n<p>&#8220;El Gobierno de Canad\u00e1 consultar\u00e1 con las provincias, territorios, pueblos ind\u00edgenas y otros socios y partes interesadas sobre el camino a seguir para mejorar la accesibilidad, la asequibilidad y el uso apropiado de los productos farmac\u00e9uticos&#8221;, afirm\u00f3 Health Canada.<\/p>\n<p>La agencia gubernamental dice que la legislaci\u00f3n proporcionar\u00e1 anticonceptivos gratuitos a hasta nueve millones de mujeres y personas de g\u00e9nero diverso en Canad\u00e1.<\/p>\n<p>Adem\u00e1s, los 3,7 millones de personas que viven con diabetes tendr\u00e1n acceso universal a medicamentos que reducen el riesgo de complicaciones graves de salud y mejoran la calidad de vida.<\/p>\n<p>British Columbia es la primera provincia en firmar un memorando de entendimiento con el gobierno federal para lanzar el programa de asistencia farmac\u00e9utica.<\/p>\n<p>En una reuni\u00f3n de ministros de salud del G7 en Italia el viernes, Holland dijo que tiene como objetivo asegurar acuerdos de asistencia farmac\u00e9utica con todas las provincias y territorios para la pr\u00f3xima primavera.<\/p>\n<p>El acuerdo de suministro y confianza cancelado entre el NDP y los liberales depend\u00eda en un principio de que se hiciera realidad el seguro farmac\u00e9utico universal.<\/p>\n","protected":false},"excerpt":{"rendered":"<p>&nbsp; El proyecto de ley de atenci\u00f3n farmac\u00e9utica universal del gobierno federal acaba de aprobarse, lo que significa que los ciudadanos est\u00e1n un paso m\u00e1s&hellip;<\/p>\n","protected":false},"author":99,"featured_media":522614,"comment_status":"open","ping_status":"open","sticky":false,"template":"","format":"standard","meta":{"footnotes":""},"categories":[21,11191],"tags":[],"class_list":["post-522613","post","type-post","status-publish","format-standard","has-post-thumbnail","hentry","category-canada","category-top-news"],"_links":{"self":[{"href":"https:\/\/diarioelpopular.com\/index.php\/wp-json\/wp\/v2\/posts\/522613","targetHints":{"allow":["GET"]}}],"collection":[{"href":"https:\/\/diarioelpopular.com\/index.php\/wp-json\/wp\/v2\/posts"}],"about":[{"href":"https:\/\/diarioelpopular.com\/index.php\/wp-json\/wp\/v2\/types\/post"}],"author":[{"embeddable":true,"href":"https:\/\/diarioelpopular.com\/index.php\/wp-json\/wp\/v2\/users\/99"}],"replies":[{"embeddable":true,"href":"https:\/\/diarioelpopular.com\/index.php\/wp-json\/wp\/v2\/comments?post=522613"}],"version-history":[{"count":3,"href":"https:\/\/diarioelpopular.com\/index.php\/wp-json\/wp\/v2\/posts\/522613\/revisions"}],"predecessor-version":[{"id":522617,"href":"https:\/\/diarioelpopular.com\/index.php\/wp-json\/wp\/v2\/posts\/522613\/revisions\/522617"}],"wp:featuredmedia":[{"embeddable":true,"href":"https:\/\/diarioelpopular.com\/index.php\/wp-json\/wp\/v2\/media\/522614"}],"wp:attachment":[{"href":"https:\/\/diarioelpopular.com\/index.php\/wp-json\/wp\/v2\/media?parent=522613"}],"wp:term":[{"taxonomy":"category","embeddable":true,"href":"https:\/\/diarioelpopular.com\/index.php\/wp-json\/wp\/v2\/categories?post=522613"},{"taxonomy":"post_tag","embeddable":true,"href":"https:\/\/diarioelpopular.com\/index.php\/wp-json\/wp\/v2\/tags?post=522613"}],"curies":[{"name":"wp","href":"https:\/\/api.w.org\/{rel}","templated":true}]}}