{"id":522618,"date":"2024-10-12T09:52:58","date_gmt":"2024-10-12T13:52:58","guid":{"rendered":"https:\/\/diarioelpopular.com\/?p=522618"},"modified":"2024-10-12T09:52:58","modified_gmt":"2024-10-12T13:52:58","slug":"evo-morales-se-refugia-en-su-bastion-cocalero-frente-a-la-orden-de-arresto-por-acusaciones-en-abuso-de-menores","status":"publish","type":"post","link":"https:\/\/diarioelpopular.com\/index.php\/2024\/10\/12\/evo-morales-se-refugia-en-su-bastion-cocalero-frente-a-la-orden-de-arresto-por-acusaciones-en-abuso-de-menores\/","title":{"rendered":"Evo Morales se refugia en su basti\u00f3n cocalero frente a la orden de arresto por acusaciones en abuso de menores"},"content":{"rendered":"<div id=\"attachment_522619\" style=\"width: 1210px\" class=\"wp-caption alignnone\"><img loading=\"lazy\" decoding=\"async\" aria-describedby=\"caption-attachment-522619\" class=\"wp-image-522619 size-custom-big-size\" src=\"https:\/\/diarioelpopular.com\/wp-content\/uploads\/2024\/10\/Screen-Shot-2024-10-12-at-9.52.14-AM-1200x676.png\" alt=\"\" width=\"1200\" height=\"676\" srcset=\"https:\/\/diarioelpopular.com\/wp-content\/uploads\/2024\/10\/Screen-Shot-2024-10-12-at-9.52.14-AM-1200x676.png 1200w, https:\/\/diarioelpopular.com\/wp-content\/uploads\/2024\/10\/Screen-Shot-2024-10-12-at-9.52.14-AM-300x169.png 300w, https:\/\/diarioelpopular.com\/wp-content\/uploads\/2024\/10\/Screen-Shot-2024-10-12-at-9.52.14-AM-768x433.png 768w, https:\/\/diarioelpopular.com\/wp-content\/uploads\/2024\/10\/Screen-Shot-2024-10-12-at-9.52.14-AM-636x358.png 636w, https:\/\/diarioelpopular.com\/wp-content\/uploads\/2024\/10\/Screen-Shot-2024-10-12-at-9.52.14-AM-130x73.png 130w, https:\/\/diarioelpopular.com\/wp-content\/uploads\/2024\/10\/Screen-Shot-2024-10-12-at-9.52.14-AM.png 1024w\" sizes=\"auto, (max-width: 1200px) 100vw, 1200px\" \/><p id=\"caption-attachment-522619\" class=\"wp-caption-text\">Evo Morales expresidente de Bolivia durante una conferencia de prensa en Cochabamba, Bolivia, el 8 de octubre de 2024.\u00a0 Patricia Pinto (REUTERS)<\/p><\/div>\n<p>&nbsp;<\/p>\n<p>&nbsp;<\/p>\n<h4 class=\"a_st\"><em>&#8211; Los seguidores del expresidente de Bolivia acampan en los accesos a Villa Tunari, en el Chapare, para disuadir al Gobierno de ejecutar una eventual aprehensi\u00f3n<\/em><\/h4>\n<p>&nbsp;<\/p>\n<p class=\"\">Miles de campesinos del Chapare, el hogar y basti\u00f3n de Evo Morales, han salido a los caminos a realizar vigilias que buscan\u00a0<a href=\"https:\/\/elpais.com\/america\/2024-10-10\/la-fiscalia-de-bolivia-emite-una-orden-de-arresto-contra-evo-morales-acusado-de-violar-a-una-menor.html\" data-link-track-dtm=\"\" data-mrf-link=\"https:\/\/elpais.com\/america\/2024-10-10\/la-fiscalia-de-bolivia-emite-una-orden-de-arresto-contra-evo-morales-acusado-de-violar-a-una-menor.html\">disuadir a la polic\u00eda de ejecutar la orden de arresto<\/a>\u00a0que enfrenta el expresidente de Bolivia. En las dos entradas de la carretera que pasa por Villa Tunari, la peque\u00f1a ciudad en la zona de cocales de Bolivia donde vive Morales, sus compa\u00f1eros de muchas luchas sociales y pol\u00edticas han levantado campamentos. \u201cEl bloqueo de caminos se inicia si sale cualquier orden de aprehensi\u00f3n. Los puntos de bloqueo est\u00e1n listos\u201d, declar\u00f3 uno de sus dirigentes a la televisi\u00f3n. Antes, este sector amenaz\u00f3 con \u201cincendiar el pa\u00eds\u201d si las autoridades deten\u00edan al jefe cocalero.<\/p>\n<p class=\"\">Evo Morales es investigado por la fiscal\u00eda por \u201cestupro agravado con trata de personas\u201d, porque\u00a0<a href=\"https:\/\/elpais.com\/america\/2024-10-04\/evo-morales-rechaza-la-acusacion-de-abuso-de-menores-todo-falso-no-se-metan-con-la-familia.html\" data-link-track-dtm=\"\" data-mrf-link=\"https:\/\/elpais.com\/america\/2024-10-04\/evo-morales-rechaza-la-acusacion-de-abuso-de-menores-todo-falso-no-se-metan-con-la-familia.html\">supuestamente tuvo una hija en 2016 con una adolescente de 15 a\u00f1os\u00a0<\/a>a cambio de favores pol\u00edticos para los padres de la menor. Deb\u00eda declarar el 10 de octubre, pero no se present\u00f3, alegando \u201cfalta de garant\u00edas\u201d, as\u00ed que el pr\u00f3ximo paso en el procedimiento es su detenci\u00f3n.<\/p>\n<p class=\"\">Est\u00e1 refugiado en el Chapare mientras sus abogados intentan plantear recursos legales para bajar la presi\u00f3n sobre \u00e9l.\u00a0<a href=\"https:\/\/elpais.com\/america\/2024-09-24\/evo-morales-lleva-su-guerra-contra-el-presidente-arce-a-la-paz-y-le-sugiere-que-debe-renunciar.html\" data-link-track-dtm=\"\" data-mrf-link=\"https:\/\/elpais.com\/america\/2024-09-24\/evo-morales-lleva-su-guerra-contra-el-presidente-arce-a-la-paz-y-le-sugiere-que-debe-renunciar.html\">Morales ha se\u00f1alado que el Gobierno del \u201ctraidor\u201d Luis Arce \u201cest\u00e1 forzando un proceso penal\u201d<\/a>\u00a0porque se ha desplomado en las encuestas, mientras que \u00e9l es el favorito de los sondeos para las elecciones de 2025. \u201cInventando acusaciones, torciendo las leyes y con la complicidad de sicarios de la justicia pretenden detenernos y acabar con nuestra vida. El objetivo es descabezar al movimiento popular boliviano\u201d, escribi\u00f3 en X.<\/p>\n<p class=\"\">Las autoridades policiales informaron que hab\u00edan arrestado al padre de la muchacha que la fiscal\u00eda ha identificado como la menor que en 2016 \u201cfue entregada\u201d por sus progenitores al entonces presidente, a cambio de posiciones secundarias en el aparato del Estado. Esta detenci\u00f3n se debe a que el padre tampoco asisti\u00f3 a declarar, tal como le exigi\u00f3 la comisi\u00f3n del Ministerio P\u00fablico encargada de la investigaci\u00f3n en Tarija, la regi\u00f3n boliviana en la que vive la supuesta v\u00edctima del estupro y su familia. Seg\u00fan el abogado de Morales, Jorge P\u00e9rez, el caso \u201cnaci\u00f3 muerto\u201d, porque no hay denuncias de la presunta v\u00edctima ni de su entorno.<\/p>\n<p class=\"\">La comisi\u00f3n de fiscales dirigida por Sandra Guti\u00e9rrez reactiv\u00f3 a fines de septiembre una denuncia que ya hab\u00eda sido realizada por los enemigos de Morales en 2019, pero que otro fiscal rechaz\u00f3 investigar ese mismo a\u00f1o. En aquella ocasi\u00f3n, el signo pol\u00edtico de quienes impulsaban la demanda era completamente diferente, se trataba de los encargados de seguridad del Gabinete de Jeanine A\u00f1ez, que se form\u00f3 tras el derrocamiento del presidente ind\u00edgena. Ahora, quienes impulsan la acci\u00f3n judicial son miembros del Gabinete de Arce y militantes del mismo partido que Morales fund\u00f3 en los a\u00f1os noventa. Seg\u00fan los evistas, Guti\u00e9rrez, que fue ministra en los gobiernos de Evo Morales, est\u00e1 actuando por orden del Gobierno.<\/p>\n<p class=\"\">La guerra interna del MAS se ha intensificado hasta este punto luego de dos a\u00f1os de disputas ret\u00f3ricas y escaramuzas por la propiedad del partido. La escalada comenz\u00f3 con el anuncio del presidente Arce de convocar a un referendo para legitimar con el voto popular una controvertida interpretaci\u00f3n de la Constituci\u00f3n realizada por el Tribunal Constitucional, considerado cercano al oficialismo, que<a href=\"https:\/\/elpais.com\/america\/2024-09-17\/evo-morales-marcha-contra-luis-arce-y-reclama-su-habilitacion-en-las-elecciones-bolivianas.html\" data-link-track-dtm=\"\" data-mrf-link=\"https:\/\/elpais.com\/america\/2024-09-17\/evo-morales-marcha-contra-luis-arce-y-reclama-su-habilitacion-en-las-elecciones-bolivianas.html\">\u00a0inhabilita a Morales para ser nuevamente candidato a la presidencia del pa\u00eds.\u00a0<\/a>Tras la presentaci\u00f3n del proyecto de referendo, que hasta ahora no se ha formalizado, el exmandatario organiz\u00f3 una marcha de protesta contra la crisis econ\u00f3mica y por su candidatura en el transcurso de la cual los dirigentes evistas no escondieron su deseo de que Arce renunciara a su cargo. D\u00edas despu\u00e9s de que esta protesta acabara, diferentes actores vinculados al oficialismo<a href=\"https:\/\/elpais.com\/america\/2024-10-03\/el-gobierno-boliviano-achica-el-cerco-judicial-alrededor-de-evo-morales.html\" data-link-track-dtm=\"\" data-mrf-link=\"https:\/\/elpais.com\/america\/2024-10-03\/el-gobierno-boliviano-achica-el-cerco-judicial-alrededor-de-evo-morales.html\">\u00a0iniciaron casi simult\u00e1neamente cuatro procesos contra Morales.<\/a><\/p>\n<p class=\"\">La invetigaci\u00f3n por abuso es el m\u00e1s grave porque ha sido asociado por las autoridades al delito de trata de personas o incitaci\u00f3n a la prostituci\u00f3n, que tiene penas elevadas y permite que la fiscal\u00eda act\u00fae de oficio, sin necesidad de la participaci\u00f3n de la v\u00edctima. Tambi\u00e9n es un proceso envenenado por la historia personal del expresidente, que ha sido relacionado con muchachas menores de edad en m\u00e1s de una ocasi\u00f3n en el pasado.<\/p>\n<p class=\"\">Como contrataque, un importante diputado del evismo ha presentado a la prensa a una mujer que\u00a0<a href=\"https:\/\/elpais.com\/america\/2024-10-08\/luis-arce-denunciado-por-abuso-sexual-en-bolivia-en-plena-pelea-con-evo-morales.html\" data-link-track-dtm=\"\" data-mrf-link=\"https:\/\/elpais.com\/america\/2024-10-08\/luis-arce-denunciado-por-abuso-sexual-en-bolivia-en-plena-pelea-con-evo-morales.html\">aleg\u00f3 haber tenido una relaci\u00f3n sentimental de medio a\u00f1o con el presidente Arce,<\/a>\u00a0supuestamente con abusos sexuales y a cambio de favores econ\u00f3micos. Arce no se ha pronunciado sobre esto, mientras que algunos voceros del oficialismo han salido a cuestionar la credibilidad de la denunciante.<\/p>\n","protected":false},"excerpt":{"rendered":"<p>&nbsp; &nbsp; &#8211; Los seguidores del expresidente de Bolivia acampan en los accesos a Villa Tunari, en el Chapare, para disuadir al Gobierno de ejecutar&hellip;<\/p>\n","protected":false},"author":99,"featured_media":522619,"comment_status":"open","ping_status":"open","sticky":false,"template":"","format":"standard","meta":{"footnotes":""},"categories":[23],"tags":[],"class_list":["post-522618","post","type-post","status-publish","format-standard","has-post-thumbnail","hentry","category-latinoamerica"],"_links":{"self":[{"href":"https:\/\/diarioelpopular.com\/index.php\/wp-json\/wp\/v2\/posts\/522618","targetHints":{"allow":["GET"]}}],"collection":[{"href":"https:\/\/diarioelpopular.com\/index.php\/wp-json\/wp\/v2\/posts"}],"about":[{"href":"https:\/\/diarioelpopular.com\/index.php\/wp-json\/wp\/v2\/types\/post"}],"author":[{"embeddable":true,"href":"https:\/\/diarioelpopular.com\/index.php\/wp-json\/wp\/v2\/users\/99"}],"replies":[{"embeddable":true,"href":"https:\/\/diarioelpopular.com\/index.php\/wp-json\/wp\/v2\/comments?post=522618"}],"version-history":[{"count":1,"href":"https:\/\/diarioelpopular.com\/index.php\/wp-json\/wp\/v2\/posts\/522618\/revisions"}],"predecessor-version":[{"id":522620,"href":"https:\/\/diarioelpopular.com\/index.php\/wp-json\/wp\/v2\/posts\/522618\/revisions\/522620"}],"wp:featuredmedia":[{"embeddable":true,"href":"https:\/\/diarioelpopular.com\/index.php\/wp-json\/wp\/v2\/media\/522619"}],"wp:attachment":[{"href":"https:\/\/diarioelpopular.com\/index.php\/wp-json\/wp\/v2\/media?parent=522618"}],"wp:term":[{"taxonomy":"category","embeddable":true,"href":"https:\/\/diarioelpopular.com\/index.php\/wp-json\/wp\/v2\/categories?post=522618"},{"taxonomy":"post_tag","embeddable":true,"href":"https:\/\/diarioelpopular.com\/index.php\/wp-json\/wp\/v2\/tags?post=522618"}],"curies":[{"name":"wp","href":"https:\/\/api.w.org\/{rel}","templated":true}]}}