{"id":522625,"date":"2024-10-12T10:07:47","date_gmt":"2024-10-12T14:07:47","guid":{"rendered":"https:\/\/diarioelpopular.com\/?p=522625"},"modified":"2024-10-12T10:07:47","modified_gmt":"2024-10-12T14:07:47","slug":"entre-la-admiracion-y-la-arrogancia-las-impresiones-que-einstein-se-hizo-de-tres-paises-de-sudamerica","status":"publish","type":"post","link":"https:\/\/diarioelpopular.com\/index.php\/2024\/10\/12\/entre-la-admiracion-y-la-arrogancia-las-impresiones-que-einstein-se-hizo-de-tres-paises-de-sudamerica\/","title":{"rendered":"Entre la &#8220;admiraci\u00f3n&#8221; y la &#8220;arrogancia&#8221;: las impresiones que Einstein se hizo de tres pa\u00edses de Sudam\u00e9rica"},"content":{"rendered":"<div id=\"attachment_522626\" style=\"width: 646px\" class=\"wp-caption alignnone\"><img loading=\"lazy\" decoding=\"async\" aria-describedby=\"caption-attachment-522626\" class=\"wp-image-522626 size-custom-full-size\" src=\"https:\/\/diarioelpopular.com\/wp-content\/uploads\/2024\/10\/Screen-Shot-2024-10-12-at-10.07.09-AM-636x362.png\" alt=\"\" width=\"636\" height=\"362\" srcset=\"https:\/\/diarioelpopular.com\/wp-content\/uploads\/2024\/10\/Screen-Shot-2024-10-12-at-10.07.09-AM-636x362.png 636w, https:\/\/diarioelpopular.com\/wp-content\/uploads\/2024\/10\/Screen-Shot-2024-10-12-at-10.07.09-AM-300x171.png 300w, https:\/\/diarioelpopular.com\/wp-content\/uploads\/2024\/10\/Screen-Shot-2024-10-12-at-10.07.09-AM-768x437.png 768w, https:\/\/diarioelpopular.com\/wp-content\/uploads\/2024\/10\/Screen-Shot-2024-10-12-at-10.07.09-AM-128x73.png 128w, https:\/\/diarioelpopular.com\/wp-content\/uploads\/2024\/10\/Screen-Shot-2024-10-12-at-10.07.09-AM.png 1024w\" sizes=\"auto, (max-width: 636px) 100vw, 636px\" \/><p id=\"caption-attachment-522626\" class=\"wp-caption-text\">El Nobel de F\u00edsica en Buenos Aires, en 1925.<\/p><\/div>\n<p>&nbsp;<\/p>\n<p>&nbsp;<\/p>\n<div class=\"bbc-19j92fr ebmt73l0\" dir=\"ltr\">\n<ul>\n<li class=\"bbc-hhl7in e17g058b0\" dir=\"ltr\"><em><b>Albert Einstein plasm\u00f3 en ellos algunos de sus pensamientos m\u00e1s \u00edntimos.<\/b><\/em><\/li>\n<\/ul>\n<\/div>\n<div class=\"bbc-19j92fr ebmt73l0\" dir=\"ltr\">\n<p dir=\"ltr\">\n<p class=\"bbc-hhl7in e17g058b0\" dir=\"ltr\">En sus diarios de viaje, el hombre que revolucion\u00f3 la f\u00edsica no tuvo filtros.<\/p>\n<\/div>\n<div class=\"bbc-19j92fr ebmt73l0\" dir=\"ltr\">\n<p class=\"bbc-hhl7in e17g058b0\" dir=\"ltr\">Su intenci\u00f3n no era que fuesen publicados, pero ocurri\u00f3 y eso nos permite conocer sus impresiones sobre los pa\u00edses que visit\u00f3.<\/p>\n<\/div>\n<div class=\"bbc-19j92fr ebmt73l0\" dir=\"ltr\">\n<p class=\"bbc-hhl7in e17g058b0\" dir=\"ltr\">&#8220;Algo que es realmente interesante es que sus diarios revelan\u00a0una clara discrepancia\u00a0entre sus pronunciamientos p\u00fablicos, que eran progresistas y humanitarios, que invitaban a la tolerancia, y algunos pasajes de sus notas privadas, en los que expresaba prejuicios y estereotipos sobre las personas que conoci\u00f3&#8221;.<\/p>\n<\/div>\n<section class=\"bbc-geybui\" role=\"region\" aria-label=\"Publicidad 2\" aria-hidden=\"true\" data-e2e=\"advertisement\"><\/section>\n<div class=\"bbc-19j92fr ebmt73l0\" dir=\"ltr\">\n<p class=\"bbc-hhl7in e17g058b0\" dir=\"ltr\">Esa advertencia nos la hab\u00eda hecho, en 2018, el historiador Ze&#8217;ev Rosenkranz, a quien hab\u00edamos contactado por la publicaci\u00f3n de &#8220;<i class=\"bbc-h1y5j7 eih42320\">The Travel Diaries of Albert Einstein: The Far East, Palestine, and Spain, 1922 &#8211; 1923<\/i>&#8221; (Los diarios de viaje de Albert Einstein: el Lejano Oriente, Palestina y Espa\u00f1a, 1922-1923), libro del cual fue el editor.<\/p>\n<\/div>\n<div class=\"bbc-1n4f7vm ebmt73l0\" dir=\"ltr\"><\/div>\n<div class=\"bbc-19j92fr ebmt73l0\" dir=\"ltr\">\n<p class=\"bbc-hhl7in e17g058b0\" dir=\"ltr\">En aquella entrevista nos cont\u00f3 que la opini\u00f3n del cient\u00edfico sobre los japoneses fue positiva, un contraste con la que ten\u00eda de los chinos, a quienes describi\u00f3 como &#8220;gente trabajadora, asquerosa y obtusa&#8221;.<\/p>\n<\/div>\n<div class=\"bbc-19j92fr ebmt73l0\" dir=\"ltr\">\n<p class=\"bbc-hhl7in e17g058b0\" dir=\"ltr\">Rosenkranz es el senior editor de\u00a0<i class=\"bbc-h1y5j7 eih42320\">The Collected Papers of Albert Einstein,<\/i>\u00a0un proyecto del Instituto de Tecnolog\u00eda de California que ha reunido, traducido y publicado miles de documentos del Nobel alem\u00e1n y que cuenta con la colaboraci\u00f3n de la Universidad de Princeton de Estados Unidos y la Universidad Hebrea de Jerusal\u00e9n.<\/p>\n<\/div>\n<div class=\"bbc-19j92fr ebmt73l0\" dir=\"ltr\">\n<p class=\"bbc-hhl7in e17g058b0\" dir=\"ltr\">Ahora volvimos a contactar al experto\u00a0debido a la edici\u00f3n de &#8220;<i class=\"bbc-h1y5j7 eih42320\">The Travel Diaries of Albert Einstein: South America, 1925<\/i>\u201d (Los diarios de viaje de Albert Einstein: Sudam\u00e9rica, 1925) que public\u00f3 Princeton University Press en 2023, para que nos cuente lo que escribi\u00f3 el f\u00edsico de su estad\u00eda en tres pa\u00edses de la regi\u00f3n.<\/p>\n<\/div>\n<div class=\"bbc-19j92fr ebmt73l0\" dir=\"ltr\">\n<p class=\"bbc-hhl7in e17g058b0\" dir=\"ltr\">En su libro, Rosenkranz nos dice que si bien el f\u00edsico qued\u00f3 encantado con \u201cla cordialidad genuina\u201d de los uruguayos, escribi\u00f3 comentarios muy \u201cduros\u201d sobre los argentinos y expres\u00f3 \u201cun afecto ambivalente por los brasile\u00f1os\u201d.<\/p>\n<\/div>\n<div class=\"bbc-19j92fr ebmt73l0\" dir=\"ltr\">\n<h2 id=\"Un-territorio-in\u00e9dito\" class=\"bbc-1f03ibc eglt09e0\" tabindex=\"-1\">Un territorio in\u00e9dito<\/h2>\n<\/div>\n<div class=\"bbc-19j92fr ebmt73l0\" dir=\"ltr\">\n<p class=\"bbc-hhl7in e17g058b0\" dir=\"ltr\">En marzo de 1925, Einstein se embarc\u00f3 hacia una regi\u00f3n en la que nunca hab\u00eda estado: Sudam\u00e9rica.<\/p>\n<\/div>\n<div class=\"bbc-19j92fr ebmt73l0\" dir=\"ltr\">\n<p class=\"bbc-hhl7in e17g058b0\" dir=\"ltr\">Varios factores pudieron haber influido en su decisi\u00f3n de subirse al barco: desde personales (como alejarse de Berl\u00edn) hasta cient\u00edficos (expandir el conocimiento sobre la teor\u00eda de la relatividad).<\/p>\n<p dir=\"ltr\">\n<\/div>\n<figure class=\"bbc-1qn0xuy\">\n<div class=\"bbc-18ywsw9\">\n<div style=\"width: 986px\" class=\"wp-caption alignnone\"><img loading=\"lazy\" decoding=\"async\" class=\"bbc-139onq\" src=\"https:\/\/ichef.bbci.co.uk\/ace\/ws\/640\/cpsprodpb\/fdde\/live\/50982750-8588-11ef-83dd-fbf1b9732cf0.jpg.webp\" alt=\"Un gran n\u00famero de personas sentadas en un gran sal\u00f3n\" width=\"976\" height=\"740\" \/><p class=\"wp-caption-text\">Fuente de la imagen,Cortes\u00eda: Archivo General de la Naci\u00f3n Argentina.\u00a0As\u00ed se ve\u00eda el sal\u00f3n del Colegio Nacional, de Buenos Aires, durante la conferencia de Einstein.<\/p><\/div>\n<\/div>\n<\/figure>\n<div class=\"bbc-19j92fr ebmt73l0\" dir=\"ltr\">\n<p dir=\"ltr\">\n<p dir=\"ltr\">\n<p class=\"bbc-hhl7in e17g058b0\" dir=\"ltr\">El experto nos recuerda que mucho de lo que se encuentra en los diarios fueron\u00a0las impresiones inmediatas\u00a0que el cient\u00edfico se hizo de los lugares y de las personas que conoci\u00f3, y que gran parte de su contenido fue escrito de forma sumamente concisa.<\/p>\n<\/div>\n<div class=\"bbc-19j92fr ebmt73l0\" dir=\"ltr\">\n<p class=\"bbc-hhl7in e17g058b0\" dir=\"ltr\">Y es que lo que el f\u00edsico pretend\u00eda era tener un registro para s\u00ed y para compartir con Elsa (su segunda esposa) y la hija m\u00e1s joven de ella, Margot, que lo esperaban en Berl\u00edn y que no pudieron acompa\u00f1arlo.<\/p>\n<\/div>\n<div class=\"bbc-19j92fr ebmt73l0\" dir=\"ltr\">\n<p class=\"bbc-hhl7in e17g058b0\" dir=\"ltr\">Einstein se form\u00f3 opiniones diferentes de los tres pa\u00edses, pero lo que parece ser una constante es el impacto positivo que le caus\u00f3 la geograf\u00eda y la naturaleza de la regi\u00f3n.<\/p>\n<\/div>\n<figure class=\"bbc-1qn0xuy\">\n<div class=\"bbc-18ywsw9\"><img loading=\"lazy\" decoding=\"async\" class=\"bbc-139onq\" src=\"https:\/\/ichef.bbci.co.uk\/ace\/ws\/640\/cpsprodpb\/fa59\/live\/937a6a80-8586-11ef-9329-f30486eb2a33.png.webp\" sizes=\"auto, (min-width: 1008px) 760px, 100vw\" srcset=\"https:\/\/ichef.bbci.co.uk\/ace\/ws\/240\/cpsprodpb\/fa59\/live\/937a6a80-8586-11ef-9329-f30486eb2a33.png.webp 240w, https:\/\/ichef.bbci.co.uk\/ace\/ws\/320\/cpsprodpb\/fa59\/live\/937a6a80-8586-11ef-9329-f30486eb2a33.png.webp 320w, https:\/\/ichef.bbci.co.uk\/ace\/ws\/480\/cpsprodpb\/fa59\/live\/937a6a80-8586-11ef-9329-f30486eb2a33.png.webp 480w, https:\/\/ichef.bbci.co.uk\/ace\/ws\/624\/cpsprodpb\/fa59\/live\/937a6a80-8586-11ef-9329-f30486eb2a33.png.webp 624w, https:\/\/ichef.bbci.co.uk\/ace\/ws\/800\/cpsprodpb\/fa59\/live\/937a6a80-8586-11ef-9329-f30486eb2a33.png.webp 800w\" alt=\"Raya gris\" width=\"800\" height=\"100\" \/><\/div>\n<\/figure>\n<div class=\"bbc-19j92fr ebmt73l0\" dir=\"ltr\">\n<h2 id=\"Argentina-una-impresi\u00f3n-compleja\" class=\"bbc-1f03ibc eglt09e0\" tabindex=\"-1\">Argentina, una impresi\u00f3n \u201ccompleja\u201d<\/h2>\n<\/div>\n<div class=\"bbc-19j92fr ebmt73l0\" dir=\"ltr\">\n<p class=\"bbc-hhl7in e17g058b0\" dir=\"ltr\">El primer pa\u00eds de su gira fue Argentina, que -se\u00f1ala Rosenkranz- contaba con una buena infraestructura para la investigaci\u00f3n en matem\u00e1ticas y f\u00edsica, lo cual contrastaba con la situaci\u00f3n en Uruguay y Brasil.<\/p>\n<\/div>\n<div class=\"bbc-19j92fr ebmt73l0\" dir=\"ltr\">\n<p class=\"bbc-hhl7in e17g058b0\" dir=\"ltr\">En Argentina ya se discut\u00eda la teor\u00eda de la relatividad.<\/p>\n<\/div>\n<div class=\"bbc-19j92fr ebmt73l0\" dir=\"ltr\">\n<p class=\"bbc-hhl7in e17g058b0\" dir=\"ltr\">Desde ese pa\u00eds, el Nobel de F\u00edsica hab\u00eda recibido varias invitaciones y no solo desde los c\u00edrculos acad\u00e9micos, sino por parte de la comunidad jud\u00eda.<\/p>\n<p dir=\"ltr\">\n<\/div>\n<figure class=\"bbc-1qn0xuy\">\n<div class=\"bbc-18ywsw9\">\n<div style=\"width: 986px\" class=\"wp-caption alignnone\"><img loading=\"lazy\" decoding=\"async\" class=\"bbc-139onq\" src=\"https:\/\/ichef.bbci.co.uk\/ace\/ws\/640\/cpsprodpb\/6294\/live\/71c8d100-8587-11ef-83dd-fbf1b9732cf0.jpg.webp\" alt=\"Einstein en el medio con un grupo grande de personas\" width=\"976\" height=\"746\" \/><p class=\"wp-caption-text\">Fuente de la imagen,Cortes\u00eda: Archivo General de la Naci\u00f3n Argentina.\u00a0Einstein en compa\u00f1\u00eda de miembros de la comunidad jud\u00eda sefard\u00ed en Buenos Aires.<\/p><\/div>\n<\/div>\n<\/figure>\n<div class=\"bbc-19j92fr ebmt73l0\" dir=\"ltr\">\n<p dir=\"ltr\">\n<p dir=\"ltr\">\n<p class=\"bbc-hhl7in e17g058b0\" dir=\"ltr\">Y es que Einstein era una celebridad internacional, lo que hizo que su agenda estuviera repleta de compromisos.<\/p>\n<\/div>\n<div class=\"bbc-19j92fr ebmt73l0\" dir=\"ltr\">\n<p class=\"bbc-hhl7in e17g058b0\" dir=\"ltr\">\u201cLa impresi\u00f3n que Einstein se hace de Argentina es compleja\u201d, dice Rosenkranz.<\/p>\n<\/div>\n<div class=\"bbc-19j92fr ebmt73l0\" dir=\"ltr\">\n<p class=\"bbc-hhl7in e17g058b0\" dir=\"ltr\">\u201cLleg\u00f3 con preconcepciones sobre Argentina, sobre Sudam\u00e9rica en general, y creo que no se apart\u00f3 de ellas\u201d.<\/p>\n<\/div>\n<div class=\"bbc-19j92fr ebmt73l0\" dir=\"ltr\">\n<p class=\"bbc-hhl7in e17g058b0\" dir=\"ltr\">Al inicio, dice el experto, el f\u00edsico tuvo impresiones muy positivas, espec\u00edficamente de acad\u00e9micos, como fue el caso del rector de la Universidad de Buenos Aires, Jos\u00e9 Arce, y del fil\u00f3sofo Coriolano Alberini.<\/p>\n<\/div>\n<div class=\"bbc-19j92fr ebmt73l0\" dir=\"ltr\">\n<p class=\"bbc-hhl7in e17g058b0\" dir=\"ltr\">Tras su primera conferencia cient\u00edfica, expres\u00f3 complacencia por la presencia de estudiantes j\u00f3venes interesados en los temas que abord\u00f3.<\/p>\n<\/div>\n<div class=\"bbc-19j92fr ebmt73l0\" dir=\"ltr\">\n<p class=\"bbc-hhl7in e17g058b0\" dir=\"ltr\">Sin embargo, despu\u00e9s de un tiempo, las opiniones favorables se volvieron la excepci\u00f3n.<\/p>\n<p dir=\"ltr\">\n<\/div>\n<figure class=\"bbc-1qn0xuy\">\n<div class=\"bbc-18ywsw9\">\n<div style=\"width: 986px\" class=\"wp-caption alignnone\"><img loading=\"lazy\" decoding=\"async\" class=\"bbc-139onq\" src=\"https:\/\/ichef.bbci.co.uk\/ace\/ws\/640\/cpsprodpb\/97c4\/live\/48b993b0-8589-11ef-83dd-fbf1b9732cf0.jpg.webp\" alt=\"Einstein en plena presentaci\u00f3n\" width=\"976\" height=\"741\" \/><p class=\"wp-caption-text\">Fuente de la imagen,Cortes\u00eda: Archivo General de la Naci\u00f3n Argentina.\u00a0En Argentina, el f\u00edsico particip\u00f3 en diferentes eventos.<\/p><\/div>\n<\/div>\n<\/figure>\n<div class=\"bbc-19j92fr ebmt73l0\" dir=\"ltr\">\n<p dir=\"ltr\">\n<p dir=\"ltr\">\n<p class=\"bbc-hhl7in e17g058b0\" dir=\"ltr\">Einstein estuvo un mes en Argentina.<\/p>\n<\/div>\n<div class=\"bbc-19j92fr ebmt73l0\" dir=\"ltr\">\n<p class=\"bbc-hhl7in e17g058b0\" dir=\"ltr\">\u201cDe los tres pa\u00edses, es del que se forma una impresi\u00f3n m\u00e1s profunda, pero en general no es positiva\u201d.<\/p>\n<\/div>\n<div class=\"bbc-19j92fr ebmt73l0\" dir=\"ltr\">\n<p class=\"bbc-hhl7in e17g058b0\" dir=\"ltr\">Rosenkranz cree que Einstein entr\u00f3 al barco con estereotipos y que, en el trayecto, cuando conoci\u00f3 a los primeros argentinos a bordo &#8220;de alguna manera, confirmaron esos estereotipos\u201d.<\/p>\n<\/div>\n<div class=\"bbc-19j92fr ebmt73l0\" dir=\"ltr\">\n<p class=\"bbc-hhl7in e17g058b0\" dir=\"ltr\">Incluso, poco antes del viaje, le escribi\u00f3 a un amigo que estaba entusiasmado por la traves\u00eda, pero no por los compromisos sociales con \u201clos indios semicultos\u00a0que est\u00e1n all\u00ed vestidos con sus esm\u00f3quines\u201d.<\/p>\n<\/div>\n<div class=\"bbc-19j92fr ebmt73l0\" dir=\"ltr\">\n<p class=\"bbc-hhl7in e17g058b0\" dir=\"ltr\">\u201cLo encuentro un comentario muy ofensivo porque es como insinuar que la poblaci\u00f3n nativa no ten\u00eda una cultura que \u00e9l valorar\u00eda y que ellos estaban disfraz\u00e1ndose de gala\u201d, le indica el autor a BBC Mundo.<\/p>\n<\/div>\n<div class=\"bbc-19j92fr ebmt73l0\" dir=\"ltr\">\n<p class=\"bbc-hhl7in e17g058b0\" dir=\"ltr\">\u201cDesde su punto de vista elitista invertido, no le gustaban los esm\u00f3quines independientemente de qui\u00e9n los usara. Pero, en este caso, estaba como diciendo que incluso gente que usualmente no se vest\u00eda con esmoquin se lo pon\u00eda\u201d.<\/p>\n<\/div>\n<div class=\"bbc-19j92fr ebmt73l0\" dir=\"ltr\">\n<p class=\"bbc-hhl7in e17g058b0\" dir=\"ltr\">\u201cNo veo c\u00f3mo evitar ver eso como ofensivo, pero quiz\u00e1s es mi punto de vista\u201d.<\/p>\n<p dir=\"ltr\">\n<\/div>\n<figure class=\"bbc-1qn0xuy\">\n<div class=\"bbc-18ywsw9\">\n<div style=\"width: 986px\" class=\"wp-caption alignnone\"><img loading=\"lazy\" decoding=\"async\" class=\"bbc-139onq\" src=\"https:\/\/ichef.bbci.co.uk\/ace\/ws\/640\/cpsprodpb\/aa3c\/live\/fdd408c0-8589-11ef-83dd-fbf1b9732cf0.jpg.webp\" alt=\"Berta Wassermann-Bornberg, Einstein y Else Jerusalem,\" width=\"976\" height=\"1301\" \/><p class=\"wp-caption-text\">Fuente de la imagen,Cortes\u00eda: Archivo General de la Naci\u00f3n Argentina.\u00a0El cient\u00edfico junto a Berta Wassermann-Bornberg y la escritora Else Jerusalem, en Buenos Aires.<\/p><\/div>\n<\/div>\n<\/figure>\n<div class=\"bbc-19j92fr ebmt73l0\" dir=\"ltr\">\n<p dir=\"ltr\">\n<p dir=\"ltr\">\n<p class=\"bbc-hhl7in e17g058b0\" dir=\"ltr\">En su diario, Einstein llam\u00f3 a los argentinos \u201cindios\u201d y \u201cespa\u00f1oles\u201d.<\/p>\n<\/div>\n<div class=\"bbc-19j92fr ebmt73l0\" dir=\"ltr\">\n<p class=\"bbc-hhl7in e17g058b0\" dir=\"ltr\">Rosenkranz me cuenta que investig\u00f3 en qu\u00e9 ocasiones previas el f\u00edsico hab\u00eda usado el t\u00e9rmino \u201cindios\u201d.<\/p>\n<\/div>\n<div class=\"bbc-19j92fr ebmt73l0\" dir=\"ltr\">\n<p class=\"bbc-hhl7in e17g058b0\" dir=\"ltr\">En una oportunidad, se refiri\u00f3 a los \u201cindios\u201d como \u201clos guardianes de \u2018los secretos de la vida natural\u2019\u201d.<\/p>\n<\/div>\n<div class=\"bbc-19j92fr ebmt73l0\" dir=\"ltr\">\n<p class=\"bbc-hhl7in e17g058b0\" dir=\"ltr\">Otro ejemplo es cuando pas\u00f3 unas vacaciones de verano con sus hijos, fuera de Berl\u00edn, y rent\u00f3 una caba\u00f1a. Esa experiencia la compar\u00f3 con \u2018vivir como los indios\u2019 y lo dec\u00eda de una manera positiva\u201d.<\/p>\n<\/div>\n<div class=\"bbc-19j92fr ebmt73l0\" dir=\"ltr\">\n<p class=\"bbc-hhl7in e17g058b0\" dir=\"ltr\">Aunque el investigador reconoce que hoy en d\u00eda probablemente pudiese tener otra connotaci\u00f3n, \u201ccreo que \u00e9l lo dec\u00eda en un sentido favorable\u201d. Al hacer alusi\u00f3n a \u201cindios\u201d, Einstein \u201cse est\u00e1 refiriendo a uno de los grupos \u00e9tnicos de la poblaci\u00f3n con la que se encuentra en Sudam\u00e9rica\u201d, pero termina haciendo una generalizaci\u00f3n.<\/p>\n<\/div>\n<div class=\"bbc-19j92fr ebmt73l0\" dir=\"ltr\">\n<p class=\"bbc-hhl7in e17g058b0\" dir=\"ltr\">En el caso de \u201cespa\u00f1oles\u201d, el autor cree que el f\u00edsico se refer\u00eda a personas que hablaban espa\u00f1ol.<\/p>\n<\/div>\n<div class=\"bbc-19j92fr ebmt73l0\" dir=\"ltr\">\n<p class=\"bbc-hhl7in e17g058b0\" dir=\"ltr\">\u201cPara \u00e9l, probablemente desde su perspectiva como centroeuropeo, no se trataba de una distinci\u00f3n lo suficientemente importante\u201d.<\/p>\n<p dir=\"ltr\">\n<\/div>\n<figure class=\"bbc-1qn0xuy\">\n<div class=\"bbc-18ywsw9\">\n<div style=\"width: 986px\" class=\"wp-caption alignnone\"><img loading=\"lazy\" decoding=\"async\" class=\"bbc-139onq\" src=\"https:\/\/ichef.bbci.co.uk\/ace\/ws\/640\/cpsprodpb\/061c\/live\/2766eca0-8596-11ef-83dd-fbf1b9732cf0.jpg.webp\" alt=\"Avenida de Mayo \" width=\"976\" height=\"778\" \/><p class=\"wp-caption-text\">Fuente de la imagen,Sean Sexton\/Getty Images.\u00a0La Avenida de Mayo en 1925.<\/p><\/div>\n<\/div>\n<\/figure>\n<div class=\"bbc-19j92fr ebmt73l0\" dir=\"ltr\">\n<p dir=\"ltr\">\n<p dir=\"ltr\">\n<p class=\"bbc-hhl7in e17g058b0\" dir=\"ltr\">Aunque percibi\u00f3 a su gente como \u201cdelicada\u201d y \u201celegante\u201d, al Nobel no le agrad\u00f3 Buenos Aires.<\/p>\n<\/div>\n<div class=\"bbc-19j92fr ebmt73l0\" dir=\"ltr\">\n<p class=\"bbc-hhl7in e17g058b0\" dir=\"ltr\">En una carta a Elsa y Margot, la describi\u00f3 como \u201cuna ciudad est\u00e9ril desde el punto de vista del romanticismo y de la intelectualidad\u201d.<\/p>\n<\/div>\n<div class=\"bbc-19j92fr ebmt73l0\" dir=\"ltr\">\n<p class=\"bbc-hhl7in e17g058b0\" dir=\"ltr\">\u201cVe Buenos Aires como\u00a0una versi\u00f3n sure\u00f1a de Nueva York, m\u00e1s materialista y m\u00e1s enfocada en lo que \u00e9l considera era la apariencia externa\u201d, se\u00f1ala Rosenkranz.<\/p>\n<\/div>\n<div class=\"bbc-19j92fr ebmt73l0\" dir=\"ltr\">\n<p class=\"bbc-hhl7in e17g058b0\" dir=\"ltr\">En su diario, Einstein us\u00f3 adjetivos como \u201csuperficial\u201d y \u201cfr\u00eda\u201d y, aunque se estaba refiriendo a la capital, Rosenkranz hace notar que el f\u00edsico vuelve a caer en una generalizaci\u00f3n para englobar a todo el pa\u00eds.<\/p>\n<\/div>\n<div class=\"bbc-19j92fr ebmt73l0\" dir=\"ltr\">\n<p class=\"bbc-hhl7in e17g058b0\" dir=\"ltr\">Sin embargo, dej\u00f3 testimonio de cu\u00e1nto disfrut\u00f3\u00a0\u201cla nueva energ\u00eda\u201d que encontr\u00f3 en la localidad bonaerense de Llavallol, el paisaje que vio en\u00a0las sierras cordobesas y la arquitectura de C\u00f3rdoba, ciudad en la que hall\u00f3 \u201cvestigios de una cultura genuina\u201d, as\u00ed como \u201cun sentido de lo sublime\u201d.<\/p>\n<\/div>\n<div class=\"bbc-19j92fr ebmt73l0\" dir=\"ltr\">\n<p class=\"bbc-hhl7in e17g058b0\" dir=\"ltr\">La m\u00fasica tradicional tambi\u00e9n le atrajo.<\/p>\n<p dir=\"ltr\">\n<\/div>\n<figure class=\"bbc-1qn0xuy\">\n<div class=\"bbc-18ywsw9\">\n<div style=\"width: 986px\" class=\"wp-caption alignnone\"><img loading=\"lazy\" decoding=\"async\" class=\"bbc-139onq\" src=\"https:\/\/ichef.bbci.co.uk\/ace\/ws\/640\/cpsprodpb\/d42c\/live\/4b756d70-858b-11ef-83dd-fbf1b9732cf0.jpg.webp\" alt=\"Einstein en el medio, rodeado de varias personas.\" width=\"976\" height=\"736\" \/><p class=\"wp-caption-text\">Fuente de la imagen,Cortes\u00eda: Archivo General de la Naci\u00f3n Argentina.\u00a0El cient\u00edfico visit\u00f3 la Universidad de C\u00f3rdoba, ciudad cuya arquitectura le gust\u00f3.<\/p><\/div>\n<\/div>\n<\/figure>\n<div class=\"bbc-19j92fr ebmt73l0\" dir=\"ltr\">\n<p dir=\"ltr\">\n<p dir=\"ltr\">\n<p class=\"bbc-hhl7in e17g058b0\" dir=\"ltr\">Rosenkranz se\u00f1ala en su libro que Einstein describi\u00f3 a los argentinos como\u00a0\u201cdisplicentes\u201d, \u201cinfantiles\u201d y \u201cest\u00fapidos\u201d.<\/p>\n<\/div>\n<div class=\"bbc-19j92fr ebmt73l0\" dir=\"ltr\">\n<p class=\"bbc-hhl7in e17g058b0\" dir=\"ltr\">Eso llev\u00f3 al autor a preguntarse: \u201c\u00bfc\u00f3mo podemos interpretar la valoraci\u00f3n, en gran parte despiadada, de Einstein sobre los argentinos?\u201d Tomo prestada su pregunta y se la formulo:<\/p>\n<p dir=\"ltr\">\n<\/div>\n<figure class=\"bbc-1qn0xuy\">\n<div class=\"bbc-18ywsw9\">\n<div style=\"width: 986px\" class=\"wp-caption alignnone\"><img loading=\"lazy\" decoding=\"async\" class=\"bbc-139onq\" src=\"https:\/\/ichef.bbci.co.uk\/ace\/ws\/640\/cpsprodpb\/c91a\/live\/d3014980-858b-11ef-822c-a50726bfda2e.jpg.webp\" alt=\"Albert Einstein\" width=\"976\" height=\"1311\" \/><p class=\"wp-caption-text\">Fuente de la imagen,Cortes\u00eda: Archivo General de la Naci\u00f3n Argentina<\/p><\/div>\n<\/div>\n<\/figure>\n<div class=\"bbc-19j92fr ebmt73l0\" dir=\"ltr\">\n<p dir=\"ltr\">\n<p dir=\"ltr\">\n<p class=\"bbc-hhl7in e17g058b0\" dir=\"ltr\">\u201cCreo que en parte se explica por las preconcepciones que ten\u00eda y que sigui\u00f3 teniendo durante el viaje.<\/p>\n<\/div>\n<div class=\"bbc-19j92fr ebmt73l0\" dir=\"ltr\">\n<p class=\"bbc-hhl7in e17g058b0\" dir=\"ltr\">Incluso sigui\u00f3 expresando estereotipos muy similares despu\u00e9s del viaje, cuando estaba de regreso en Europa.<\/p>\n<\/div>\n<div class=\"bbc-19j92fr ebmt73l0\" dir=\"ltr\">\n<p class=\"bbc-hhl7in e17g058b0\" dir=\"ltr\">Creo que esas ideas se ubican en el contexto de\u00a0los estereotipos alemanes y europeos sobre Am\u00e9rica Latina, sobre Sudam\u00e9rica, y espec\u00edficamente sobre los argentinos.<\/p>\n<\/div>\n<div class=\"bbc-19j92fr ebmt73l0\" dir=\"ltr\">\n<p class=\"bbc-hhl7in e17g058b0\" dir=\"ltr\">Pod\u00edan ser estereotipos tanto positivos como negativos, pero creo que en su caso se inclin\u00f3 m\u00e1s hacia los negativos que hab\u00eda adoptado.<\/p>\n<\/div>\n<div class=\"bbc-19j92fr ebmt73l0\" dir=\"ltr\">\n<p class=\"bbc-hhl7in e17g058b0\" dir=\"ltr\">Probablemente formaron parte de su socializaci\u00f3n, de su educaci\u00f3n de clase media centroeuropea en Alemania.<\/p>\n<\/div>\n<div class=\"bbc-19j92fr ebmt73l0\" dir=\"ltr\">\n<p class=\"bbc-hhl7in e17g058b0\" dir=\"ltr\">Y, aunque hace excepciones con algunos individuos, cuando habla tiende a generalizar y se inclina por valoraciones m\u00e1s negativas como parte de sus prejuicios\u201d.<\/p>\n<\/div>\n","protected":false},"excerpt":{"rendered":"<p>&nbsp; &nbsp; Albert Einstein plasm\u00f3 en ellos algunos de sus pensamientos m\u00e1s \u00edntimos. En sus diarios de viaje, el hombre que revolucion\u00f3 la f\u00edsica no&hellip;<\/p>\n","protected":false},"author":99,"featured_media":522626,"comment_status":"open","ping_status":"open","sticky":false,"template":"","format":"standard","meta":{"footnotes":""},"categories":[23],"tags":[],"class_list":["post-522625","post","type-post","status-publish","format-standard","has-post-thumbnail","hentry","category-latinoamerica"],"_links":{"self":[{"href":"https:\/\/diarioelpopular.com\/index.php\/wp-json\/wp\/v2\/posts\/522625","targetHints":{"allow":["GET"]}}],"collection":[{"href":"https:\/\/diarioelpopular.com\/index.php\/wp-json\/wp\/v2\/posts"}],"about":[{"href":"https:\/\/diarioelpopular.com\/index.php\/wp-json\/wp\/v2\/types\/post"}],"author":[{"embeddable":true,"href":"https:\/\/diarioelpopular.com\/index.php\/wp-json\/wp\/v2\/users\/99"}],"replies":[{"embeddable":true,"href":"https:\/\/diarioelpopular.com\/index.php\/wp-json\/wp\/v2\/comments?post=522625"}],"version-history":[{"count":1,"href":"https:\/\/diarioelpopular.com\/index.php\/wp-json\/wp\/v2\/posts\/522625\/revisions"}],"predecessor-version":[{"id":522627,"href":"https:\/\/diarioelpopular.com\/index.php\/wp-json\/wp\/v2\/posts\/522625\/revisions\/522627"}],"wp:featuredmedia":[{"embeddable":true,"href":"https:\/\/diarioelpopular.com\/index.php\/wp-json\/wp\/v2\/media\/522626"}],"wp:attachment":[{"href":"https:\/\/diarioelpopular.com\/index.php\/wp-json\/wp\/v2\/media?parent=522625"}],"wp:term":[{"taxonomy":"category","embeddable":true,"href":"https:\/\/diarioelpopular.com\/index.php\/wp-json\/wp\/v2\/categories?post=522625"},{"taxonomy":"post_tag","embeddable":true,"href":"https:\/\/diarioelpopular.com\/index.php\/wp-json\/wp\/v2\/tags?post=522625"}],"curies":[{"name":"wp","href":"https:\/\/api.w.org\/{rel}","templated":true}]}}