{"id":522633,"date":"2024-10-12T10:26:56","date_gmt":"2024-10-12T14:26:56","guid":{"rendered":"https:\/\/diarioelpopular.com\/?p=522633"},"modified":"2024-10-12T10:26:56","modified_gmt":"2024-10-12T14:26:56","slug":"la-dramatica-vida-de-los-hibakusha-los-sobrevivientes-de-las-bombas-atomicas-que-vivieron-con-miedo-y-culpa-y-ganaron-el-premio-nobel-de-la-paz","status":"publish","type":"post","link":"https:\/\/diarioelpopular.com\/index.php\/2024\/10\/12\/la-dramatica-vida-de-los-hibakusha-los-sobrevivientes-de-las-bombas-atomicas-que-vivieron-con-miedo-y-culpa-y-ganaron-el-premio-nobel-de-la-paz\/","title":{"rendered":"La dram\u00e1tica vida de los hibakusha, los sobrevivientes de las bombas at\u00f3micas que vivieron con miedo y culpa y ganaron el premio Nobel de la Paz"},"content":{"rendered":"<div id=\"attachment_522634\" style=\"width: 646px\" class=\"wp-caption alignnone\"><img loading=\"lazy\" decoding=\"async\" aria-describedby=\"caption-attachment-522634\" class=\"wp-image-522634 size-custom-full-size\" src=\"https:\/\/diarioelpopular.com\/wp-content\/uploads\/2024\/10\/Screen-Shot-2024-10-12-at-10.26.20-AM-636x359.png\" alt=\"\" width=\"636\" height=\"359\" srcset=\"https:\/\/diarioelpopular.com\/wp-content\/uploads\/2024\/10\/Screen-Shot-2024-10-12-at-10.26.20-AM-636x359.png 636w, https:\/\/diarioelpopular.com\/wp-content\/uploads\/2024\/10\/Screen-Shot-2024-10-12-at-10.26.20-AM-300x169.png 300w, https:\/\/diarioelpopular.com\/wp-content\/uploads\/2024\/10\/Screen-Shot-2024-10-12-at-10.26.20-AM-768x433.png 768w, https:\/\/diarioelpopular.com\/wp-content\/uploads\/2024\/10\/Screen-Shot-2024-10-12-at-10.26.20-AM-129x73.png 129w, https:\/\/diarioelpopular.com\/wp-content\/uploads\/2024\/10\/Screen-Shot-2024-10-12-at-10.26.20-AM.png 1024w\" sizes=\"auto, (max-width: 636px) 100vw, 636px\" \/><p id=\"caption-attachment-522634\" class=\"wp-caption-text\">Los hibakusha son el testimonio vivo de la devastaci\u00f3n y la tragedia que causaron las bombas at\u00f3micas.<\/p><\/div>\n<p>&nbsp;<\/p>\n<p>&nbsp;<\/p>\n<div class=\"bbc-19j92fr ebmt73l0\" dir=\"ltr\">\n<ul>\n<li class=\"bbc-hhl7in e17g058b0\" dir=\"ltr\"><em><b>Las bombas de Hiroshima y Nagasaki terminaron con la vida de miles de personas en un instante. Para los sobrevivientes fue solo el comienzo de a\u00f1os de dolorosas heridas, enfermedades, miedo, sentimiento de culpa y discriminaci\u00f3n.<\/b><\/em><\/li>\n<\/ul>\n<\/div>\n<div class=\"bbc-19j92fr ebmt73l0\" dir=\"ltr\">\n<p dir=\"ltr\">\n<p dir=\"ltr\">\n<p class=\"bbc-hhl7in e17g058b0\" dir=\"ltr\">La organizaci\u00f3n Nihon Hidankyo, que agrupa a los hibakusha o sobrevivientes de las bombas at\u00f3micas que Estados Unidos lanz\u00f3 sobre las ciudades japonesas en 1945,\u00a0gan\u00f3 el Premio Nobel de la Paz este a\u00f1o.<\/p>\n<\/div>\n<div class=\"bbc-19j92fr ebmt73l0\" dir=\"ltr\">\n<p class=\"bbc-hhl7in e17g058b0\" dir=\"ltr\">El movimiento representa a los 174.080 sobrevivientes de los bombardeos at\u00f3micos que residen en Jap\u00f3n, Corea y otras partes del mundo.<\/p>\n<\/div>\n<div class=\"bbc-19j92fr ebmt73l0\" dir=\"ltr\">\n<p class=\"bbc-hhl7in e17g058b0\" dir=\"ltr\">No existen cifras definitivas de cu\u00e1ntas personas murieron a causa de los bombardeos del 6 y el 9 de agosto de 1945.<\/p>\n<\/div>\n<section class=\"bbc-geybui\" role=\"region\" aria-label=\"Publicidad 2\" aria-hidden=\"true\" data-e2e=\"advertisement\"><\/section>\n<div class=\"bbc-19j92fr ebmt73l0\" dir=\"ltr\">\n<p class=\"bbc-hhl7in e17g058b0\" dir=\"ltr\">Los c\u00e1lculos m\u00e1s conservadores estiman que cinco meses despu\u00e9s de los ataques unas 110.000 personas hab\u00edan muerto en ambas ciudades.<\/p>\n<\/div>\n<div class=\"bbc-1n4f7vm ebmt73l0\" dir=\"ltr\"><\/div>\n<div class=\"bbc-19j92fr ebmt73l0\" dir=\"ltr\">\n<p class=\"bbc-hhl7in e17g058b0\" dir=\"ltr\">Otros estudios afirman que la cifra total de v\u00edctimas, a finales de ese a\u00f1o, pudo ser m\u00e1s de 210.000.<\/p>\n<p dir=\"ltr\">\n<\/div>\n<figure class=\"bbc-1qn0xuy\">\n<div class=\"bbc-18ywsw9\">\n<div style=\"width: 986px\" class=\"wp-caption alignnone\"><img loading=\"lazy\" decoding=\"async\" class=\"bbc-139onq\" src=\"https:\/\/ichef.bbci.co.uk\/ace\/ws\/640\/cpsprodpb\/3375\/live\/cc9c1140-87c2-11ef-b582-ebb053a6df4f.jpg.webp\" alt=\"Escombros de edificios en Hiroshima.\" width=\"976\" height=\"549\" \/><p class=\"wp-caption-text\">Fuente de la imagen,Getty Images.\u00a0Hiroshima qued\u00f3 arrasada tras la explosi\u00f3n de la bomba.<\/p><\/div>\n<\/div>\n<\/figure>\n<div class=\"bbc-19j92fr ebmt73l0\" dir=\"ltr\">\n<p dir=\"ltr\">\n<p dir=\"ltr\">\n<p class=\"bbc-hhl7in e17g058b0\" dir=\"ltr\">El mundo ha conocido el relato del horror gracias a los sobrevivientes, a quienes se les conoce como hibakusha, que en japon\u00e9s significa \u201cpersona afectada por la bomba at\u00f3mica\u201d.<\/p>\n<\/div>\n<div class=\"bbc-19j92fr ebmt73l0\" dir=\"ltr\">\n<p class=\"bbc-hhl7in e17g058b0\" dir=\"ltr\">Sus testimonios no solo dan cuenta de lo que vieron, sino de\u00a0los traumas que a\u00fan llevan dentro.<\/p>\n<\/div>\n<div class=\"bbc-19j92fr ebmt73l0\" dir=\"ltr\">\n<p class=\"bbc-hhl7in e17g058b0\" dir=\"ltr\">\u201cHay muchos hibakusha que son narradores sociales, pero no son capaces de contarle su propia historia a sus hijos\u201d, dice Yuka Kamite, profesora de Psicolog\u00eda en la Universidad de Hiroshima, quien ha estudiado la salud mental de los hibakusha.<\/p>\n<\/div>\n<div class=\"bbc-19j92fr ebmt73l0\" dir=\"ltr\">\n<h2 id=\"Una-dura-batalla\" class=\"bbc-1f03ibc eglt09e0\" tabindex=\"-1\">Una dura batalla<\/h2>\n<\/div>\n<div class=\"bbc-19j92fr ebmt73l0\" dir=\"ltr\">\n<p class=\"bbc-hhl7in e17g058b0\" dir=\"ltr\">Se calcula que hoy\u00a0a\u00fan viven unos 140.000 hibakusha,\u00a0que rondan los 80 a\u00f1os de edad.<\/p>\n<\/div>\n<div class=\"bbc-19j92fr ebmt73l0\" dir=\"ltr\">\n<p class=\"bbc-hhl7in e17g058b0\" dir=\"ltr\">\u00bfC\u00f3mo ha sido la vida de los hibakusha y por qu\u00e9 sobrevivir a la bomba fue solo una parte de la dura batalla que han dado para llevar una vida digna?<\/p>\n<\/div>\n<div class=\"bbc-19j92fr ebmt73l0\" dir=\"ltr\">\n<p class=\"bbc-hhl7in e17g058b0\" dir=\"ltr\">Miedo<\/p>\n<\/div>\n<div class=\"bbc-19j92fr ebmt73l0\" dir=\"ltr\">\n<p class=\"bbc-hhl7in e17g058b0\" dir=\"ltr\">Los hibakusha que\u00a0recibieron el impacto de la bomba sufrieron quemaduras y heridas\u00a0que marcaron sus cuerpos y sus rostros.<\/p>\n<p dir=\"ltr\">\n<\/div>\n<figure class=\"bbc-1qn0xuy\">\n<div class=\"bbc-18ywsw9\">\n<div style=\"width: 986px\" class=\"wp-caption alignnone\"><img loading=\"lazy\" decoding=\"async\" class=\"bbc-139onq\" src=\"https:\/\/ichef.bbci.co.uk\/ace\/ws\/640\/cpsprodpb\/737a\/live\/0f45a650-87c3-11ef-b582-ebb053a6df4f.jpg.webp\" alt=\"Una sobreviviente con quemaduras en la cara\" width=\"976\" height=\"549\" \/><p class=\"wp-caption-text\">Fuente de la imagen,Getty Images.\u00a0Muchos sobrevivientes sufrieron quemaduras y de los efectos de la radiaci\u00f3n.<\/p><\/div>\n<p class=\"bbc-by8ykd\" role=\"text\">\n<\/div>\n<\/figure>\n<div class=\"bbc-19j92fr ebmt73l0\" dir=\"ltr\">\n<p dir=\"ltr\">\n<p dir=\"ltr\">\n<p class=\"bbc-hhl7in e17g058b0\" dir=\"ltr\">Aquellos que estuvieron\u00a0expuestos a mayores dosis de radiaci\u00f3n, aunque a primera vista parec\u00edan ilesos, luego mostraron s\u00edntomas\u00a0como p\u00e9rdida del pelo, sangrado y diarrea.<\/p>\n<\/div>\n<div class=\"bbc-19j92fr ebmt73l0\" dir=\"ltr\">\n<p class=\"bbc-hhl7in e17g058b0\" dir=\"ltr\">Luego se report\u00f3 un aumento en enfermedades\u00a0como el c\u00e1ncer y la leucemia.<\/p>\n<\/div>\n<div class=\"bbc-19j92fr ebmt73l0\" dir=\"ltr\">\n<p class=\"bbc-hhl7in e17g058b0\" dir=\"ltr\">&#8220;Todav\u00eda siento miedo de que se me puedan manifestar las consecuencias de la radioactividad y morir en cualquier momento&#8221;, anota Yasuaki Yamashita, un sobreviviente de Nagasaki que ten\u00eda 6 a\u00f1os el d\u00eda de la explosi\u00f3n y hoy vive en M\u00e9xico.<\/p>\n<\/div>\n<div class=\"bbc-19j92fr ebmt73l0\" dir=\"ltr\">\n<p class=\"bbc-hhl7in e17g058b0\" dir=\"ltr\">Ese miedo los llev\u00f3 a una\u00a0vida de estr\u00e9s, confusi\u00f3n, incertidumbre y ansiedad.\u00a0Incluso viv\u00edan con temor de pasarle los efectos de la radiaci\u00f3n a sus hijos.<\/p>\n<\/div>\n<div class=\"bbc-19j92fr ebmt73l0\" dir=\"ltr\">\n<p class=\"bbc-hhl7in e17g058b0\" dir=\"ltr\">\u201cLos efectos de la radiaci\u00f3n son invisibles, eso los hizo sentirse inestables e intranquilos, sin saber qu\u00e9 iba a pasar con su futuro\u201d, dice Hibiki Yamaguchi, investigador en el Centro para la Abolici\u00f3n de Armas Nucleares de la Universidad de Nagasaki.<\/p>\n<p dir=\"ltr\">\n<\/div>\n<figure class=\"bbc-1qn0xuy\">\n<div class=\"bbc-18ywsw9\">\n<div style=\"width: 986px\" class=\"wp-caption alignnone\"><img loading=\"lazy\" decoding=\"async\" class=\"bbc-139onq\" src=\"https:\/\/ichef.bbci.co.uk\/ace\/ws\/640\/cpsprodpb\/c755\/live\/7fdd0b60-87c3-11ef-b582-ebb053a6df4f.jpg.webp\" alt=\"Dos sobrevivientes con heridas\" width=\"976\" height=\"549\" \/><p class=\"wp-caption-text\">Fuente de la imagen,Getty Images.\u00a0Las bombas causaron heridas f\u00edsicas y psicol\u00f3gicas.<\/p><\/div>\n<\/div>\n<\/figure>\n<div class=\"bbc-19j92fr ebmt73l0\" dir=\"ltr\">\n<p dir=\"ltr\">\n<p dir=\"ltr\">\n<p class=\"bbc-hhl7in e17g058b0\" dir=\"ltr\">El miedo marc\u00f3 para siempre la salud mental y emocional\u00a0de muchos hibakusha.<\/p>\n<\/div>\n<div class=\"bbc-19j92fr ebmt73l0\" dir=\"ltr\">\n<p class=\"bbc-hhl7in e17g058b0\" dir=\"ltr\">Luli van der Does, profesora en el Centro para la paz de la Universidad de Hiroshima que ha estudiado los efectos de la bomba en los sobrevivientes, menciona algunos ejemplos de c\u00f3mo el miedo se qued\u00f3 grabado en sus mentes.<\/p>\n<\/div>\n<div class=\"bbc-19j92fr ebmt73l0\" dir=\"ltr\">\n<p class=\"bbc-hhl7in e17g058b0\" dir=\"ltr\">\u201cAlgunos no pueden comer pescado seco porque les recuerda\u00a0el olor de los cuerpos quemados\u201d, dice van der Does.<\/p>\n<\/div>\n<div class=\"bbc-19j92fr ebmt73l0\" dir=\"ltr\">\n<p class=\"bbc-hhl7in e17g058b0\" dir=\"ltr\">\u201cOtros se tuvieron que ir de Hiroshima y nunca volvieron a visitar su ciudad, otros dicen que no pueden comer pepinos, porque ante la falta de medicinas tras la bomba era lo \u00fanico que pod\u00edan usar para curar sus heridas\u201d.<\/p>\n<p dir=\"ltr\">\n<\/div>\n<figure class=\"bbc-1qn0xuy\">\n<div class=\"bbc-18ywsw9\">\n<div style=\"width: 919px\" class=\"wp-caption alignnone\"><img loading=\"lazy\" decoding=\"async\" class=\"bbc-139onq\" src=\"https:\/\/ichef.bbci.co.uk\/ace\/ws\/640\/cpsprodpb\/ac20\/live\/c5d3cfa0-87c3-11ef-b582-ebb053a6df4f.jpg.webp\" alt=\"Yasuaki Yamashita en una foto de cuando era peque\u00f1o a la izquierda y una foto reciente\" width=\"909\" height=\"511\" \/><p class=\"wp-caption-text\">Fuente de la imagen,Cortes\u00eda\/Marcos Gonz\u00e1lez.\u00a0Yasuaki Yamashita ten\u00eda 6 a\u00f1os cuando explot\u00f3 la bomba en Nagasaki. Hoy, a sus 81 a\u00f1os, vive en M\u00e9xico.<\/p><\/div>\n<\/div>\n<\/figure>\n<div class=\"bbc-19j92fr ebmt73l0\" dir=\"ltr\">\n<p dir=\"ltr\">\n<p dir=\"ltr\">\n<p class=\"bbc-hhl7in e17g058b0\" dir=\"ltr\">\u201cEn casos m\u00e1s severos, dicen que no pueden cruzar puentes ni ver r\u00edos, porque comienzan a recordar los\u00a0cad\u00e1veres que ve\u00edan flotando tras la explosi\u00f3n\u201d.<\/p>\n<\/div>\n<div class=\"bbc-19j92fr ebmt73l0\" dir=\"ltr\">\n<p class=\"bbc-hhl7in e17g058b0\" dir=\"ltr\">El miedo les afect\u00f3 su salud emocional pero, adem\u00e1s, los lanz\u00f3 a una realidad que hizo a\u00fan m\u00e1s dif\u00edcil su lucha por llevar una vida soportable despu\u00e9s de la bomba.<\/p>\n<\/div>\n<div class=\"bbc-19j92fr ebmt73l0\" dir=\"ltr\">\n<h2 id=\"Discriminaci\u00f3n\" class=\"bbc-1f03ibc eglt09e0\" tabindex=\"-1\">Discriminaci\u00f3n<\/h2>\n<\/div>\n<div class=\"bbc-19j92fr ebmt73l0\" dir=\"ltr\">\n<p class=\"bbc-hhl7in e17g058b0\" dir=\"ltr\">Las heridas f\u00edsicas, el temor a que\u00a0los efectos de la radiaci\u00f3n pudieran ser contagiosos\u00a0y los traumas psicol\u00f3gicos de los hibakusha llevaron a que muchos comenzaran a ser discriminados por su condici\u00f3n.<\/p>\n<\/div>\n<div class=\"bbc-19j92fr ebmt73l0\" dir=\"ltr\">\n<p class=\"bbc-hhl7in e17g058b0\" dir=\"ltr\">\u201cLa gente tem\u00eda que\u00a0los sobrevivientes tuvieran una enfermedad contagiosa\u201d,\u00a0recuerda Yamashita.<\/p>\n<\/div>\n<div class=\"bbc-19j92fr ebmt73l0\" dir=\"ltr\">\n<p class=\"bbc-hhl7in e17g058b0\" dir=\"ltr\">\u201cDec\u00edan: \u2018Hay que separarlos, no hay que casarse con ellos, no hay que tener amistad con ellos\u2019\u201d.<\/p>\n<\/div>\n<div class=\"bbc-19j92fr ebmt73l0\" dir=\"ltr\">\n<p class=\"bbc-hhl7in e17g058b0\" dir=\"ltr\">El temor a la discriminaci\u00f3n\u00a0llev\u00f3 a que muchos ocultaran\u00a0su condici\u00f3n de hibakusha o se negaran a hablar de ello.<\/p>\n<\/div>\n<div class=\"bbc-19j92fr ebmt73l0\" dir=\"ltr\">\n<p class=\"bbc-hhl7in e17g058b0\" dir=\"ltr\">\u201cAquellos que ten\u00edan queloides [crecimiento excesivo del tejido de una cicatriz] en el cuerpo usaban\u00a0mangas largas para cubrir sus cicatrices, incluso en pleno verano\u201d, dice la profesora Kamite.<\/p>\n<p dir=\"ltr\">\n<\/div>\n<figure class=\"bbc-1qn0xuy\">\n<div class=\"bbc-18ywsw9\">\n<div style=\"width: 986px\" class=\"wp-caption alignnone\"><img loading=\"lazy\" decoding=\"async\" class=\"bbc-139onq\" src=\"https:\/\/ichef.bbci.co.uk\/ace\/ws\/640\/cpsprodpb\/5ef6\/live\/17a12030-87c4-11ef-b582-ebb053a6df4f.jpg.webp\" alt=\"Una persona muestra sus cicatrices abultadas\" width=\"976\" height=\"549\" \/><p class=\"wp-caption-text\">Fuente de la imagen,Getty Images.\u00a0Los sobrevivientes ocultaban sus cicatrices queloides por miedo a la discriminaci\u00f3n.<\/p><\/div>\n<\/div>\n<\/figure>\n<div class=\"bbc-19j92fr ebmt73l0\" dir=\"ltr\">\n<p dir=\"ltr\">\n<p dir=\"ltr\">\n<p class=\"bbc-hhl7in e17g058b0\" dir=\"ltr\">Tambi\u00e9n se les hac\u00eda\u00a0dif\u00edcil conseguir y conservar sus trabajos.\u00a0As\u00ed lo recuerda Yasuaki Yamashita:<\/p>\n<\/div>\n<div class=\"bbc-19j92fr ebmt73l0\" dir=\"ltr\">\n<p class=\"bbc-hhl7in e17g058b0\" dir=\"ltr\"><i class=\"bbc-h1y5j7 eih42320\">\u201cCuando sal\u00ed de la preparatoria comenc\u00e9 a trabajar y casi al mismo tiempo comenc\u00e9 a sufrir los efectos de la radiaci\u00f3n.<\/i><\/p>\n<\/div>\n<div class=\"bbc-19j92fr ebmt73l0\" dir=\"ltr\">\n<p class=\"bbc-hhl7in e17g058b0\" dir=\"ltr\"><i class=\"bbc-h1y5j7 eih42320\">Empec\u00e9 a perder la sangre, evacuaba sangre, vomitaba sangre, entonces no pod\u00eda trabajar.<\/i><\/p>\n<\/div>\n<div class=\"bbc-19j92fr ebmt73l0\" dir=\"ltr\">\n<p class=\"bbc-hhl7in e17g058b0\" dir=\"ltr\"><i class=\"bbc-h1y5j7 eih42320\">Si consegu\u00eda un trabajo, ven\u00eda esa enfermedad y ten\u00eda que renunciar, as\u00ed dur\u00e9 como dos a\u00f1os.<\/i><\/p>\n<\/div>\n<div class=\"bbc-19j92fr ebmt73l0\" dir=\"ltr\">\n<p class=\"bbc-hhl7in e17g058b0\" dir=\"ltr\"><i class=\"bbc-h1y5j7 eih42320\">Mucha gente me dec\u00eda que yo era un flojo, que no quer\u00eda trabajar, pero no era eso, era que simplemente no pod\u00eda trabajar. Yo necesitaba trabajar, pero no pod\u00eda\u201d.<\/i><\/p>\n<\/div>\n<div class=\"bbc-19j92fr ebmt73l0\" dir=\"ltr\">\n<p class=\"bbc-hhl7in e17g058b0\" dir=\"ltr\">Para las mujeres la situaci\u00f3n muchas veces era a\u00fan m\u00e1s dif\u00edcil.<\/p>\n<\/div>\n<div class=\"bbc-19j92fr ebmt73l0\" dir=\"ltr\">\n<p class=\"bbc-hhl7in e17g058b0\" dir=\"ltr\">En esa \u00e9poca\u00a0casarse era muy importante\u00a0para las mujeres japonesas.<\/p>\n<p dir=\"ltr\">\n<\/div>\n<figure class=\"bbc-1qn0xuy\">\n<div class=\"bbc-18ywsw9\">\n<div style=\"width: 986px\" class=\"wp-caption alignnone\"><img loading=\"lazy\" decoding=\"async\" class=\"bbc-139onq\" src=\"https:\/\/ichef.bbci.co.uk\/ace\/ws\/640\/cpsprodpb\/bc02\/live\/5bc176c0-87c4-11ef-b582-ebb053a6df4f.jpg.webp\" alt=\"Setsuko Thurlow\" width=\"976\" height=\"549\" \/><p class=\"wp-caption-text\">Fuente de la imagen,Getty Images.\u00a0Setsuko Thurlow recuerda que cuando era joven, poder casarse era muy importante para las mujeres japonesas.<\/p><\/div>\n<\/div>\n<\/figure>\n<div class=\"bbc-19j92fr ebmt73l0\" dir=\"ltr\">\n<p dir=\"ltr\">\n<p dir=\"ltr\">\n<p class=\"bbc-hhl7in e17g058b0\" dir=\"ltr\">\u201cEra\u00a0casi la \u00fanica cosa que una mujer esperaba\u201d, recuerda Setsuko Thurlow, sobreviviente de Hiroshima, quien en julio comparti\u00f3 sus recuerdos durante un evento en l\u00ednea para conmemorar el 75 aniversario de las bombas.<\/p>\n<\/div>\n<div class=\"bbc-19j92fr ebmt73l0\" dir=\"ltr\">\n<p class=\"bbc-hhl7in e17g058b0\" dir=\"ltr\">\u201cCon esas cicatrices queloides, esas mujeres\u00a0perd\u00edan la fe y la esperanza en la vida\u201d, dijo Thurlow, quien en 2017 recibi\u00f3 en nombre de los sobrevivientes el Premio Nobel de Paz que se le otorg\u00f3 a la Campa\u00f1a Internacional para Abolir las Armas Nucleares (ICAN, por su sigla en ingl\u00e9s).<\/p>\n<\/div>\n<div class=\"bbc-19j92fr ebmt73l0\" dir=\"ltr\">\n<p class=\"bbc-hhl7in e17g058b0\" dir=\"ltr\">Keiko Ogura, otra sobreviviente de Hiroshima, recuerda que vivi\u00f3 esa discriminaci\u00f3n en carne propia. As\u00ed lo cont\u00f3:<\/p>\n<\/div>\n<div class=\"bbc-19j92fr ebmt73l0\" dir=\"ltr\">\n<p class=\"bbc-hhl7in e17g058b0\" dir=\"ltr\"><i class=\"bbc-h1y5j7 eih42320\">\u201cTen\u00eda 8 a\u00f1os, era solo una ni\u00f1a peque\u00f1a en la escuela elemental, pero sab\u00edamos que no deb\u00edamos decir que hab\u00edamos estado en la ciudad ese d\u00eda. Si dec\u00edamos algo relacionado con la radiaci\u00f3n, no nos podr\u00edamos casar.<\/i><\/p>\n<\/div>\n<div class=\"bbc-19j92fr ebmt73l0\" dir=\"ltr\">\n<p class=\"bbc-hhl7in e17g058b0\" dir=\"ltr\"><i class=\"bbc-h1y5j7 eih42320\">No dec\u00edamos que \u00e9ramos sobrevivientes. Ten\u00edamos un certificado de sobrevivientes y al mostrarlo en el hospital pod\u00edamos recibir tratamiento m\u00e9dico que ayudaba a pagar el gobierno. Sin embargo, la gente nos dec\u00eda \u2018no muestres eso\u2019.<\/i><\/p>\n<p dir=\"ltr\">\n<\/div>\n<figure class=\"bbc-1qn0xuy\">\n<div class=\"bbc-18ywsw9\">\n<div style=\"width: 986px\" class=\"wp-caption alignnone\"><img loading=\"lazy\" decoding=\"async\" class=\"bbc-139onq\" src=\"https:\/\/ichef.bbci.co.uk\/ace\/ws\/640\/cpsprodpb\/fe06\/live\/781226d0-87c4-11ef-b582-ebb053a6df4f.jpg.webp\" alt=\"Keiko Ogura \" width=\"976\" height=\"549\" \/><p class=\"wp-caption-text\">Fuente de la imagen,Getty Images.\u00a0A Keiko Ogura le ense\u00f1aban que no deb\u00eda decir que era una sobreviviente de la bomba.<\/p><\/div>\n<\/div>\n<\/figure>\n<div class=\"bbc-19j92fr ebmt73l0\" dir=\"ltr\">\n<p dir=\"ltr\">\n<p dir=\"ltr\">\n<p class=\"bbc-hhl7in e17g058b0\" dir=\"ltr\"><i class=\"bbc-h1y5j7 eih42320\">Al principio yo no le prestaba atenci\u00f3n, sent\u00edamos que todos compart\u00edamos el mismo destino, pero cuando ya era una mujer en edad de casarme, a los 18 o 20 a\u00f1os, los hombres j\u00f3venes de fuera de la ciudad me preguntaban &#8220;Keiko, \u00bfd\u00f3nde estabas al momento de la bomba?Por mi parte no hay problema, pero a mis padres les preocupa&#8221;.<\/i><\/p>\n<\/div>\n<div class=\"bbc-19j92fr ebmt73l0\" dir=\"ltr\">\n<p class=\"bbc-hhl7in e17g058b0\" dir=\"ltr\"><i class=\"bbc-h1y5j7 eih42320\">S\u00e9 que muchas otras personas tambi\u00e9n tuvieron esa experiencia\u201d.<\/i><\/p>\n<\/div>\n<div class=\"bbc-19j92fr ebmt73l0\" dir=\"ltr\">\n<p class=\"bbc-hhl7in e17g058b0\" dir=\"ltr\">La profesora Van der Does cuenta que cuando llegaba el momento de casarse,\u00a0algunas personas contrataban detectives para investigar\u00a0si la pareja hab\u00eda estado en Hiroshima al momento de la bomba.<\/p>\n<\/div>\n<div class=\"bbc-19j92fr ebmt73l0\" dir=\"ltr\">\n<p class=\"bbc-hhl7in e17g058b0\" dir=\"ltr\">Otros, por su parte, sintieron esa discriminaci\u00f3n de una manera m\u00e1s sutil o indirecta, y los puso en una posici\u00f3n vulnerable ante la sociedad.\u00a0Una &#8220;discriminaci\u00f3n silenciosa&#8221;,\u00a0como la llama la profesora Van der Does.<\/p>\n<p dir=\"ltr\">\n<\/div>\n<figure class=\"bbc-1qn0xuy\">\n<div class=\"bbc-18ywsw9\">\n<div style=\"width: 986px\" class=\"wp-caption alignnone\"><img loading=\"lazy\" decoding=\"async\" class=\"bbc-139onq\" src=\"https:\/\/ichef.bbci.co.uk\/ace\/ws\/640\/cpsprodpb\/16e5\/live\/20866380-87c5-11ef-b582-ebb053a6df4f.jpg.webp\" alt=\"Yoshiro Yamawaki con una camisa a cuadros.\" width=\"976\" height=\"549\" \/><p class=\"wp-caption-text\">Fuente de la imagen,Cortes\u00eda Yoshiro Yamawaki.\u00a0Yoshiro Yamawaki lamenta no haber podido estudiar una carrera porque tras la muerte de su padre tuvo que dedicarse a trabajar.<\/p><\/div>\n<\/div>\n<\/figure>\n<div class=\"bbc-19j92fr ebmt73l0\" dir=\"ltr\">\n<p dir=\"ltr\">\n<p dir=\"ltr\">\n<p class=\"bbc-hhl7in e17g058b0\" dir=\"ltr\">\u201cNo sabes exactamente qu\u00e9 tipo de discriminaci\u00f3n est\u00e1s sufriendo, pero simplemente la sientes en tus interacciones sociales, o al darte cuenta de que a lo\u00a0largo de tu vida has recibido un trato injusto\u201d, explica.<\/p>\n<\/div>\n<div class=\"bbc-19j92fr ebmt73l0\" dir=\"ltr\">\n<p class=\"bbc-hhl7in e17g058b0\" dir=\"ltr\">Yoshiro Yamawaki, sobreviviente de Nagasaki, es uno de esos casos de discriminaci\u00f3n silenciosa.<\/p>\n<\/div>\n<div class=\"bbc-19j92fr ebmt73l0\" dir=\"ltr\">\n<p class=\"bbc-hhl7in e17g058b0\" dir=\"ltr\">&#8220;La bomba mat\u00f3 a mi padre, mi madre ten\u00eda siete hijos y no pod\u00eda hacerse cargo de ellos. Por eso, tuve que dedicarme a trabajar, sin poder ir a la universidad, creo que eso fue una forma de discriminaci\u00f3n&#8221;, dice Yamawaki.<\/p>\n<\/div>\n<div class=\"bbc-19j92fr ebmt73l0\" dir=\"ltr\">\n<p class=\"bbc-hhl7in e17g058b0\" dir=\"ltr\">Seg\u00fan explica Van der Does,\u00a0es dif\u00edcil conocer el da\u00f1o psicol\u00f3gico y emocional\u00a0que sufrieron los hibakusha porque muchos murieron sin ser capaces de hablar de ello.<\/p>\n<p dir=\"ltr\">\n<\/div>\n<figure class=\"bbc-1qn0xuy\">\n<div class=\"bbc-18ywsw9\">\n<div style=\"width: 986px\" class=\"wp-caption alignnone\"><img loading=\"lazy\" decoding=\"async\" class=\"bbc-139onq\" src=\"https:\/\/ichef.bbci.co.uk\/ace\/ws\/640\/cpsprodpb\/c37b\/live\/1e33f290-87c6-11ef-b582-ebb053a6df4f.jpg.webp\" alt=\"Keiko Ogura con 8 a\u00f1os.\" width=\"976\" height=\"549\" \/><p class=\"wp-caption-text\">Fuente de la imagen,Cortes\u00eda Keiko Ogura.\u00a0Keiko Ogura ten\u00eda 8 a\u00f1os cuando estall\u00f3 la bomba en Hiroshima.<\/p><\/div>\n<\/div>\n<\/figure>\n<div class=\"bbc-19j92fr ebmt73l0\" dir=\"ltr\">\n<p dir=\"ltr\">\n<p dir=\"ltr\">\n<p class=\"bbc-hhl7in e17g058b0\" dir=\"ltr\">&#8220;Hay muchos que no han admitido ser hibakusha por el miedo a la discriminaci\u00f3n&#8221;, dice la investigadora.<\/p>\n<\/div>\n<div class=\"bbc-19j92fr ebmt73l0\" dir=\"ltr\">\n<p class=\"bbc-hhl7in e17g058b0\" dir=\"ltr\">En una reciente encuesta que Van der Does realiz\u00f3 entre\u00a01.652 hibakusha de Hiroshima y Nagasaki,\u00a0encontr\u00f3 que el 31% de ellos ha sufrido varios tipos de trato discriminatorio a lo largo de su vida.<\/p>\n<\/div>\n<div class=\"bbc-19j92fr ebmt73l0\" dir=\"ltr\">\n<p class=\"bbc-hhl7in e17g058b0\" dir=\"ltr\">Esa discriminaci\u00f3n en ocasiones se dio entre los mismos hibakusha.<\/p>\n<\/div>\n<div class=\"bbc-19j92fr ebmt73l0\" dir=\"ltr\">\n<p class=\"bbc-hhl7in e17g058b0\" dir=\"ltr\">\u201cLos hibakusha conoc\u00edan mejor que nadie lo que les ocurr\u00eda, por eso muchas veces se discriminaban entre ellos\u201d, dice Hibiki Yamaguchi, de la Universidad de Nagasaki.<\/p>\n<p dir=\"ltr\">\n<\/div>\n<figure class=\"bbc-1qn0xuy\">\n<div class=\"bbc-18ywsw9\">\n<div style=\"width: 986px\" class=\"wp-caption alignnone\"><img loading=\"lazy\" decoding=\"async\" class=\"bbc-139onq\" src=\"https:\/\/ichef.bbci.co.uk\/ace\/ws\/640\/cpsprodpb\/9cd2\/live\/b31ea8a0-87c6-11ef-b582-ebb053a6df4f.jpg.webp\" alt=\"Setsuko Thurlow hablando desde la tribuna de los premios Nobel\" width=\"976\" height=\"549\" \/><p class=\"wp-caption-text\">Fuente de la imagen,Getty Images.\u00a0En 2017 Thurlow asisti\u00f3 a la ceremonia del Premio Nobel representando a las v\u00edctimas de los bombardeos.<\/p><\/div>\n<\/div>\n<\/figure>\n<div class=\"bbc-19j92fr ebmt73l0\" dir=\"ltr\">\n<p dir=\"ltr\">\n<p dir=\"ltr\">\n<p class=\"bbc-hhl7in e17g058b0\" dir=\"ltr\">Seg\u00fan Van der Does,\u00a0esa discriminaci\u00f3n era fruto del miedo y de la desesperaci\u00f3n por vivir.\u00a0\u201cEstaban luchando por sobrevivir, ten\u00edan que competir entre ellos por lograr alg\u00fan tipo de ayuda\u201d, dice la profesora.<\/p>\n<\/div>\n<div class=\"bbc-19j92fr ebmt73l0\" dir=\"ltr\">\n<p class=\"bbc-hhl7in e17g058b0\" dir=\"ltr\">Culpa<\/p>\n<\/div>\n<div class=\"bbc-19j92fr ebmt73l0\" dir=\"ltr\">\n<p class=\"bbc-hhl7in e17g058b0\" dir=\"ltr\">Al miedo y a la discriminaci\u00f3n con que cargaban los hibakusha muchas veces se les sum\u00f3 un\u00a0sentimiento de culpa por haber escapado con vida\u00a0o haber sido incapaces de ayudar a quienes ped\u00edan auxilio.<\/p>\n<\/div>\n<div class=\"bbc-19j92fr ebmt73l0\" dir=\"ltr\">\n<p class=\"bbc-hhl7in e17g058b0\" dir=\"ltr\">Ese sentimiento de culpa de los sobrevivientes les caus\u00f3 sufrimiento a largo plazo, explica la psic\u00f3loga Kamite.<\/p>\n<p dir=\"ltr\">\n<\/div>\n<figure class=\"bbc-1qn0xuy\">\n<div class=\"bbc-18ywsw9\">\n<div style=\"width: 986px\" class=\"wp-caption alignnone\"><img loading=\"lazy\" decoding=\"async\" class=\"bbc-139onq\" src=\"https:\/\/ichef.bbci.co.uk\/ace\/ws\/640\/cpsprodpb\/0cda\/live\/e04fb850-87c6-11ef-b582-ebb053a6df4f.jpg.webp\" alt=\"Hiroshima destruida tras la bomba\" width=\"976\" height=\"549\" \/><p class=\"wp-caption-text\">Fuente de la imagen,Getty Images.\u00a0Muchos hibakusha desarrollaron un sentimiento de culpa por no haber podido ayudar a las personas heridas.<\/p><\/div>\n<\/div>\n<\/figure>\n<div class=\"bbc-19j92fr ebmt73l0\" dir=\"ltr\">\n<p dir=\"ltr\">\n<p dir=\"ltr\">\n<p class=\"bbc-hhl7in e17g058b0\" dir=\"ltr\">As\u00ed lo recuerda la sobreviviente Keiko Ogura:<\/p>\n<\/div>\n<div class=\"bbc-19j92fr ebmt73l0\" dir=\"ltr\">\n<p class=\"bbc-hhl7in e17g058b0\" dir=\"ltr\"><i class=\"bbc-h1y5j7 eih42320\">\u201cYo, al igual que el 90% de los sobrevivientes, tuve un sentimiento de culpa porque vi morir a familiares y amigos. Despu\u00e9s de la explosi\u00f3n vimos gente bajo los edificios derrumbados pidiendo ayuda, pero no pod\u00edamos ayudarlos, estaban atrapados. Las madres trataban de sacarlos pero era muy dif\u00edcil.<\/i><\/p>\n<\/div>\n<div class=\"bbc-19j92fr ebmt73l0\" dir=\"ltr\">\n<p class=\"bbc-hhl7in e17g058b0\" dir=\"ltr\"><i class=\"bbc-h1y5j7 eih42320\">Luego, el fuego se esparci\u00f3 tan r\u00e1pido que no tuvieron m\u00e1s opci\u00f3n que irse del lugar.<\/i><\/p>\n<\/div>\n<div class=\"bbc-19j92fr ebmt73l0\" dir=\"ltr\">\n<p class=\"bbc-hhl7in e17g058b0\" dir=\"ltr\"><i class=\"bbc-h1y5j7 eih42320\">Eso los hizo preguntarse: \u00bfpor qu\u00e9 no pude cumplir con el deber de ayudar a mis hijos hasta el \u00faltimo momento?<\/i><\/p>\n<\/div>\n<div class=\"bbc-19j92fr ebmt73l0\" dir=\"ltr\">\n<p class=\"bbc-hhl7in e17g058b0\" dir=\"ltr\"><i class=\"bbc-h1y5j7 eih42320\">Tras la explosi\u00f3n, dos personas muy heridas se me acercaron y solo dec\u00edan &#8216;agua, agua&#8217;. Yo les di de beber y luego murieron frente a m\u00ed. En ese momento no lo entend\u00eda, era solo una ni\u00f1a de 8 a\u00f1os, pero comenc\u00e9 a culparme porque sent\u00eda que los hab\u00eda matado. Sent\u00eda que si no les hubiera dado agua, ellos no estar\u00edan muertos. Me sent\u00ed as\u00ed durante m\u00e1s de 10 a\u00f1os&#8221;.<\/i><\/p>\n<p dir=\"ltr\">\n<\/div>\n<figure class=\"bbc-1qn0xuy\">\n<div class=\"bbc-18ywsw9\">\n<div style=\"width: 986px\" class=\"wp-caption alignnone\"><img loading=\"lazy\" decoding=\"async\" class=\"bbc-139onq\" src=\"https:\/\/ichef.bbci.co.uk\/ace\/ws\/640\/cpsprodpb\/d5b0\/live\/05a89270-87c7-11ef-b582-ebb053a6df4f.jpg.webp\" alt=\"Yasuaki Yamashita hablando en un foro\" width=\"976\" height=\"549\" \/><p class=\"wp-caption-text\">Fuente de la imagen,Getty Images.\u00a0Algunos hibakusha cuentan su historia en eventos p\u00fablicos, pero otros prefieren permanecer en silencio.<\/p><\/div>\n<\/div>\n<\/figure>\n<div class=\"bbc-19j92fr ebmt73l0\" dir=\"ltr\">\n<p dir=\"ltr\">\n<p dir=\"ltr\">\n<p class=\"bbc-hhl7in e17g058b0\" dir=\"ltr\">Seg\u00fan los expertos, la dificultad que muchos sobrevivientes tienen para hablar de su experiencia les ha afectado sus vidas.<\/p>\n<\/div>\n<div class=\"bbc-19j92fr ebmt73l0\" dir=\"ltr\">\n<p class=\"bbc-hhl7in e17g058b0\" dir=\"ltr\">\u201cEl velo de silencio sobre estos temas funcion\u00f3 para ocultar las transgresiones ocasionadas por las secuelas at\u00f3micas\u201d, dice Kamite.<\/p>\n<\/div>\n<div class=\"bbc-19j92fr ebmt73l0\" dir=\"ltr\">\n<h2 id=\"Contra-el-silencio\" class=\"bbc-1f03ibc eglt09e0\" tabindex=\"-1\">Contra el silencio<\/h2>\n<\/div>\n<div class=\"bbc-19j92fr ebmt73l0\" dir=\"ltr\">\n<p class=\"bbc-hhl7in e17g058b0\" dir=\"ltr\">Algunos hibakusha, sin embargo, han combatido ese silencio y comparten sus historias con los medios o como parte de\u00a0campa\u00f1as en contra de la proliferaci\u00f3n de armas nucleares.<\/p>\n<\/div>\n<div class=\"bbc-19j92fr ebmt73l0\" dir=\"ltr\">\n<p class=\"bbc-hhl7in e17g058b0\" dir=\"ltr\">\u201cAlgunos est\u00e1n motivados por la ira, otros por un sentido de misi\u00f3n social, y otros pueden estar motivados por la respuesta al trauma\u201d, dice Kamite.<\/p>\n<p dir=\"ltr\">\n<\/div>\n<figure class=\"bbc-1qn0xuy\">\n<div class=\"bbc-18ywsw9\">\n<div style=\"width: 986px\" class=\"wp-caption alignnone\"><img loading=\"lazy\" decoding=\"async\" class=\"bbc-139onq\" src=\"https:\/\/ichef.bbci.co.uk\/ace\/ws\/640\/cpsprodpb\/c54d\/live\/37250770-87c7-11ef-b582-ebb053a6df4f.jpg.webp\" alt=\"Takashi Morita sostiene unas flores en la mano\" width=\"976\" height=\"549\" \/><p class=\"wp-caption-text\">Fuente de la imagen,Getty Images.\u00a0Algunos hibakusha se convirtieron en activistas en contra de las armas nucleares.<\/p><\/div>\n<\/div>\n<\/figure>\n<div class=\"bbc-19j92fr ebmt73l0\" dir=\"ltr\">\n<p dir=\"ltr\">\n<p dir=\"ltr\">\n<p class=\"bbc-hhl7in e17g058b0\" dir=\"ltr\">La profesora, sin embargo, advierte que son solo unos pocos quienes participan en estas actividades sociales y que\u00a0es probable que muchos hibakusha hayan sido una \u201cmayor\u00eda silenciosa\u201d.<\/p>\n<\/div>\n<div class=\"bbc-19j92fr ebmt73l0\" dir=\"ltr\">\n<p class=\"bbc-hhl7in e17g058b0\" dir=\"ltr\">Van der Does, por su parte, explica que con el tiempo los hibakusha lograron construir un sentido de comunidad que los ayud\u00f3 a ganar aceptaci\u00f3n en la sociedad.<\/p>\n<\/div>\n<div class=\"bbc-19j92fr ebmt73l0\" dir=\"ltr\">\n<p class=\"bbc-hhl7in e17g058b0\" dir=\"ltr\">\u201cSe convirtieron en l\u00edderes en\u00a0la lucha por el desarme nuclear\u201d<b>,<\/b>\u00a0dice la profesora. &#8220;Pasaron de ser v\u00edctimas a creadores de un mundo nuevo&#8221;.<\/p>\n<\/div>\n","protected":false},"excerpt":{"rendered":"<p>&nbsp; &nbsp; Las bombas de Hiroshima y Nagasaki terminaron con la vida de miles de personas en un instante. Para los sobrevivientes fue solo el&hellip;<\/p>\n","protected":false},"author":99,"featured_media":522634,"comment_status":"open","ping_status":"open","sticky":false,"template":"","format":"standard","meta":{"footnotes":""},"categories":[24],"tags":[],"class_list":["post-522633","post","type-post","status-publish","format-standard","has-post-thumbnail","hentry","category-mundo"],"_links":{"self":[{"href":"https:\/\/diarioelpopular.com\/index.php\/wp-json\/wp\/v2\/posts\/522633","targetHints":{"allow":["GET"]}}],"collection":[{"href":"https:\/\/diarioelpopular.com\/index.php\/wp-json\/wp\/v2\/posts"}],"about":[{"href":"https:\/\/diarioelpopular.com\/index.php\/wp-json\/wp\/v2\/types\/post"}],"author":[{"embeddable":true,"href":"https:\/\/diarioelpopular.com\/index.php\/wp-json\/wp\/v2\/users\/99"}],"replies":[{"embeddable":true,"href":"https:\/\/diarioelpopular.com\/index.php\/wp-json\/wp\/v2\/comments?post=522633"}],"version-history":[{"count":1,"href":"https:\/\/diarioelpopular.com\/index.php\/wp-json\/wp\/v2\/posts\/522633\/revisions"}],"predecessor-version":[{"id":522635,"href":"https:\/\/diarioelpopular.com\/index.php\/wp-json\/wp\/v2\/posts\/522633\/revisions\/522635"}],"wp:featuredmedia":[{"embeddable":true,"href":"https:\/\/diarioelpopular.com\/index.php\/wp-json\/wp\/v2\/media\/522634"}],"wp:attachment":[{"href":"https:\/\/diarioelpopular.com\/index.php\/wp-json\/wp\/v2\/media?parent=522633"}],"wp:term":[{"taxonomy":"category","embeddable":true,"href":"https:\/\/diarioelpopular.com\/index.php\/wp-json\/wp\/v2\/categories?post=522633"},{"taxonomy":"post_tag","embeddable":true,"href":"https:\/\/diarioelpopular.com\/index.php\/wp-json\/wp\/v2\/tags?post=522633"}],"curies":[{"name":"wp","href":"https:\/\/api.w.org\/{rel}","templated":true}]}}