{"id":522703,"date":"2024-10-13T13:35:10","date_gmt":"2024-10-13T17:35:10","guid":{"rendered":"https:\/\/diarioelpopular.com\/?p=522703"},"modified":"2024-10-13T13:35:10","modified_gmt":"2024-10-13T17:35:10","slug":"argentina-milei-la-motosierra-que-desguaza-el-estado-ir-al-contenido","status":"publish","type":"post","link":"https:\/\/diarioelpopular.com\/index.php\/2024\/10\/13\/argentina-milei-la-motosierra-que-desguaza-el-estado-ir-al-contenido\/","title":{"rendered":"Argentina: Milei, la motosierra que desguaza el Estado ir al contenido"},"content":{"rendered":"<p><img loading=\"lazy\" decoding=\"async\" class=\"alignnone size-custom-full-size wp-image-522704\" src=\"https:\/\/diarioelpopular.com\/wp-content\/uploads\/2024\/10\/Screen-Shot-2024-10-13-at-1.34.41-PM-636x430.png\" alt=\"\" width=\"636\" height=\"430\" srcset=\"https:\/\/diarioelpopular.com\/wp-content\/uploads\/2024\/10\/Screen-Shot-2024-10-13-at-1.34.41-PM-636x430.png 636w, https:\/\/diarioelpopular.com\/wp-content\/uploads\/2024\/10\/Screen-Shot-2024-10-13-at-1.34.41-PM-300x203.png 300w, https:\/\/diarioelpopular.com\/wp-content\/uploads\/2024\/10\/Screen-Shot-2024-10-13-at-1.34.41-PM-80x55.png 80w, https:\/\/diarioelpopular.com\/wp-content\/uploads\/2024\/10\/Screen-Shot-2024-10-13-at-1.34.41-PM-108x73.png 108w, https:\/\/diarioelpopular.com\/wp-content\/uploads\/2024\/10\/Screen-Shot-2024-10-13-at-1.34.41-PM.png 654w\" sizes=\"auto, (max-width: 636px) 100vw, 636px\" \/><\/p>\n<p>&nbsp;<\/p>\n<h4 class=\"a_st\"><em>&#8211; A 10 meses de haber asumido en Argentina, el presidente ultraderechista reduce en un 30% el presupuesto nacional como parte de su batalla contra el d\u00e9ficit. Los recortes alcanzan a toda la administraci\u00f3n, con especial dureza en educaci\u00f3n, infraestructura y desarrollo social, mientras se prioriza a los ministerios de Defensa y de Seguridad<\/em><\/h4>\n<p>&nbsp;<\/p>\n<p class=\"\">El ultraderechista Javier Milei lleg\u00f3 al poder en Argentina al grito de \u201cno hay plata\u201d. Armado con una motosierra,<a href=\"https:\/\/elpais.com\/argentina\/2023-12-10\/milei-en-su-investidura-recorte-de-20000-millones-en-el-sector-publico-y-mas-pobreza-a-corto-plazo.html\" data-link-track-dtm=\"\" data-mrf-link=\"https:\/\/elpais.com\/argentina\/2023-12-10\/milei-en-su-investidura-recorte-de-20000-millones-en-el-sector-publico-y-mas-pobreza-a-corto-plazo.html\">\u00a0hab\u00eda prometido en campa\u00f1a reducir al m\u00ednimo el Estado\u00a0<\/a>para terminar con el d\u00e9ficit fiscal y controlar la inflaci\u00f3n. Durante sus primeros diez meses de Gobierno, cumpli\u00f3 con la promesa de recortes: el gasto se redujo un 30% interanual en t\u00e9rminos reales ajustados por inflaci\u00f3n, seg\u00fan c\u00e1lculos del Centro de Econom\u00eda Pol\u00edtica Argentina (Cepa) y la Asociaci\u00f3n de Presupuesto y Administraci\u00f3n Financiera P\u00fablica (Asap).<\/p>\n<p class=\"\">Milei pas\u00f3 la podadora sin compasi\u00f3n, siempre con la excusa de<a href=\"https:\/\/elpais.com\/argentina\/2024-08-21\/estafadores-y-traidores-milei-relanza-su-guerra-contra-la-casta-tras-una-fallida-subida-de-salarios-en-el-congreso.html\" data-link-track-dtm=\"\" data-mrf-link=\"https:\/\/elpais.com\/argentina\/2024-08-21\/estafadores-y-traidores-milei-relanza-su-guerra-contra-la-casta-tras-una-fallida-subida-de-salarios-en-el-congreso.html\">\u00a0una \u201cguerra contra la casta\u201d\u00a0<\/a>a la que acusa de convertir a una supuesta \u201cArgentina potencia\u201d de hace 100 a\u00f1os en \u201cla f\u00e1brica de pobres\u201d que, a su juicio, es hoy el pa\u00eds que gobierna. En la casta entran sin matices pol\u00edticos, sindicalistas, periodistas, actores, intelectuales, empresarios y banqueros, a los que tilda de \u201cratas miserables\u201d, \u201cculo sucio\u201d, \u201cliliputienses\u201d, \u201censobrados\u201d, \u201cdegenerados fiscales\u201d o \u201c<i>zurder\u00edo\u00a0<\/i>inmundo\u201d.<\/p>\n<p>&nbsp;<\/p>\n<figure class=\"a_m a_m-h c_m--nf\"><span class=\"_db a_m_w\"><img loading=\"lazy\" decoding=\"async\" class=\"_re lazyload a_m-h\" src=\"https:\/\/imagenes.elpais.com\/resizer\/v2\/LLNSVH6E3BGMBKGCPRVWAFQIOM.jpg?auth=e85701a447bfa8faf2001e403aef3ce0e40b2842bb04c7212e20243e21790870&amp;width=414\" sizes=\"auto, (min-width:1199px) 1155px,(min-width:1001px) calc(100vw - 44px),(min-width:768px) 767px, 100vw\" srcset=\"https:\/\/imagenes.elpais.com\/resizer\/v2\/LLNSVH6E3BGMBKGCPRVWAFQIOM.jpg?auth=e85701a447bfa8faf2001e403aef3ce0e40b2842bb04c7212e20243e21790870&amp;width=414 414w,https:\/\/imagenes.elpais.com\/resizer\/v2\/LLNSVH6E3BGMBKGCPRVWAFQIOM.jpg?auth=e85701a447bfa8faf2001e403aef3ce0e40b2842bb04c7212e20243e21790870&amp;width=828 640w,https:\/\/imagenes.elpais.com\/resizer\/v2\/LLNSVH6E3BGMBKGCPRVWAFQIOM.jpg?auth=e85701a447bfa8faf2001e403aef3ce0e40b2842bb04c7212e20243e21790870&amp;width=980 1000w,https:\/\/imagenes.elpais.com\/resizer\/v2\/LLNSVH6E3BGMBKGCPRVWAFQIOM.jpg?auth=e85701a447bfa8faf2001e403aef3ce0e40b2842bb04c7212e20243e21790870&amp;width=1960 1960w\" alt=\"Gr\u00e1fica Milei 10 meses\" width=\"414\" height=\"345\" \/><\/span><\/figure>\n<p class=\"\">Desde el 10 de diciembre de 2023, d\u00eda en que jur\u00f3 como presidente, Milei cerr\u00f3 13 ministerios; despidi\u00f3 a unos 30.000 empleados p\u00fablicos, equivalentes a casi el 10% de la plantilla nacional; paraliz\u00f3 la obra p\u00fablica, y recort\u00f3 el dinero destinado a educaci\u00f3n, salud, ciencia y jubilaciones. La poda en la ejecuci\u00f3n presupuestaria ha sido especialmente dura en infraestructura (-74%), educaci\u00f3n (-52%), trabajo (-65%), desarrollo social (-60%), salud (-28%) y asistencia a las provincias (-68%).<\/p>\n<p class=\"\">En este escenario de recortes generalizados, los fondos para la<a href=\"https:\/\/elpais.com\/argentina\/2024-08-21\/la-oposicion-a-milei-en-el-congreso-tumba-una-partida-de-100-millones-de-dolares-para-los-servicios-de-inteligencia.html\" data-link-track-dtm=\"\" data-mrf-link=\"https:\/\/elpais.com\/argentina\/2024-08-21\/la-oposicion-a-milei-en-el-congreso-tumba-una-partida-de-100-millones-de-dolares-para-los-servicios-de-inteligencia.html\">\u00a0Secretar\u00eda de Inteligencia del Estado (SIDE) crecieron desde enero un 216%\u00a0<\/a>en t\u00e9rminos interanuales y se han invertido casi 350 millones de d\u00f3lares en la compra de aviones de combate.<\/p>\n<p class=\"\">Un desagregado por sectores permite ver la foto completa del impacto de la motosierra de Milei sobre el Estado argentino.<\/p>\n<h3 class=\"\">Pensiones: en el centro de la \u201clicuadora\u201d<\/h3>\n<p class=\"\">Las jubilaciones sufrieron con especial virulencia los recortes de Milei. Apenas asumi\u00f3 el Gobierno, el presidente estableci\u00f3 por decreto una subida a partir de abril seg\u00fan la inflaci\u00f3n. El problema fue que el decreto no tuvo en cuenta el 20,6% de crecimiento del IPC registrado en enero, con el consiguiente ahorro para las arcas fiscales y el da\u00f1o evidente para los jubilados. La estrategia fue\u00a0<a href=\"https:\/\/elpais.com\/argentina\/2024-04-22\/javier-milei-defiende-su-gestion-en-un-mensaje-por-cadena-nacional.html\" data-link-track-dtm=\"\" data-mrf-link=\"https:\/\/elpais.com\/argentina\/2024-04-22\/javier-milei-defiende-su-gestion-en-un-mensaje-por-cadena-nacional.html\">parte del plan \u201clicuadora\u201d de los gastos con el que Milei alcanz\u00f3 el super\u00e1vit\u00a0<\/a>fiscal en el primer trimestre del a\u00f1o. El Congreso, de amplia mayor\u00eda opositora, aprob\u00f3 por ley una subida extra del 8% para compensar lo perdido en enero, pero el presidente vet\u00f3 la norma. \u201cSon degenerados fiscales\u201d, les dijo a los legisladores, que\u00a0<a href=\"https:\/\/elpais.com\/argentina\/2024-09-11\/la-oposicion-a-milei-fracasa-en-su-intento-por-anular-el-veto-presidencial-a-una-subida-de-las-pensiones.html\" data-link-track-dtm=\"\" data-mrf-link=\"https:\/\/elpais.com\/argentina\/2024-09-11\/la-oposicion-a-milei-fracasa-en-su-intento-por-anular-el-veto-presidencial-a-una-subida-de-las-pensiones.html\">fracasaron por falta de votos en su intento por anular el veto.\u00a0<\/a>Un jubilado de la categor\u00eda m\u00e1s baja cobra en Argentina el equivalente a unos 320 d\u00f3lares, poco m\u00e1s de un tercio de los 900 d\u00f3lares de la canasta b\u00e1sica familiar que toman las estad\u00edsticas para no ser considerado pobre.<\/p>\n<h3 class=\"\">Obra p\u00fablica: paralizada y sin recursos<\/h3>\n<p class=\"\">La inversi\u00f3n en infraestructura est\u00e1 paralizada en Argentina. Milei suspendi\u00f3 todos los proyectos en carpeta, interrumpi\u00f3 las transferencias a las provincias para las obras en marcha e inici\u00f3 auditor\u00edas en todos los contratos para revisar deudas heredadas. La C\u00e1mara Argentina de la Construcci\u00f3n (CAC) calcula que el Estado debe a los contratistas unos 400.000 millones de pesos (400 millones de d\u00f3lares) y que ya se han producido 200.000 despidos en el sector. Milei exhibe como un gran logro de su gesti\u00f3n haber congelado la obra p\u00fablica, a la que considera un pozo de corrupci\u00f3n. El presupuesto de la secretar\u00eda a cargo, hasta diciembre pasado un ministerio, se redujo en casi un 93,5%; lo mismo que el de la Direcci\u00f3n Nacional de Vialidad, que cay\u00f3 un 75%.<\/p>\n<h3 class=\"\">Educaci\u00f3n: universidades en conflicto<\/h3>\n<p class=\"\">Al igual que las \u00e1reas de Ciencia y de Cultura, entre otras, Educaci\u00f3n perdi\u00f3 con el Gobierno de Milei la condici\u00f3n de ministerio y pas\u00f3 a ser una secretar\u00eda. La degradaci\u00f3n institucional tuvo como correlato la reducci\u00f3n del presupuesto educativo, que seg\u00fan diferentes estimaciones cay\u00f3 un 50% real interanual. Una de las primeras medidas de Milei tras asumir fue la eliminaci\u00f3n del Fondo Nacional de Incentivo Docente, que equilibraba los salarios de los maestros de todo el pa\u00eds y representaba casi el 80% de las transferencias de la Naci\u00f3n a las provincias con fines educativos. Adem\u00e1s de suspender las obras de infraestructura en escuelas, tambi\u00e9n recort\u00f3 los programas de becas estudiantiles (bajaron un 69%).<\/p>\n<p class=\"\">Como la educaci\u00f3n b\u00e1sica y media es competencia de las provincias, el mayor ajuste afect\u00f3 a las universidades p\u00fablicas, que dependen del Estado nacional. A inicios de a\u00f1o, el Ejecutivo\u00a0<a href=\"https:\/\/elpais.com\/argentina\/2024-04-16\/la-mayor-universidad-de-la-argentina-bajo-amenaza-de-cierre-por-los-recortes-de-milei.html\" data-link-track-dtm=\"\" data-mrf-link=\"https:\/\/elpais.com\/argentina\/2024-04-16\/la-mayor-universidad-de-la-argentina-bajo-amenaza-de-cierre-por-los-recortes-de-milei.html\">ahog\u00f3 a las universidades<\/a>\u00a0al prorrogar el presupuesto de 2023 sin actualizarlo por inflaci\u00f3n, que entonces ara\u00f1aba el 290% interanual. Muchas se quedaron sin recursos para pagar los servicios de gas y electricidad, y el sistema universitario se declar\u00f3 en emergencia. La comunidad acad\u00e9mica protest\u00f3 con una masiva movilizaci\u00f3n nacional que finalmente forz\u00f3 al Gobierno a enviar m\u00e1s recursos. Pero el conflicto volvi\u00f3 a estallar en los \u00faltimos dos meses por el declive de los sueldos de profesores y personal administrativo. Seg\u00fan alert\u00f3 este mi\u00e9rcoles el Consejo Interuniversitario Nacional, \u201cel 70% de los salarios docentes y no docentes est\u00e1n por debajo de la l\u00ednea de la pobreza\u201d. Un amplio acuerdo opositor consigui\u00f3 el mes pasado aprobar en el Congreso una Ley de Financiamiento Universitario, para obligar al Gobierno a actualizar los recursos. Pero, pese a\u00a0<a href=\"https:\/\/elpais.com\/argentina\/2024-10-03\/la-universidad-publica-argentina-sale-a-la-calle-contra-el-veto-de-milei-a-una-ley-de-financiamiento.html\" data-link-track-dtm=\"\" data-mrf-link=\"https:\/\/elpais.com\/argentina\/2024-10-03\/la-universidad-publica-argentina-sale-a-la-calle-contra-el-veto-de-milei-a-una-ley-de-financiamiento.html\">una nueva protesta de estudiantes y profesores<\/a>, Milei vet\u00f3 la norma y esta mi\u00e9rcoles\u00a0<a href=\"https:\/\/elpais.com\/argentina\/2024-10-09\/milei-salva-por-la-minima-en-el-congreso-su-veto-a-la-ley-de-financiamiento-universitario.html\" data-link-track-dtm=\"\" data-mrf-link=\"https:\/\/elpais.com\/argentina\/2024-10-09\/milei-salva-por-la-minima-en-el-congreso-su-veto-a-la-ley-de-financiamiento-universitario.html\">consigui\u00f3 el respaldo parlamentario a su decisi\u00f3n<\/a>. Las protestas y medidas de fuerza se reactivaron esta semana y prometen continuar en universidades de todo el pa\u00eds.<\/p>\n<p>&nbsp;<\/p>\n<div class=\"raw_html\">\n<div><iframe id=\"datawrapper-chart-LmavO\" title=\"Variaci\u00f3n interanual real en la ejecuci\u00f3n presupuestaria. \" src=\"https:\/\/datawrapper.dwcdn.net\/LmavO\/6\/\" height=\"501\" frameborder=\"0\" scrolling=\"no\" aria-label=\"Gr\u00e1fico de barras\" data-external=\"1\" data-mce-fragment=\"1\"><\/iframe><\/div>\n<\/div>\n<h3><\/h3>\n<h3 class=\"\">Ciencia: una invitaci\u00f3n a la fuga de cerebros<\/h3>\n<p class=\"\">\u201cLa inversi\u00f3n en ciencia y tecnolog\u00eda se derrumba hoy en la Argentina, alcanzando sus menores valores desde la recuperaci\u00f3n de la democracia\u201d, advirti\u00f3 hace un mes la Red de Autoridades de Institutos de Ciencia y Tecnolog\u00eda.\u00a0<a href=\"https:\/\/elpais.com\/argentina\/2023-08-18\/el-ultra-javier-milei-abre-un-nuevo-frente-y-arremete-contra-la-ciencia-en-argentina.html\" target=\"_blank\" rel=\"noopener\" data-link-track-dtm=\"\" data-mrf-link=\"https:\/\/elpais.com\/argentina\/2023-08-18\/el-ultra-javier-milei-abre-un-nuevo-frente-y-arremete-contra-la-ciencia-en-argentina.html\">Los fondos del sector perdieron un tercio de su poder adquisitivo respecto del a\u00f1o pasado<\/a>. El Gobierno obtur\u00f3 en 2024 los ingresos en la carrera de investigador y de personal de apoyo del Consejo Nacional de Investigaciones Cient\u00edficas y T\u00e9cnicas (Conicet), el principal organismo dedicado a la ciencia y la tecnolog\u00eda del pa\u00eds. Tambi\u00e9n redujo dr\u00e1sticamente el n\u00famero de becas doctorales y posdoctorales, despidi\u00f3 al 15% del personal administrativo del Conicet, paraliz\u00f3 a la Agencia Nacional de Promoci\u00f3n de la Investigaci\u00f3n, cerr\u00f3 dependencias y fren\u00f3 proyectos de \u00e1reas clave como el Instituto de Tecnolog\u00eda Industrial (INTI) y la Comisi\u00f3n Nacional de Energ\u00eda At\u00f3mica (CNEA).<\/p>\n<p class=\"\">Las autoridades de los centros de ciencia advierten que ese escenario est\u00e1 fomentando la \u201cfuga de cerebros\u201d, la migraci\u00f3n de j\u00f3venes investigadores: de hecho, este a\u00f1o cay\u00f3 un 30% la postulaci\u00f3n a las diferentes convocatorias para desarrollar una carrera cient\u00edfica en el pa\u00eds. En una carta p\u00fablica dirigida a Milei en marzo pasado, 68 premios Nobel advirtieron que \u201cel sistema argentino de ciencia y tecnolog\u00eda se acerca a un peligroso precipicio\u201d.<\/p>\n<h3 class=\"\">Cultura y medios: el impacto simb\u00f3lico<\/h3>\n<p class=\"\">Un aspecto central del ajuste de Milei es su car\u00e1cter simb\u00f3lico, donde no importa tanto la magnitud del gasto recortado sino su impacto en la \u201cbatalla cultural\u201d que pretende librar el Gobierno ultra. Con ese prop\u00f3sito, y como parte de su avanzada contra el periodismo, el presidente dispuso en marzo\u00a0<a href=\"https:\/\/elpais.com\/argentina\/2024-03-04\/milei-deja-en-suspenso-telam-la-mayor-agencia-estatal-de-noticias-de-america-latina.html\" data-link-track-dtm=\"\" data-mrf-link=\"https:\/\/elpais.com\/argentina\/2024-03-04\/milei-deja-en-suspenso-telam-la-mayor-agencia-estatal-de-noticias-de-america-latina.html\">el cierre de la Agencia de Noticias T\u00e9lam<\/a>, acus\u00e1ndola de ser \u201cun mecanismo de propaganda\u201d: fundada en 1945, ten\u00eda casi 800 empleados y era la agencia noticiosa estatal m\u00e1s grande de Am\u00e9rica Latina, con una producci\u00f3n diaria de informaci\u00f3n que cubr\u00eda todo el pa\u00eds.<\/p>\n<p class=\"\">El\u00a0<a href=\"https:\/\/elpais.com\/argentina\/2024-03-16\/los-recortes-de-milei-golpean-tambien-el-cine-argentino.html\" data-link-track-dtm=\"\" data-mrf-link=\"https:\/\/elpais.com\/argentina\/2024-03-16\/los-recortes-de-milei-golpean-tambien-el-cine-argentino.html\">Instituto de Cine y Artes Audiovisuales (INCAA<\/a>) fue otra v\u00edctima dilecta de la motosierra. El Gobierno busc\u00f3 inicialmente cerrarlo, pero ante el rechazo del Congreso opt\u00f3 por el vaciamiento. El INCAA sufri\u00f3 despidos de personal, cierre de programas, la suspensi\u00f3n de la producci\u00f3n de pel\u00edculas que ya hab\u00edan sido aprobadas y el desfinanciamiento de los festivales cinematogr\u00e1ficos. Del mismo modo, la poda de fondos, las cesant\u00edas y la precarizaci\u00f3n del personal afectaron al Instituto del Teatro, el Fondo de las Artes y la Biblioteca Nacional, entre otras entidades culturales. Tambi\u00e9n a los museos: \u201cLes quitaron los pocos recursos que hab\u00eda para gestionar las actividades cotidianas. Durante casi todo el a\u00f1o, los museos y los espacios que dependen de la Secretar\u00eda de Cultura no tuvieron ni siquiera papel higi\u00e9nico, algo bochornoso\u201d, describe Nicol\u00e1s Rodr\u00edguez Saa, dirigente del sindicato de trabajadores estatales ATE.<\/p>\n<h3 class=\"\">Derechos humanos: \u201cno hay plata\u201d para buscar a nietos secuestrados por la dictadura<\/h3>\n<p class=\"\">El pasado agosto, el Gobierno disolvi\u00f3 la Unidad especial de investigaci\u00f3n de la desaparici\u00f3n de ni\u00f1os como consecuencia del accionar del terrorismo de Estado, creada en 2004. Un mes despu\u00e9s,\u00a0<a href=\"https:\/\/eur01.safelinks.protection.outlook.com\/?url=https%3A%2F%2Felpais.com%2Fargentina%2F2024-07-05%2Fel-gobierno-de-milei-amenaza-la-busqueda-de-los-ninos-robados-durante-la-dictadura.html&amp;data=05%7C02%7Cfrivas%40grupoprisa.com%7Cd2f91dd2d2784b9b875e08dce87759f9%7Cc4fd49f3e15a44d882e2c909735d2e45%7C0%7C0%7C638640846552242894%7CUnknown%7CTWFpbGZsb3d8eyJWIjoiMC4wLjAwMDAiLCJQIjoiV2luMzIiLCJBTiI6Ik1haWwiLCJXVCI6Mn0%3D%7C0%7C%7C%7C&amp;sdata=lfcW%2BJiREm5f%2BPqqPPXBtAFyGg5vlZQLcCEjXphAICc%3D&amp;reserved=0\" data-link-track-dtm=\"\" data-mrf-link=\"https:\/\/eur01.safelinks.protection.outlook.com\/?url=https%3A%2F%2Felpais.com%2Fargentina%2F2024-07-05%2Fel-gobierno-de-milei-amenaza-la-busqueda-de-los-ninos-robados-durante-la-dictadura.html&amp;data=05%7C02%7Cfrivas%40grupoprisa.com%7Cd2f91dd2d2784b9b875e08dce87759f9%7Cc4fd49f3e15a44d882e2c909735d2e45%7C0%7C0%7C638640846552242894%7CUnknown%7CTWFpbGZsb3d8eyJWIjoiMC4wLjAwMDAiLCJQIjoiV2luMzIiLCJBTiI6Ik1haWwiLCJXVCI6Mn0%3D%7C0%7C%7C%7C&amp;sdata=lfcW%2BJiREm5f%2BPqqPPXBtAFyGg5vlZQLcCEjXphAICc%3D&amp;reserved=0\">dej\u00f3 de financiar a las Abuelas de Plaza de Mayo, la organizaci\u00f3n que busca a personas nacidas en cautiverio<\/a>\u00a0y apropiadas durante la dictadura que gobern\u00f3 Argentina entre 1976 y 1983: hasta el momento han logrado restituir la verdadera identidad de 133 nietos. Ambas medidas, sumadas a despidos previos de trabajadores, forman parte del giro de 180 grados en las pol\u00edticas de derechos humanos de Argentina desde la llegada de Milei a la Presidencia.<\/p>\n<p class=\"\">En esta \u00e1rea, los recortes presupuestarios son la punta del iceberg de un cambio de discurso que ha puesto en jaque el consenso de la sociedad argentina contra el terrorismo de Estado. El mandatario ultraderechista\u00a0<a href=\"https:\/\/eur01.safelinks.protection.outlook.com\/?url=https%3A%2F%2Felpais.com%2Fargentina%2F2024-03-24%2Fargentina-sale-a-las-calles-contra-el-negacionismo-de-milei.html&amp;data=05%7C02%7Cfrivas%40grupoprisa.com%7Cd2f91dd2d2784b9b875e08dce87759f9%7Cc4fd49f3e15a44d882e2c909735d2e45%7C0%7C0%7C638640846552282774%7CUnknown%7CTWFpbGZsb3d8eyJWIjoiMC4wLjAwMDAiLCJQIjoiV2luMzIiLCJBTiI6Ik1haWwiLCJXVCI6Mn0%3D%7C0%7C%7C%7C&amp;sdata=SQIyCXvFaqP668mbaCuh8l9gxiWKgh5cE8ncAbsgwrA%3D&amp;reserved=0\" data-link-track-dtm=\"\" data-mrf-link=\"https:\/\/eur01.safelinks.protection.outlook.com\/?url=https%3A%2F%2Felpais.com%2Fargentina%2F2024-03-24%2Fargentina-sale-a-las-calles-contra-el-negacionismo-de-milei.html&amp;data=05%7C02%7Cfrivas%40grupoprisa.com%7Cd2f91dd2d2784b9b875e08dce87759f9%7Cc4fd49f3e15a44d882e2c909735d2e45%7C0%7C0%7C638640846552282774%7CUnknown%7CTWFpbGZsb3d8eyJWIjoiMC4wLjAwMDAiLCJQIjoiV2luMzIiLCJBTiI6Ik1haWwiLCJXVCI6Mn0%3D%7C0%7C%7C%7C&amp;sdata=SQIyCXvFaqP668mbaCuh8l9gxiWKgh5cE8ncAbsgwrA%3D&amp;reserved=0\">ha minimizado los cr\u00edmenes de lesa humanidad perpetrados por la dictadura, considerados ahora \u201cexcesos\u201d<\/a>\u00a0cometidos por algunos militares, pese a las sentencias judiciales que consideran probada la existencia de un plan sistem\u00e1tico de secuestros, torturas, desapariciones y apropiaci\u00f3n de beb\u00e9s.<\/p>\n<h3 class=\"\">Pol\u00edticas sociales: freno a la mediaci\u00f3n de las organizaciones<\/h3>\n<p class=\"\"><a href=\"https:\/\/eur01.safelinks.protection.outlook.com\/?url=https%3A%2F%2Felpais.com%2Fargentina%2F2024-09-26%2Fmas-de-cinco-millones-de-personas-caen-en-la-pobreza-desde-que-milei-es-presidente.html&amp;data=05%7C02%7Cfrivas%40grupoprisa.com%7Cd2f91dd2d2784b9b875e08dce87759f9%7Cc4fd49f3e15a44d882e2c909735d2e45%7C0%7C0%7C638640846552318870%7CUnknown%7CTWFpbGZsb3d8eyJWIjoiMC4wLjAwMDAiLCJQIjoiV2luMzIiLCJBTiI6Ik1haWwiLCJXVCI6Mn0%3D%7C0%7C%7C%7C&amp;sdata=FGoaJG%2BsLVP2ngWyP3SAR3WQRGSTHNMOgHsuGCSFFqw%3D&amp;reserved=0\" data-link-track-dtm=\"\" data-mrf-link=\"https:\/\/eur01.safelinks.protection.outlook.com\/?url=https%3A%2F%2Felpais.com%2Fargentina%2F2024-09-26%2Fmas-de-cinco-millones-de-personas-caen-en-la-pobreza-desde-que-milei-es-presidente.html&amp;data=05%7C02%7Cfrivas%40grupoprisa.com%7Cd2f91dd2d2784b9b875e08dce87759f9%7Cc4fd49f3e15a44d882e2c909735d2e45%7C0%7C0%7C638640846552318870%7CUnknown%7CTWFpbGZsb3d8eyJWIjoiMC4wLjAwMDAiLCJQIjoiV2luMzIiLCJBTiI6Ik1haWwiLCJXVCI6Mn0%3D%7C0%7C%7C%7C&amp;sdata=FGoaJG%2BsLVP2ngWyP3SAR3WQRGSTHNMOgHsuGCSFFqw%3D&amp;reserved=0\">El 66% de los menores de 14 a\u00f1os es pobre en Argentina<\/a>. A\u00fan as\u00ed, Milei ha reducido el presupuesto destinado a las infancias, un recorte criticado tanto por organizaciones locales como por Naciones Unidas. El Gobierno mantiene ayudas como la Asignaci\u00f3n Universal por Hijo y la tarjeta Alimentar que reciben las familias de bajos ingresos con menores a cargo, pero ha suprimido aquellos subsidios que se gestionaban a trav\u00e9s de organizaciones sociales, a las que acusa de ser \u201cgerentes de la pobreza\u201d y de haber montado un \u201csistema de esclavitud moderno\u201d. Entre las ayudas interrumpidas est\u00e1\u00a0<a href=\"https:\/\/eur01.safelinks.protection.outlook.com\/?url=https%3A%2F%2Felpais.com%2Fargentina%2F2024-02-25%2Fmilei-ahoga-a-los-comedores-populares-antes-era-dificil-ahora-es-peor.html&amp;data=05%7C02%7Cfrivas%40grupoprisa.com%7Cd2f91dd2d2784b9b875e08dce87759f9%7Cc4fd49f3e15a44d882e2c909735d2e45%7C0%7C0%7C638640846552350797%7CUnknown%7CTWFpbGZsb3d8eyJWIjoiMC4wLjAwMDAiLCJQIjoiV2luMzIiLCJBTiI6Ik1haWwiLCJXVCI6Mn0%3D%7C0%7C%7C%7C&amp;sdata=oByk0vLvbX985iO4Ce1Tp5gBcXFod8HgEzSgY5Ftm7M%3D&amp;reserved=0\" data-link-track-dtm=\"\" data-mrf-link=\"https:\/\/eur01.safelinks.protection.outlook.com\/?url=https%3A%2F%2Felpais.com%2Fargentina%2F2024-02-25%2Fmilei-ahoga-a-los-comedores-populares-antes-era-dificil-ahora-es-peor.html&amp;data=05%7C02%7Cfrivas%40grupoprisa.com%7Cd2f91dd2d2784b9b875e08dce87759f9%7Cc4fd49f3e15a44d882e2c909735d2e45%7C0%7C0%7C638640846552350797%7CUnknown%7CTWFpbGZsb3d8eyJWIjoiMC4wLjAwMDAiLCJQIjoiV2luMzIiLCJBTiI6Ik1haWwiLCJXVCI6Mn0%3D%7C0%7C%7C%7C&amp;sdata=oByk0vLvbX985iO4Ce1Tp5gBcXFod8HgEzSgY5Ftm7M%3D&amp;reserved=0\">el reparto de alimentos a los comedores populares a los que asisten ni\u00f1os y familias enteras<\/a>. Tambi\u00e9n han sido cancelados los programas laborales canalizados a trav\u00e9s de cooperativas de trabajadores.<\/p>\n<p>&nbsp;<\/p>\n<div class=\"raw_html\">\n<div><iframe id=\"datawrapper-chart-rvb5n\" title=\"Cantidad de trabajadores del Estado nacional (Diciembre 2023 - Agosto 2024)\" src=\"https:\/\/datawrapper.dwcdn.net\/rvb5n\/8\/\" height=\"485\" frameborder=\"0\" scrolling=\"no\" aria-label=\"Gr\u00e1fico de columnas\" data-external=\"1\" data-mce-fragment=\"1\"><\/iframe><\/div>\n<\/div>\n<h3><\/h3>\n<h3 class=\"\">Salud: m\u00e1s demanda y menos recursos en los hospitales p\u00fablicos<\/h3>\n<p class=\"\">El aumento de los seguros privados de salud tras la liberalizaci\u00f3n de precios aprobada por el Gobierno \u2014y despu\u00e9s temporalmente revocada\u2014 provoc\u00f3 que algunas empresas de medicina privada perdieran hasta el 10% de sus clientes en los primeros meses de 2024. Hubo quienes buscaron una alternativa m\u00e1s econ\u00f3mica, pero otros optaron por la sanidad p\u00fablica, que ha visto aumentar la demanda en un escenario de recorte de recursos. El mayor recorte es salarial y afecta en especial a los trabajadores de los hospitales que dependen del Gobierno nacional. Entre ellos est\u00e1\u00a0<a href=\"https:\/\/eur01.safelinks.protection.outlook.com\/?url=https%3A%2F%2Felpais.com%2Fargentina%2F2024-10-08%2Fgarrahan-el-mayor-hospital-pediatrico-de-argentina-encabeza-la-lucha-de-la-sanidad-publica-contra-los-recortes-de-milei.html&amp;data=05%7C02%7Cfrivas%40grupoprisa.com%7Cd2f91dd2d2784b9b875e08dce87759f9%7Cc4fd49f3e15a44d882e2c909735d2e45%7C0%7C0%7C638640846552377926%7CUnknown%7CTWFpbGZsb3d8eyJWIjoiMC4wLjAwMDAiLCJQIjoiV2luMzIiLCJBTiI6Ik1haWwiLCJXVCI6Mn0%3D%7C0%7C%7C%7C&amp;sdata=8wlh3cKSnShm3vuwTnVyiAjkbOl%2F%2Fqhei%2F6B1KpRlIU%3D&amp;reserved=0\" data-link-track-dtm=\"\" data-mrf-link=\"https:\/\/eur01.safelinks.protection.outlook.com\/?url=https%3A%2F%2Felpais.com%2Fargentina%2F2024-10-08%2Fgarrahan-el-mayor-hospital-pediatrico-de-argentina-encabeza-la-lucha-de-la-sanidad-publica-contra-los-recortes-de-milei.html&amp;data=05%7C02%7Cfrivas%40grupoprisa.com%7Cd2f91dd2d2784b9b875e08dce87759f9%7Cc4fd49f3e15a44d882e2c909735d2e45%7C0%7C0%7C638640846552377926%7CUnknown%7CTWFpbGZsb3d8eyJWIjoiMC4wLjAwMDAiLCJQIjoiV2luMzIiLCJBTiI6Ik1haWwiLCJXVCI6Mn0%3D%7C0%7C%7C%7C&amp;sdata=8wlh3cKSnShm3vuwTnVyiAjkbOl%2F%2Fqhei%2F6B1KpRlIU%3D&amp;reserved=0\">el Garrahan, el mayor hospital pedi\u00e1trico de Argentina,<\/a>\u00a0referente en Am\u00e9rica Latina por su excelencia m\u00e9dica y educativa. La cartera sanitaria, dirigida por el veterano gerente de medicina privada Mario Lugones, tiene en la mira tambi\u00e9n la reestructuraci\u00f3n de centros que considera poco rentables, como el hospital especializado en salud mental y adicciones Laura Bonaparte.<\/p>\n<h3 class=\"\">G\u00e9nero: sin Ministerio y con pol\u00edticas interrumpidas<\/h3>\n<p class=\"\">En Argentina, un pa\u00eds en el que se comete un feminicidio cada 35 horas, Milei no solo ha cerrado el Ministerio de Mujeres, sino tambi\u00e9n la subsecretar\u00eda contra la violencia de g\u00e9nero. Adem\u00e1s,\u00a0<a href=\"https:\/\/eur01.safelinks.protection.outlook.com\/?url=https%3A%2F%2Felpais.com%2Fargentina%2F2024-06-23%2Fvictimas-de-violencia-abandonadas-a-su-suerte-y-mas-discriminacion-por-el-recorte-de-las-politicas-de-genero-de-milei.html&amp;data=05%7C02%7Cfrivas%40grupoprisa.com%7Cd2f91dd2d2784b9b875e08dce87759f9%7Cc4fd49f3e15a44d882e2c909735d2e45%7C0%7C0%7C638640846552404284%7CUnknown%7CTWFpbGZsb3d8eyJWIjoiMC4wLjAwMDAiLCJQIjoiV2luMzIiLCJBTiI6Ik1haWwiLCJXVCI6Mn0%3D%7C0%7C%7C%7C&amp;sdata=ugrsjbp9j3JmgliWnUWWzrdpWxRowyFV5CQuvSEkbBg%3D&amp;reserved=0\" data-link-track-dtm=\"\" data-mrf-link=\"https:\/\/eur01.safelinks.protection.outlook.com\/?url=https%3A%2F%2Felpais.com%2Fargentina%2F2024-06-23%2Fvictimas-de-violencia-abandonadas-a-su-suerte-y-mas-discriminacion-por-el-recorte-de-las-politicas-de-genero-de-milei.html&amp;data=05%7C02%7Cfrivas%40grupoprisa.com%7Cd2f91dd2d2784b9b875e08dce87759f9%7Cc4fd49f3e15a44d882e2c909735d2e45%7C0%7C0%7C638640846552404284%7CUnknown%7CTWFpbGZsb3d8eyJWIjoiMC4wLjAwMDAiLCJQIjoiV2luMzIiLCJBTiI6Ik1haWwiLCJXVCI6Mn0%3D%7C0%7C%7C%7C&amp;sdata=ugrsjbp9j3JmgliWnUWWzrdpWxRowyFV5CQuvSEkbBg%3D&amp;reserved=0\">ha dejado reducida al m\u00ednimo la l\u00ednea telef\u00f3nica 144 de acompa\u00f1amiento a las v\u00edctimas de violencia<\/a>\u00a0y ha desfinanciado programas destinados a ayudarlas, como los seis meses de subsidio econ\u00f3mico que recib\u00edan las que estaban en peligro para poder abandonar la vivienda del agresor y comenzar a rehacer sus vidas.<\/p>\n<p class=\"\">El l\u00edder ultraderechista considera al feminismo uno de los grandes enemigos a batir en la guerra cultural que encabeza. Ha prohibido la perspectiva de g\u00e9nero y el lenguaje inclusivo en toda la Administraci\u00f3n nacional y est\u00e1 en contra de que las escuelas impartan educaci\u00f3n sexual integral. Milei sostiene que el aborto es \u201cun asesinato agravado por el v\u00ednculo\u201d, lo que hace temer que en un futuro avance contra la ley de interrupci\u00f3n voluntaria del embarazo aprobada en 2020.<\/p>\n<h3 class=\"\">Servicios p\u00fablicos: tarifazos en luz, gas, agua y transporte<\/h3>\n<p class=\"\">Los subsidios del kirchnerismo a la luz, el gas, el agua y el transporte p\u00fablico significaban una pesada carga para las arcas p\u00fablicas que Milei comenz\u00f3 a aligerar desde el primer d\u00eda. S\u00f3lo en energ\u00eda, los subsidios en 2023 fueron equivalentes al 1,4% del PIB argentino. El ahorro fiscal obtenido por Milei en este \u00e1mbito se ha logrado con un aumento cercano al 400% en la canasta de servicios p\u00fablicos que\u00a0<a href=\"https:\/\/eur01.safelinks.protection.outlook.com\/?url=https%3A%2F%2Felpais.com%2Fargentina%2F2024-09-30%2Fel-ajuste-fiscal-de-milei-acorrala-a-la-clase-media-argentina.html&amp;data=05%7C02%7Cfrivas%40grupoprisa.com%7Cd2f91dd2d2784b9b875e08dce87759f9%7Cc4fd49f3e15a44d882e2c909735d2e45%7C0%7C0%7C638640846552423955%7CUnknown%7CTWFpbGZsb3d8eyJWIjoiMC4wLjAwMDAiLCJQIjoiV2luMzIiLCJBTiI6Ik1haWwiLCJXVCI6Mn0%3D%7C0%7C%7C%7C&amp;sdata=JEB1b56YucpXftDtGYKZzkUQYKG5AhKbybjI8zja%2FMY%3D&amp;reserved=0\" data-link-track-dtm=\"\" data-mrf-link=\"https:\/\/eur01.safelinks.protection.outlook.com\/?url=https%3A%2F%2Felpais.com%2Fargentina%2F2024-09-30%2Fel-ajuste-fiscal-de-milei-acorrala-a-la-clase-media-argentina.html&amp;data=05%7C02%7Cfrivas%40grupoprisa.com%7Cd2f91dd2d2784b9b875e08dce87759f9%7Cc4fd49f3e15a44d882e2c909735d2e45%7C0%7C0%7C638640846552423955%7CUnknown%7CTWFpbGZsb3d8eyJWIjoiMC4wLjAwMDAiLCJQIjoiV2luMzIiLCJBTiI6Ik1haWwiLCJXVCI6Mn0%3D%7C0%7C%7C%7C&amp;sdata=JEB1b56YucpXftDtGYKZzkUQYKG5AhKbybjI8zja%2FMY%3D&amp;reserved=0\">ha complicado mucho las cuentas familiares<\/a>. Seg\u00fan el informe mensual del Instituto interdisciplinario de econom\u00eda pol\u00edtica, en diciembre una familia de clase media gastaba unos 30.105 pesos (unos 30 d\u00f3lares) en luz, gas, agua y transporte p\u00fablico. En septiembre, el gasto hab\u00eda subido a 141.543 pesos (142 d\u00f3lares).<\/p>\n<h3 class=\"\">Provincias: se cierra el grifo nacional<\/h3>\n<p class=\"\">Uno de los pilares del control del d\u00e9ficit fiscal ha sido la reducci\u00f3n de las transferencias que el Gobierno nacional debe hacer a las provincias. El dinero sale del impuesto a la renta y el IVA, que se reparte seg\u00fan porcentajes fijos establecidos por la ley de coparticipaci\u00f3n federal entre los 24 distritos del pa\u00eds. Las transferencias se dividen en autom\u00e1ticas y discrecionales. Las primeras cayeron un 19%, producto de la recesi\u00f3n econ\u00f3mica. Las segundas dependen de la voluntad de la Casa Rosada y son el arma que usan los distintos gobiernos para domesticar a los gobernadores. Milei redujo las transferencias discrecionales en un 89,5% desde diciembre pasado, sobre todo, en lo que hace a los aportes para el desarrollo de obra p\u00fablica. Las provincias m\u00e1s afectadas fueron La Rioja, Formosa y La Pampa.<\/p>\n<h3 class=\"\">Defensa y Seguridad: las favoritas de Milei<\/h3>\n<p class=\"\">Milei se declara un anarcocapitalista que, forzado por las circunstancias, se rinde finalmente al minarquismo. La primera opci\u00f3n considera que el Estado no debe existir; la segunda, que solo debe ocuparse de la defensa de las fronteras y la seguridad interior. Fiel a esos principios, los ministerios de Seguridad y de Defensa han salido en 2024 casi indemnes de la motosierra de Milei y ser\u00e1n, adem\u00e1s, recompensados en 2025. La ejecuci\u00f3n presupuestaria en el ministerio que se encarga de las polic\u00edas nacionales cay\u00f3 el 22,3%; el dinero destinado a las tres fuerzas armadas baj\u00f3 15,9%, muy por debajo del promedio general. Los servicios de inteligencia (+216%) y Estado Mayor Conjunto de las Fuerzas Armadas (+18,6%) son las dos \u00fanicas marcas verdes en un mapa te\u00f1ido de rojo.<\/p>\n<p class=\"\">Las cifras negativas de Defensa ocultan algunos hitos. El Gobierno compr\u00f3 a Dinamarca 24 cazas F-16 por 301 millones de d\u00f3lares, previo acuerdo con Estados Unidos. E invertir\u00e1 otros 46 millones para modernizar las instalaciones militares que recibir\u00e1n a los nuevos aviones. El presupuesto 2025 ser\u00e1 especialmente ben\u00e9volo con el sector, con una subida desde el 0,8% al 1% del PIB en el saldo final del reparto de fondos.<\/p>\n","protected":false},"excerpt":{"rendered":"<p>&nbsp; &#8211; A 10 meses de haber asumido en Argentina, el presidente ultraderechista reduce en un 30% el presupuesto nacional como parte de su batalla&hellip;<\/p>\n","protected":false},"author":99,"featured_media":522704,"comment_status":"open","ping_status":"open","sticky":false,"template":"","format":"standard","meta":{"footnotes":""},"categories":[23],"tags":[],"class_list":["post-522703","post","type-post","status-publish","format-standard","has-post-thumbnail","hentry","category-latinoamerica"],"_links":{"self":[{"href":"https:\/\/diarioelpopular.com\/index.php\/wp-json\/wp\/v2\/posts\/522703","targetHints":{"allow":["GET"]}}],"collection":[{"href":"https:\/\/diarioelpopular.com\/index.php\/wp-json\/wp\/v2\/posts"}],"about":[{"href":"https:\/\/diarioelpopular.com\/index.php\/wp-json\/wp\/v2\/types\/post"}],"author":[{"embeddable":true,"href":"https:\/\/diarioelpopular.com\/index.php\/wp-json\/wp\/v2\/users\/99"}],"replies":[{"embeddable":true,"href":"https:\/\/diarioelpopular.com\/index.php\/wp-json\/wp\/v2\/comments?post=522703"}],"version-history":[{"count":1,"href":"https:\/\/diarioelpopular.com\/index.php\/wp-json\/wp\/v2\/posts\/522703\/revisions"}],"predecessor-version":[{"id":522705,"href":"https:\/\/diarioelpopular.com\/index.php\/wp-json\/wp\/v2\/posts\/522703\/revisions\/522705"}],"wp:featuredmedia":[{"embeddable":true,"href":"https:\/\/diarioelpopular.com\/index.php\/wp-json\/wp\/v2\/media\/522704"}],"wp:attachment":[{"href":"https:\/\/diarioelpopular.com\/index.php\/wp-json\/wp\/v2\/media?parent=522703"}],"wp:term":[{"taxonomy":"category","embeddable":true,"href":"https:\/\/diarioelpopular.com\/index.php\/wp-json\/wp\/v2\/categories?post=522703"},{"taxonomy":"post_tag","embeddable":true,"href":"https:\/\/diarioelpopular.com\/index.php\/wp-json\/wp\/v2\/tags?post=522703"}],"curies":[{"name":"wp","href":"https:\/\/api.w.org\/{rel}","templated":true}]}}