{"id":522714,"date":"2024-10-13T13:53:38","date_gmt":"2024-10-13T17:53:38","guid":{"rendered":"https:\/\/diarioelpopular.com\/?p=522714"},"modified":"2024-10-13T13:53:38","modified_gmt":"2024-10-13T17:53:38","slug":"el-campo-de-concentracion-en-una-isla-africana-en-el-que-la-dictadura-de-portugal-encerro-a-sus-oponentes","status":"publish","type":"post","link":"https:\/\/diarioelpopular.com\/index.php\/2024\/10\/13\/el-campo-de-concentracion-en-una-isla-africana-en-el-que-la-dictadura-de-portugal-encerro-a-sus-oponentes\/","title":{"rendered":"El campo de concentraci\u00f3n en una isla africana en el que la dictadura de Portugal encerr\u00f3 a sus oponentes"},"content":{"rendered":"<p><img loading=\"lazy\" decoding=\"async\" class=\"alignnone size-custom-full-size wp-image-522715\" src=\"https:\/\/diarioelpopular.com\/wp-content\/uploads\/2024\/10\/Screen-Shot-2024-10-13-at-1.53.13-PM-636x359.png\" alt=\"\" width=\"636\" height=\"359\" srcset=\"https:\/\/diarioelpopular.com\/wp-content\/uploads\/2024\/10\/Screen-Shot-2024-10-13-at-1.53.13-PM-636x359.png 636w, https:\/\/diarioelpopular.com\/wp-content\/uploads\/2024\/10\/Screen-Shot-2024-10-13-at-1.53.13-PM-300x170.png 300w, https:\/\/diarioelpopular.com\/wp-content\/uploads\/2024\/10\/Screen-Shot-2024-10-13-at-1.53.13-PM-768x434.png 768w, https:\/\/diarioelpopular.com\/wp-content\/uploads\/2024\/10\/Screen-Shot-2024-10-13-at-1.53.13-PM-129x73.png 129w, https:\/\/diarioelpopular.com\/wp-content\/uploads\/2024\/10\/Screen-Shot-2024-10-13-at-1.53.13-PM.png 1024w\" sizes=\"auto, (max-width: 636px) 100vw, 636px\" \/><\/p>\n<p>&nbsp;<\/p>\n<div class=\"bbc-19j92fr ebmt73l0\" dir=\"ltr\">\n<ul>\n<li class=\"bbc-hhl7in e17g058b0\" dir=\"ltr\"><em><b>Edmundo Pedro (1918-2018), ingres\u00f3 al campo de concentraci\u00f3n de Tarrafal, en la isla de Santiago, en Cabo Verde, a los 17 a\u00f1os.<\/b><\/em><\/li>\n<\/ul>\n<\/div>\n<div class=\"bbc-19j92fr ebmt73l0\" dir=\"ltr\">\n<p dir=\"ltr\">\n<p class=\"bbc-hhl7in e17g058b0\" dir=\"ltr\">Form\u00f3 parte del primer grupo de prisioneros que fueron a construir el campo, que en ese momento contaba con poco m\u00e1s que tiendas de campa\u00f1a. Era octubre de 1936.<\/p>\n<\/div>\n<div class=\"bbc-19j92fr ebmt73l0\" dir=\"ltr\">\n<p class=\"bbc-hhl7in e17g058b0\" dir=\"ltr\">Edmundo Pedro hab\u00eda sido detenido ocho meses antes\u00a0por dirigir las Juventudes del Partido Comunista\u00a0y embarcado hacia Tarrafal sin saber muy bien ad\u00f3nde se dirig\u00eda.<\/p>\n<\/div>\n<div class=\"bbc-19j92fr ebmt73l0\" dir=\"ltr\">\n<p class=\"bbc-hhl7in e17g058b0\" dir=\"ltr\">Su padre, Gabriel Pedro, tambi\u00e9n era opositor al gobierno y viajaba junto a \u00e9l. Ninguno de los dos sab\u00eda en ese momento\u00a0cu\u00e1nto tiempo pasar\u00edan en el exilio.\u00a0Regresaron 10 a\u00f1os despu\u00e9s.<\/p>\n<\/div>\n<section class=\"bbc-geybui\" role=\"region\" aria-label=\"Publicidad 2\" aria-hidden=\"true\" data-e2e=\"advertisement\"><\/section>\n<div class=\"bbc-19j92fr ebmt73l0\" dir=\"ltr\">\n<p class=\"bbc-hhl7in e17g058b0\" dir=\"ltr\">La Colonia Penal de Cabo Verde, nombre oficial del campo de Tarrafal, fue creada en abril de 1936, en el contexto de varias protestas sociales que hab\u00edan comenzado con la\u00a0huelga general del 18 de enero de 1934 en Portugal, en la que hubo numerosas detenciones.<\/p>\n<\/div>\n<div class=\"bbc-1n4f7vm ebmt73l0\" dir=\"ltr\"><\/div>\n<div class=\"bbc-19j92fr ebmt73l0\" dir=\"ltr\">\n<p class=\"bbc-hhl7in e17g058b0\" dir=\"ltr\">El r\u00e9gimen cre\u00f3\u00a0un campo de concentraci\u00f3n en una de sus colonias\u00a0y deport\u00f3 all\u00ed a los prisioneros que consideraba ideol\u00f3gicamente m\u00e1s peligrosos.<\/p>\n<\/div>\n<div class=\"bbc-19j92fr ebmt73l0\" dir=\"ltr\">\n<p class=\"bbc-hhl7in e17g058b0\" dir=\"ltr\">&#8220;La primera fase del campo acogi\u00f3 principalmente a presos pol\u00edticos opuestos al r\u00e9gimen:\u00a0anarcosindicalistas, comunistas y socialistas&#8221;, explica la historiadora Isabel Flunser Pimentel.<\/p>\n<\/div>\n<div class=\"bbc-19j92fr ebmt73l0\" dir=\"ltr\">\n<p class=\"bbc-hhl7in e17g058b0\" dir=\"ltr\">&#8220;Se parec\u00eda a los campos, no de exterminio, pero si a los campos de concentraci\u00f3n que exist\u00edan en\u00a0la Alemania nazi o en la Espa\u00f1a franquista.\u00a0El objetivo no era matar a los prisioneros, sino neutralizarlos, encerrarlos lo m\u00e1s lejos posible y dejarlos morir&#8221;, agrega.<\/p>\n<\/div>\n<div class=\"bbc-19j92fr ebmt73l0\" dir=\"ltr\">\n<p class=\"bbc-hhl7in e17g058b0\" dir=\"ltr\">Al principio era s\u00f3lo un campo con tiendas de lona. &#8220;Fueron los propios presos, sometidos a trabajos forzosos, quienes construyeron las distintas instalaciones&#8221;, afirma N\u00e9lida Brito, profesora de Historia Contempor\u00e1nea de la Universidad de Cabo Verde.<\/p>\n<\/div>\n<div class=\"bbc-19j92fr ebmt73l0\" dir=\"ltr\">\n<p class=\"bbc-hhl7in e17g058b0\" dir=\"ltr\">Por all\u00ed pasaron 340 prisioneros, todos portugueses, en lo que se conoci\u00f3 como la &#8220;primera fase&#8221; del campo.<\/p>\n<\/div>\n<div class=\"bbc-19j92fr ebmt73l0\" dir=\"ltr\">\n<p class=\"bbc-hhl7in e17g058b0\" dir=\"ltr\">Las condiciones eran terribles:\u00a0adem\u00e1s de los malos tratos y las palizas, hab\u00eda escasez de alimentos, falta de condiciones higi\u00e9nicas (los &#8220;ba\u00f1os&#8221; eran cinco agujeros en el suelo con latas en su interior), combinado con el clima hostil de Cabo Verde y los peligros de contraer malaria por las picaduras de mosquitos debido a la falta de atenci\u00f3n m\u00e9dica.<\/p>\n<\/div>\n<div class=\"bbc-19j92fr ebmt73l0\" dir=\"ltr\">\n<p class=\"bbc-hhl7in e17g058b0\" dir=\"ltr\">Tanto era as\u00ed que Tarrafal empez\u00f3 a ser conocido\u00a0como \u201cel campo de la muerte lenta\u201d.<\/p>\n<p dir=\"ltr\">\n<\/div>\n<figure class=\"bbc-1qn0xuy\">\n<div class=\"bbc-18ywsw9\">\n<div style=\"width: 1290px\" class=\"wp-caption alignnone\"><img loading=\"lazy\" decoding=\"async\" class=\"bbc-139onq\" src=\"https:\/\/ichef.bbci.co.uk\/ace\/ws\/640\/cpsprodpb\/219c\/live\/bb5ffdd0-020f-11ef-bdf2-6f0264f3b59d.jpg.webp\" alt=\"La construcci\u00f3n del campo, en las primeras d\u00e9cadas del siglo XX\" width=\"1280\" height=\"720\" \/><p class=\"wp-caption-text\">Fuente de la imagen,Acervo\/SIPA.\u00a0La construcci\u00f3n del campo, en las primeras d\u00e9cadas del siglo XX.<\/p><\/div>\n<\/div>\n<\/figure>\n<div class=\"bbc-19j92fr ebmt73l0\" dir=\"ltr\">\n<p dir=\"ltr\">\n<p dir=\"ltr\">\n<p class=\"bbc-hhl7in e17g058b0\" dir=\"ltr\">Quien hoy visita el campo de Tarrafal, transformado en Museo de la Resistencia, puede leer, inscrita en las paredes, la declaraci\u00f3n de intenciones del m\u00e9dico Esmeraldo Pais da Prata, que deb\u00eda velar por la salud de los prisioneros:\u00a0&#8220;No vengo aqu\u00ed para curar, sino para expedir certificados de defunci\u00f3n&#8221;.<\/p>\n<\/div>\n<div class=\"bbc-19j92fr ebmt73l0\" dir=\"ltr\">\n<p class=\"bbc-hhl7in e17g058b0\" dir=\"ltr\">&#8220;33 presos murieron entre 1936 y 1954. La mayor\u00eda por enfermedades como malaria o diarrea, a consecuencia del agua que beb\u00edan, que no era potable. Pero otros por los malos tratos que sufr\u00edan&#8221;, dice N\u00e9lida Brito.<\/p>\n<\/div>\n<div class=\"bbc-19j92fr ebmt73l0\" dir=\"ltr\">\n<p class=\"bbc-hhl7in e17g058b0\" dir=\"ltr\">El peor de los castigos fue la llamada &#8220;sart\u00e9n&#8221;. Creada por el primer director del campo de Tarrafal, Manual dos Reis, en 1937, era\u00a0una &#8220;caja&#8221; de hormig\u00f3n de seis metros de largo, tres de ancho y con una peque\u00f1a grieta en el techo.<\/p>\n<\/div>\n<div class=\"bbc-19j92fr ebmt73l0\" dir=\"ltr\">\n<p class=\"bbc-hhl7in e17g058b0\" dir=\"ltr\">&#8220;Expuesta al intenso sol de Cabo Verde, el calor en el interior podr\u00eda alcanzar los 60\u00baC &#8220;, afirma la profesora de historia.<\/p>\n<\/div>\n<div class=\"bbc-19j92fr ebmt73l0\" dir=\"ltr\">\n<h2 id=\"La-sart\u00e9n\" class=\"bbc-1f03ibc eglt09e0\" tabindex=\"-1\">La &#8220;sart\u00e9n&#8221;<\/h2>\n<\/div>\n<div class=\"bbc-19j92fr ebmt73l0\" dir=\"ltr\">\n<p class=\"bbc-hhl7in e17g058b0\" dir=\"ltr\">&#8220;Cuando estaba en la sart\u00e9n -con doce hombres m\u00e1s- la humedad del aliento se condensaba en las paredes por donde se escurr\u00eda. No hace falta mucha imaginaci\u00f3n para hacerse una idea de lo que podr\u00eda pasar cuando doce hombres intentaban respirar dentro de una caja as\u00ed,\u00a0con el sol tropical calentando el exterior, y la evaporaci\u00f3n del aire respirado corriendo por las paredes&#8221;, escribi\u00f3 Gilberto Oliveira, prisionero del campo, en el libro\u00a0<i class=\"bbc-h1y5j7 eih42320\">Mem\u00f3ria Viva do Tarrafal<\/i>.<\/p>\n<\/div>\n<div class=\"bbc-19j92fr ebmt73l0\" dir=\"ltr\">\n<p class=\"bbc-hhl7in e17g058b0\" dir=\"ltr\">&#8220;Los cuerpos estaban empapados, el aire sin ox\u00edgeno era asfixiante, la sangre palpitaba en la cabeza y el\u00a0pecho quedaba oprimido en una semiasfixia enloquecedora. Y a esto hay que sumar toda esa humedad viscosa en la que se mezclaban\u00a0los \u00e1cidos putrefactos de la lata en la que todos hac\u00edan sus necesidades. En definitiva,\u00a0un agujero donde los hombres eran tratados peor que los animales&#8221;, escribe.<\/p>\n<\/div>\n<div class=\"bbc-19j92fr ebmt73l0\" dir=\"ltr\">\n<p class=\"bbc-hhl7in e17g058b0\" dir=\"ltr\">Gabriel Pedro, padre de Edmundo Pedro, fue el preso que pas\u00f3 m\u00e1s tiempo all\u00ed: 135 d\u00edas.\u00a0Su desesperaci\u00f3n era tal que un d\u00eda intent\u00f3 quitarse la vida\u00a0cort\u00e1ndose las mu\u00f1ecas con una lata. Lo encontraron a tiempo para salvarle la vida.<\/p>\n<\/div>\n<div class=\"bbc-19j92fr ebmt73l0\" dir=\"ltr\">\n<p class=\"bbc-hhl7in e17g058b0\" dir=\"ltr\">El joven Edmundo estuvo encerrado en la sart\u00e9n durante 70 d\u00edas, tras un intento de fuga.<\/p>\n<\/div>\n<div class=\"bbc-19j92fr ebmt73l0\" dir=\"ltr\">\n<p class=\"bbc-hhl7in e17g058b0\" dir=\"ltr\">&#8220;No se imaginan lo que fue eso. La temperatura adentro llegaba a casi 50 grados. Por la noche hab\u00eda condensaci\u00f3n as\u00ed que\u00a0la humedad corr\u00eda por las paredes y la lam\u00edamos. Nos quitaron el agua.\u00a0No puedo explicar el grado de sufrimiento&#8221;, dijo en una entrevista con un peri\u00f3dico local en 2017.<\/p>\n<p dir=\"ltr\">\n<\/div>\n<figure class=\"bbc-1qn0xuy\">\n<div class=\"bbc-18ywsw9\">\n<div style=\"width: 1610px\" class=\"wp-caption alignnone\"><img loading=\"lazy\" decoding=\"async\" class=\"bbc-139onq\" src=\"https:\/\/ichef.bbci.co.uk\/ace\/ws\/640\/cpsprodpb\/973a\/live\/afde3320-020d-11ef-bdf2-6f0264f3b59d.jpg.webp\" alt=\"Vista del campo de concentraci\u00f3n de Tarrafal, en la isla de Santiago, en Cabo \" width=\"1600\" height=\"900\" \/><p class=\"wp-caption-text\">Fuente de la imagen,Instituto de Patrim\u00f4nio Cultural de Cabo Verde.\u00a0Vista del campo de concentraci\u00f3n de Tarrafal, en la isla de Santiago, en Cabo Verde.<\/p><\/div>\n<\/div>\n<\/figure>\n<div class=\"bbc-19j92fr ebmt73l0\" dir=\"ltr\">\n<p dir=\"ltr\">\n<p dir=\"ltr\">\n<p class=\"bbc-hhl7in e17g058b0\" dir=\"ltr\">La mayor\u00eda de los\u00a0prisioneros terminaron en el campo de Tarrafal sin ning\u00fan juicio.\u00a0\u201cEste es el caso de Edmundo Pedro\u201d, dice la historiadora Irene Flunser Pimentel. &#8220;Estuvo all\u00ed durante 10 a\u00f1os y s\u00f3lo cuando regres\u00f3 a la metr\u00f3poli fue juzgado y condenado a una pena de medio a\u00f1o, que, por supuesto, ya no cumpli\u00f3&#8221;.<\/p>\n<\/div>\n<div class=\"bbc-19j92fr ebmt73l0\" dir=\"ltr\">\n<p class=\"bbc-hhl7in e17g058b0\" dir=\"ltr\">En 1954, a\u00f1os despu\u00e9s de\u00a0la victoria de los aliados en la Segunda Guerra Mundial\u00a0y de cierta presi\u00f3n internacional, el campo fue cerrado.<\/p>\n<\/div>\n<div class=\"bbc-19j92fr ebmt73l0\" dir=\"ltr\">\n<p class=\"bbc-hhl7in e17g058b0\" dir=\"ltr\">Sin embargo, en 1961, con el fin de la guerra de ultramar y con\u00a0los movimientos independentistas en las colonias portuguesas, el r\u00e9gimen decidi\u00f3 abrir de nuevo el campo.<\/p>\n<\/div>\n<div class=\"bbc-19j92fr ebmt73l0\" dir=\"ltr\">\n<p class=\"bbc-hhl7in e17g058b0\" dir=\"ltr\">Se cambi\u00f3 el nombre, se convirti\u00f3 en Campo de Trabajo de Ch\u00e3o Bom y se destruy\u00f3 la &#8220;sart\u00e9n&#8221;.<\/p>\n<\/div>\n<div class=\"bbc-19j92fr ebmt73l0\" dir=\"ltr\">\n<h2 id=\"La-segunda-\u00e9poca-del-campo\" class=\"bbc-1f03ibc eglt09e0\" tabindex=\"-1\">La segunda \u00e9poca del campo<\/h2>\n<\/div>\n<div class=\"bbc-19j92fr ebmt73l0\" dir=\"ltr\">\n<p class=\"bbc-hhl7in e17g058b0\" dir=\"ltr\">En su lugar aparece la &#8220;holandinha&#8221;, una construcci\u00f3n de cemento, tambi\u00e9n precaria, pero que se encontraba dentro de otro edificio, imposible de ver desde el exterior.<\/p>\n<\/div>\n<div class=\"bbc-19j92fr ebmt73l0\" dir=\"ltr\">\n<p class=\"bbc-hhl7in e17g058b0\" dir=\"ltr\">En esta segunda fase, los prisioneros no eran antifascistas portugueses, sino\u00a0miembros de los movimientos de liberaci\u00f3n de las colonias africanas.<\/p>\n<\/div>\n<div class=\"bbc-19j92fr ebmt73l0\" dir=\"ltr\">\n<p class=\"bbc-hhl7in e17g058b0\" dir=\"ltr\">&#8220;Por all\u00ed pasaron\u00a0107 angole\u00f1os, 100 guineanos y 20 caboverdianos.\u00a0En esta segunda fase, no hubo tanto trabajo forzoso, sobre todo porque el campo ya estaba construido y pasaban all\u00ed la mayor parte del tiempo encerrados&#8221;, afirma N\u00e9lida Brito.<\/p>\n<\/div>\n<div class=\"bbc-19j92fr ebmt73l0\" dir=\"ltr\">\n<p class=\"bbc-hhl7in e17g058b0\" dir=\"ltr\">&#8220;Se cre\u00f3 una biblioteca que ten\u00eda tres funciones: la de biblioteca, gracias al env\u00edo de libros, la de escuela y la de iglesia. Adem\u00e1s,\u00a0gracias a la complicidad de algunos guardias, [los presos] obtuvieron 3 radios.\u00a0Las condiciones continuaron siendo duras (siguieron existiendo castigos corporales y condiciones insalubres), pero no hubo nada de la brutalidad de la primera fase&#8221;.<\/p>\n<p dir=\"ltr\">\n<\/div>\n<figure class=\"bbc-1qn0xuy\">\n<div class=\"bbc-18ywsw9\">\n<div style=\"width: 1166px\" class=\"wp-caption alignnone\"><img loading=\"lazy\" decoding=\"async\" class=\"bbc-139onq\" src=\"https:\/\/ichef.bbci.co.uk\/ace\/ws\/640\/cpsprodpb\/345e\/live\/6a96ba50-0210-11ef-97f7-e98b193ef1b8.jpg.webp\" alt=\"Imagen del campo de concentraci\u00f3n de Cabo Verde con descripciones de las instalaciones.\" width=\"1156\" height=\"390\" \/><p class=\"wp-caption-text\">Fuente de la imagen,Acervo\/SIPA.\u00a0Imagen del campo de concentraci\u00f3n de Cabo Verde con descripciones de las instalaciones.<\/p><\/div>\n<\/div>\n<\/figure>\n<div class=\"bbc-19j92fr ebmt73l0\" dir=\"ltr\">\n<p dir=\"ltr\">\n<p dir=\"ltr\">\n<p class=\"bbc-hhl7in e17g058b0\" dir=\"ltr\">Los prisioneros estaban\u00a0separados por nacionalidades y los guardias no permit\u00edan que se mezclaran,\u00a0para que los diferentes movimientos pol\u00edticos no &#8220;alimentaran&#8221; a los dem\u00e1s.<\/p>\n<\/div>\n<div class=\"bbc-19j92fr ebmt73l0\" dir=\"ltr\">\n<p class=\"bbc-hhl7in e17g058b0\" dir=\"ltr\">Durante los muchos a\u00f1os que todos estuvieron all\u00ed, los prisioneros desarrollaron formas de resistencia.<\/p>\n<\/div>\n<div class=\"bbc-19j92fr ebmt73l0\" dir=\"ltr\">\n<p class=\"bbc-hhl7in e17g058b0\" dir=\"ltr\">&#8220;Muchos hicieron lo que llamaron superaci\u00f3n acad\u00e9mica.\u00a0Los que ten\u00edan m\u00e1s estudios ense\u00f1aban a otros, algunos s\u00f3lo sab\u00edan escribir su nombre. Y este aprender unos de otros era una manera de sobrevivir y resistir esa opresi\u00f3n&#8221;, dice Diana Andringa, periodista y autora del documental \u201cMemorias del Campo de la Muerte Lenta\u201d.<\/p>\n<\/div>\n<div class=\"bbc-19j92fr ebmt73l0\" dir=\"ltr\">\n<p class=\"bbc-hhl7in e17g058b0\" dir=\"ltr\">Grabado en 2009, en el 35\u00ba aniversario del cierre del campo, el documental muestra el reencuentro de los prisioneros que sobrevivieron.<\/p>\n<\/div>\n<div class=\"bbc-19j92fr ebmt73l0\" dir=\"ltr\">\n<h2 id=\"La-maldad-in\u00fatil\" class=\"bbc-1f03ibc eglt09e0\" tabindex=\"-1\">La maldad in\u00fatil<\/h2>\n<\/div>\n<div class=\"bbc-19j92fr ebmt73l0\" dir=\"ltr\">\n<p class=\"bbc-hhl7in e17g058b0\" dir=\"ltr\">&#8220;Fue muy conmovedor vivir eso. Muchos ni siquiera se conoc\u00edan, la mayor\u00eda nunca hab\u00eda regresado all\u00ed y compartir recuerdos comunes fue curativo. Entraron all\u00ed de una manera diferente, como vencedores, porque lo que estos africanos, encarcelados en los a\u00f1os 60, ten\u00edan com\u00fan con los portugueses, encarcelados en los a\u00f1os 30, era\u00a0el antifascismo y el anticolonialismo\u201d.<\/p>\n<\/div>\n<div class=\"bbc-19j92fr ebmt73l0\" dir=\"ltr\">\n<p class=\"bbc-hhl7in e17g058b0\" dir=\"ltr\">En las im\u00e1genes hay relatos de extrema crueldad. De\u00a0violencia, palizas, historias de aislamiento en la \u201cholandinha\u201d\u00a0que terminaron en locura. Pero lo que m\u00e1s impresion\u00f3 a la periodista fue lo que ella llama &#8220;la maldad in\u00fatil&#8221;.<\/p>\n<\/div>\n<div class=\"bbc-19j92fr ebmt73l0\" dir=\"ltr\">\n<p class=\"bbc-hhl7in e17g058b0\" dir=\"ltr\">&#8220;Algunos fueron arrestados con sus padres y, cuando llegaron aqu\u00ed, fueron obligados a desnudarse. Muchos angole\u00f1os y guineanos prefirieron ser golpeados antes que\u00a0desnudarse delante de sus padres. Eso, en sus culturas, es algo que no se hace.\u00a0Y es aqu\u00ed donde el colonialismo muestra una falta de respeto total hacia la cultura ajena, y es all\u00ed donde los ataca brutalmente\u201d, dice la periodista.<\/p>\n<p dir=\"ltr\">\n<\/div>\n<figure class=\"bbc-1qn0xuy\">\n<div class=\"bbc-18ywsw9\">\n<div style=\"width: 1596px\" class=\"wp-caption alignnone\"><img loading=\"lazy\" decoding=\"async\" class=\"bbc-139onq\" src=\"https:\/\/ichef.bbci.co.uk\/ace\/ws\/640\/cpsprodpb\/24a6\/live\/7eb9a550-0211-11ef-bdf2-6f0264f3b59d.jpg.webp\" alt=\"Patio interno del campo de concentraci\u00f3n.\" width=\"1586\" height=\"892\" \/><p class=\"wp-caption-text\">Fuente de la imagen,Instituto de Patrim\u00f4nio Cultural de Cabo Verde.\u00a0Patio interno del campo de concentraci\u00f3n.<\/p><\/div>\n<\/div>\n<\/figure>\n<div class=\"bbc-19j92fr ebmt73l0\" dir=\"ltr\">\n<p dir=\"ltr\">\n<p dir=\"ltr\">\n<p class=\"bbc-hhl7in e17g058b0\" dir=\"ltr\">&#8220;A las familias de los guineanos se les dijo que hab\u00edan muerto. Y muchos tuvieron un funeral. El peso que esto deja en una familia, el trauma de saber m\u00e1s tarde que un ni\u00f1o fue enterrado en vida&#8230; Recuerdo tambi\u00e9n\u00a0a la esposa de un anarquista portugu\u00e9s, M\u00e1rio Castelhano, a la que le devolvieron una carta con la palabra &#8216;muri\u00f3&#8217; escrita en rojo.\u00a0As\u00ed se enter\u00f3 de que su marido hab\u00eda muerto. Estas son las brutalidades que m\u00e1s me impactaron, porque es una maldad in\u00fatil. No tiene ning\u00fan prop\u00f3sito, s\u00f3lo hacer m\u00e1s da\u00f1o\u201d, dice.<\/p>\n<\/div>\n<div class=\"bbc-19j92fr ebmt73l0\" dir=\"ltr\">\n<p class=\"bbc-hhl7in e17g058b0\" dir=\"ltr\">Cuando se produjo la revoluci\u00f3n en Portugal el 25 de abril de 1974, algunos presos escucharon la noticia por la radio. Y tambi\u00e9n recibieron informaci\u00f3n de algunos guardias que ten\u00edan relaci\u00f3n con algunos presos.<\/p>\n<\/div>\n<div class=\"bbc-19j92fr ebmt73l0\" dir=\"ltr\">\n<p class=\"bbc-hhl7in e17g058b0\" dir=\"ltr\">&#8220;Tengo una buena noticia para ustedes, algo pas\u00f3 all\u00ed&#8221;, les dijo a escondidas un guardia caboverdiano. Pero ah\u00ed no pasa nada. Al menos hasta el 1 de mayo.<\/p>\n<\/div>\n<div class=\"bbc-19j92fr ebmt73l0\" dir=\"ltr\">\n<p class=\"bbc-hhl7in e17g058b0\" dir=\"ltr\">Esa ma\u00f1ana,\u00a0una multitud se reuni\u00f3 en la puerta del campo y exigi\u00f3 la liberaci\u00f3n de los prisioneros.\u00a0El director del campo, Dadinho Fontes, y algunos militares entraron en el campo, anunciaron un cambio de r\u00e9gimen y liberaron a los prisioneros.<\/p>\n<\/div>\n<div class=\"bbc-19j92fr ebmt73l0\" dir=\"ltr\">\n<p class=\"bbc-hhl7in e17g058b0\" dir=\"ltr\">Cuando salieron,\u00a0los presos fueron aclamados por la multitud que los llev\u00f3 en hombros hasta el centro de la ciudad,\u00a0en una fiesta que se prolong\u00f3 durante todo el d\u00eda.<\/p>\n<\/div>\n<div class=\"bbc-19j92fr ebmt73l0\" dir=\"ltr\">\n<p class=\"bbc-hhl7in e17g058b0\" dir=\"ltr\">&#8220;El punto no es que intentaran matarnos lentamente&#8221;, dice en un momento del documental Jaime Schofield, un caboverdiano apresado en 1967. &#8220;Lo m\u00e1s importante es que\u00a0rechazamos esa muerte lenta. \u00a1En Tarrafal reinventamos la vida, siempre!&#8221;.<\/p>\n<\/div>\n","protected":false},"excerpt":{"rendered":"<p>&nbsp; Edmundo Pedro (1918-2018), ingres\u00f3 al campo de concentraci\u00f3n de Tarrafal, en la isla de Santiago, en Cabo Verde, a los 17 a\u00f1os. Form\u00f3 parte&hellip;<\/p>\n","protected":false},"author":99,"featured_media":522715,"comment_status":"open","ping_status":"open","sticky":false,"template":"","format":"standard","meta":{"footnotes":""},"categories":[24],"tags":[],"class_list":["post-522714","post","type-post","status-publish","format-standard","has-post-thumbnail","hentry","category-mundo"],"_links":{"self":[{"href":"https:\/\/diarioelpopular.com\/index.php\/wp-json\/wp\/v2\/posts\/522714","targetHints":{"allow":["GET"]}}],"collection":[{"href":"https:\/\/diarioelpopular.com\/index.php\/wp-json\/wp\/v2\/posts"}],"about":[{"href":"https:\/\/diarioelpopular.com\/index.php\/wp-json\/wp\/v2\/types\/post"}],"author":[{"embeddable":true,"href":"https:\/\/diarioelpopular.com\/index.php\/wp-json\/wp\/v2\/users\/99"}],"replies":[{"embeddable":true,"href":"https:\/\/diarioelpopular.com\/index.php\/wp-json\/wp\/v2\/comments?post=522714"}],"version-history":[{"count":1,"href":"https:\/\/diarioelpopular.com\/index.php\/wp-json\/wp\/v2\/posts\/522714\/revisions"}],"predecessor-version":[{"id":522716,"href":"https:\/\/diarioelpopular.com\/index.php\/wp-json\/wp\/v2\/posts\/522714\/revisions\/522716"}],"wp:featuredmedia":[{"embeddable":true,"href":"https:\/\/diarioelpopular.com\/index.php\/wp-json\/wp\/v2\/media\/522715"}],"wp:attachment":[{"href":"https:\/\/diarioelpopular.com\/index.php\/wp-json\/wp\/v2\/media?parent=522714"}],"wp:term":[{"taxonomy":"category","embeddable":true,"href":"https:\/\/diarioelpopular.com\/index.php\/wp-json\/wp\/v2\/categories?post=522714"},{"taxonomy":"post_tag","embeddable":true,"href":"https:\/\/diarioelpopular.com\/index.php\/wp-json\/wp\/v2\/tags?post=522714"}],"curies":[{"name":"wp","href":"https:\/\/api.w.org\/{rel}","templated":true}]}}