{"id":522758,"date":"2024-10-14T11:48:57","date_gmt":"2024-10-14T15:48:57","guid":{"rendered":"https:\/\/diarioelpopular.com\/?p=522758"},"modified":"2024-10-14T11:48:57","modified_gmt":"2024-10-14T15:48:57","slug":"para-muchas-familias-esta-es-la-unica-comida-del-dia-el-fuerte-impacto-en-los-ninos-del-mayor-salto-de-la-pobreza-en-argentina-en-20-anos","status":"publish","type":"post","link":"https:\/\/diarioelpopular.com\/index.php\/2024\/10\/14\/para-muchas-familias-esta-es-la-unica-comida-del-dia-el-fuerte-impacto-en-los-ninos-del-mayor-salto-de-la-pobreza-en-argentina-en-20-anos\/","title":{"rendered":"&#8220;Para muchas familias, esta es la \u00fanica comida del d\u00eda&#8221;: el fuerte impacto en los ni\u00f1os del mayor salto de la pobreza en Argentina en 20 a\u00f1os"},"content":{"rendered":"<div id=\"attachment_522759\" style=\"width: 646px\" class=\"wp-caption alignnone\"><img loading=\"lazy\" decoding=\"async\" aria-describedby=\"caption-attachment-522759\" class=\"wp-image-522759 size-custom-full-size\" src=\"https:\/\/diarioelpopular.com\/wp-content\/uploads\/2024\/10\/Screen-Shot-2024-10-14-at-11.48.21-AM-636x357.png\" alt=\"\" width=\"636\" height=\"357\" srcset=\"https:\/\/diarioelpopular.com\/wp-content\/uploads\/2024\/10\/Screen-Shot-2024-10-14-at-11.48.21-AM-636x357.png 636w, https:\/\/diarioelpopular.com\/wp-content\/uploads\/2024\/10\/Screen-Shot-2024-10-14-at-11.48.21-AM-300x169.png 300w, https:\/\/diarioelpopular.com\/wp-content\/uploads\/2024\/10\/Screen-Shot-2024-10-14-at-11.48.21-AM-768x432.png 768w, https:\/\/diarioelpopular.com\/wp-content\/uploads\/2024\/10\/Screen-Shot-2024-10-14-at-11.48.21-AM-130x73.png 130w, https:\/\/diarioelpopular.com\/wp-content\/uploads\/2024\/10\/Screen-Shot-2024-10-14-at-11.48.21-AM.png 1024w\" sizes=\"auto, (max-width: 636px) 100vw, 636px\" \/><p id=\"caption-attachment-522759\" class=\"wp-caption-text\">2 de cada 3 ni\u00f1os en Argentina son pobres y subsisten con la ayuda del Estado y de comedores comunitarios como este.<\/p><\/div>\n<p>&nbsp;<\/p>\n<p>&nbsp;<\/p>\n<div class=\"bbc-19j92fr ebmt73l0\" dir=\"ltr\">\n<ul>\n<li class=\"bbc-hhl7in e17g058b0\" dir=\"ltr\"><em><b>\u201cHace un tiempo que viene mal la cosa, los sueldos no alcanzan para comer, la ayuda estatal tampoco\u201d, cuenta Noelia, de 38 a\u00f1os.<\/b><\/em><\/li>\n<\/ul>\n<\/div>\n<div class=\"bbc-19j92fr ebmt73l0\" dir=\"ltr\">\n<p dir=\"ltr\">\n<p class=\"bbc-hhl7in e17g058b0\" dir=\"ltr\">Ella y sus tres hijos se alimentan con la ayuda del comedor comunitario Peque\u00f1os valientes, en el barrio El Claro, en Benav\u00eddez, ubicado en el llamado segundo cord\u00f3n del conurbano de Buenos Aires, la zona con m\u00e1s poblaci\u00f3n del pa\u00eds y el mayor n\u00famero de &#8220;villas miseria&#8221; o asentamientos informales.<\/p>\n<\/div>\n<div class=\"bbc-19j92fr ebmt73l0\" dir=\"ltr\">\n<p class=\"bbc-hhl7in e17g058b0\" dir=\"ltr\">\u201cMenos mal que tenemos esto.\u00a0A veces esta es nuestra \u00fanica comida del d\u00eda\u201d, dice mientras espera su turno para llevarse un envase repleto de polenta y salsa de tomate.<\/p>\n<\/div>\n<div class=\"bbc-19j92fr ebmt73l0\" dir=\"ltr\">\n<p class=\"bbc-hhl7in e17g058b0\" dir=\"ltr\">Mar\u00eda Jos\u00e9 Games, quien entrega la comida, fund\u00f3 el comedor hace una d\u00e9cada junto con un grupo de madres que trabajaban contra la violencia de g\u00e9nero. Cuenta que en el \u00faltimo a\u00f1o el n\u00famero de familias que vienen a pedir ayuda\u00a0casi se duplic\u00f3.<\/p>\n<\/div>\n<section class=\"bbc-geybui\" role=\"region\" aria-label=\"Publicidad 2\" aria-hidden=\"true\" data-e2e=\"advertisement\"><\/section>\n<div class=\"bbc-19j92fr ebmt73l0\" dir=\"ltr\">\n<p class=\"bbc-hhl7in e17g058b0\" dir=\"ltr\">\u201cDespu\u00e9s de la pandemia la situaci\u00f3n hab\u00eda mejorado y ayud\u00e1bamos a unas 70 familias. Pero en el \u00faltimo a\u00f1o se sumaron 60 m\u00e1s. Y hay otras en lista de espera, porque no damos abasto\u201d, dice.<\/p>\n<\/div>\n<div class=\"bbc-1n4f7vm ebmt73l0\" dir=\"ltr\"><\/div>\n<div class=\"bbc-19j92fr ebmt73l0\" dir=\"ltr\">\n<p class=\"bbc-hhl7in e17g058b0\" dir=\"ltr\">Tambi\u00e9n afirma que varios est\u00e1n en la misma que Noelia:\u00a0\u201cPara muchas familias, esta es la \u00fanica comida del d\u00eda\u201d.<\/p>\n<\/div>\n<div class=\"bbc-19j92fr ebmt73l0\" dir=\"ltr\">\n<p class=\"bbc-hhl7in e17g058b0\" dir=\"ltr\">\u201cLos mi\u00e9rcoles, que el comedor no abre, en casa comemos\u00a0mate cocido con pan\u201d, comenta Rosa, de 57 a\u00f1os, que tambi\u00e9n espera su turno para llevarse una porci\u00f3n de polenta.<\/p>\n<\/div>\n<div class=\"bbc-19j92fr ebmt73l0\" dir=\"ltr\">\n<p class=\"bbc-hhl7in e17g058b0\" dir=\"ltr\">Noelia, Rosa y sus familias son algunos de las casi\u00a025 millones de personas que viven por debajo de la l\u00ednea de pobreza\u00a0en Argentina, seg\u00fan revel\u00f3 recientemente un informe del Instituto Nacional de Estad\u00edstica y Censos (Indec).<\/p>\n<\/div>\n<div class=\"bbc-19j92fr ebmt73l0\" dir=\"ltr\">\n<p class=\"bbc-hhl7in e17g058b0\" dir=\"ltr\">Las cifras, que midieron el primer semestre de 2024, muestran que en el pa\u00eds hay m\u00e1s argentinos pobres que no pobres: son casi el 53%, es decir:\u00a0m\u00e1s de la mitad de la poblaci\u00f3n.<\/p>\n<p dir=\"ltr\">\n<\/div>\n<figure class=\"bbc-1qn0xuy\">\n<div class=\"bbc-18ywsw9\">\n<div style=\"width: 1240px\" class=\"wp-caption alignnone\"><img loading=\"lazy\" decoding=\"async\" class=\"bbc-139onq\" src=\"https:\/\/ichef.bbci.co.uk\/ace\/ws\/640\/cpsprodpb\/257a\/live\/8e923090-84e4-11ef-a015-7bccfa7c6275.jpg.webp\" alt=\"Noelia esperando la entrega de comida en el comedor \u201cPeque\u00f1os valientes\u201d.\" width=\"1230\" height=\"821\" \/><p class=\"wp-caption-text\">A veces la comida que recibe en el comedor Peque\u00f1os valientes es la \u00fanica que consume la familia de Noelia.<\/p><\/div>\n<\/div><figcaption class=\"bbc-15f1ujd\" dir=\"ltr\"><\/figcaption><\/figure>\n<div class=\"bbc-19j92fr ebmt73l0\" dir=\"ltr\">\n<p dir=\"ltr\">\n<p dir=\"ltr\">\n<p class=\"bbc-hhl7in e17g058b0\" dir=\"ltr\">Pero el dato m\u00e1s fuerte es que las peores tasas de pobreza e indigencia se dan entre\u00a0los ni\u00f1os.<\/p>\n<\/div>\n<div class=\"bbc-19j92fr ebmt73l0\" dir=\"ltr\">\n<p class=\"bbc-hhl7in e17g058b0\" dir=\"ltr\">M\u00e1s del\u00a066% de los menores de 14 a\u00f1os es pobre, en otras palabras:\u00a02 de cada 3.<\/p>\n<\/div>\n<div class=\"bbc-19j92fr ebmt73l0\" dir=\"ltr\">\n<p class=\"bbc-hhl7in e17g058b0\" dir=\"ltr\">Un informe publicado por Unicef Argentina en agosto pasado revel\u00f3 que &#8220;cada d\u00eda,\u00a0un mill\u00f3n de ni\u00f1as y ni\u00f1os se van a dormir sin cenar\u00a0en el pa\u00eds&#8221;.<\/p>\n<\/div>\n<div class=\"bbc-19j92fr ebmt73l0\" dir=\"ltr\">\n<p class=\"bbc-hhl7in e17g058b0\" dir=\"ltr\">En tanto, un mill\u00f3n y medio saltean alguna comida durante el d\u00eda.<\/p>\n<\/div>\n<div class=\"bbc-19j92fr ebmt73l0\" dir=\"ltr\">\n<p class=\"bbc-hhl7in e17g058b0\" dir=\"ltr\">Quienes s\u00ed acceden a comida, ya no pueden costear el precio de los alimentos m\u00e1s nutritivos.<\/p>\n<\/div>\n<div class=\"bbc-19j92fr ebmt73l0\" dir=\"ltr\">\n<p class=\"bbc-hhl7in e17g058b0\" dir=\"ltr\">\u201cYa no comemos carne. Comemos fideos con queso y ya est\u00e1\u201d, afirma Noelia.<\/p>\n<\/div>\n<div class=\"bbc-19j92fr ebmt73l0\" dir=\"ltr\">\n<p class=\"bbc-hhl7in e17g058b0\" dir=\"ltr\">Incluso los comedores, muchos de los cuales dependen de ayuda privada, ya no pueden ofrecer carne, verdura y fruta de manera diaria.<\/p>\n<\/div>\n<div class=\"bbc-19j92fr ebmt73l0\" dir=\"ltr\">\n<p class=\"bbc-hhl7in e17g058b0\" dir=\"ltr\">&#8220;El kilo de carne cuesta casi 10.000 pesos (10 d\u00f3lares)&#8221;, dice Jos\u00e9 Cuello, quien coordina otro comedor, llamado Un Lugarcito, en un barrio a media hora de distancia. &#8220;Hoy un jornal de trabajo se paga 15.000&#8221;.<\/p>\n<p dir=\"ltr\">\n<\/div>\n<figure class=\"bbc-1qn0xuy\">\n<div class=\"bbc-18ywsw9\">\n<div style=\"width: 1271px\" class=\"wp-caption alignnone\"><img loading=\"lazy\" decoding=\"async\" class=\"bbc-139onq\" src=\"https:\/\/ichef.bbci.co.uk\/ace\/ws\/640\/cpsprodpb\/f349\/live\/1f6896e0-84e5-11ef-a015-7bccfa7c6275.jpg.webp\" alt=\"Jos\u00e9 Cuello cocinando fideos en el comedor Un Lugarcito.\" width=\"1261\" height=\"842\" \/><p class=\"wp-caption-text\">En el pa\u00eds famoso por su \u201cbife\u201d y su \u201casado\u201d comer carne se ha vuelto un lujo, y muchos comedores, como el de Jos\u00e9, suelen ofrecer comidas a base de fideos.<\/p><\/div>\n<\/div><figcaption class=\"bbc-15f1ujd\" dir=\"ltr\"><\/figcaption><\/figure>\n<div class=\"bbc-19j92fr ebmt73l0\" dir=\"ltr\">\n<p dir=\"ltr\">\n<p class=\"bbc-hhl7in e17g058b0\" dir=\"ltr\">La\u00a0malnutrici\u00f3n infantil\u00a0est\u00e1 causando estragos en la salud de la poblaci\u00f3n que representa el futuro de Argentina.<\/p>\n<\/div>\n<div class=\"bbc-19j92fr ebmt73l0\" dir=\"ltr\">\n<p class=\"bbc-hhl7in e17g058b0\" dir=\"ltr\">Norma Piazza, pediatra especializada en nutrici\u00f3n, dijo a la agencia Reuters que algunos ni\u00f1os estaban siendo hospitalizados con problemas neurol\u00f3gicos y convulsiones por\u00a0deficiencia de vitaminas\u00a0como la B12, algo asociado a la falta de consumo de carne.<\/p>\n<\/div>\n<div class=\"bbc-19j92fr ebmt73l0\" dir=\"ltr\">\n<p class=\"bbc-hhl7in e17g058b0\" dir=\"ltr\">&#8220;Estamos viendo casos de escorbuto, casos de lesiones oculares por deficiencia de vitamina A&#8221;, agreg\u00f3 en referencia al nutriente esencial que se halla en muchas verduras, frutas y l\u00e1cteos.<\/p>\n<\/div>\n<div class=\"bbc-19j92fr ebmt73l0\" dir=\"ltr\">\n<p class=\"bbc-hhl7in e17g058b0\" dir=\"ltr\">&#8220;Estas cosas exist\u00edan en Am\u00e9rica Central, \u00c1frica, Asia, pero\u00a0nunca hab\u00edamos visto pacientes aqu\u00ed\u00a0con lesiones oculares debido a la falta de vitamina A&#8221;.<\/p>\n<\/div>\n<div class=\"bbc-19j92fr ebmt73l0\" dir=\"ltr\">\n<h2 id=\"El-mayor-salto-en-20-a\u00f1os\" class=\"bbc-1f03ibc eglt09e0\" tabindex=\"-1\">El mayor salto en 20 a\u00f1os<\/h2>\n<\/div>\n<div class=\"bbc-19j92fr ebmt73l0\" dir=\"ltr\">\n<p class=\"bbc-hhl7in e17g058b0\" dir=\"ltr\">Las cifras del Indec muestran que la pobreza registr\u00f3\u00a0un salto enorme\u00a0en los primeros seis meses de gobierno de Javier Milei, quien lleg\u00f3 al poder en diciembre pasado.<\/p>\n<\/div>\n<div class=\"bbc-19j92fr ebmt73l0\" dir=\"ltr\">\n<p class=\"bbc-hhl7in e17g058b0\" dir=\"ltr\">Aument\u00f3 m\u00e1s de 11 puntos desde el segundo semestre de 2023.<\/p>\n<\/div>\n<div class=\"bbc-19j92fr ebmt73l0\" dir=\"ltr\">\n<p class=\"bbc-hhl7in e17g058b0\" dir=\"ltr\">En la pr\u00e1ctica, significa que\u00a0m\u00e1s de 5 millones de personas cayeron en la pobreza\u00a0en la primera mitad del a\u00f1o.<\/p>\n<\/div>\n<div class=\"bbc-19j92fr ebmt73l0\" dir=\"ltr\">\n<p class=\"bbc-hhl7in e17g058b0\" dir=\"ltr\">De ellas, 3 millones cayeron en la indigencia (es decir: no tienen suficiente para comer).<\/p>\n<\/div>\n<div class=\"bbc-19j92fr ebmt73l0\" dir=\"ltr\">\n<p class=\"bbc-hhl7in e17g058b0\" dir=\"ltr\">Se trata del\u00a0mayor aumento de la pobreza de los \u00faltimos 20 a\u00f1os.<\/p>\n<\/div>\n<div class=\"bbc-19j92fr ebmt73l0\" dir=\"ltr\">\n<p class=\"bbc-hhl7in e17g058b0\" dir=\"ltr\">Aunque los \u00edndices ven\u00edan en aumento en los \u00faltimos a\u00f1os como consecuencia de la larga recesi\u00f3n econ\u00f3mica y de la creciente inflaci\u00f3n, que lleva m\u00e1s de una d\u00e9cada por encima del 25% anual y aceler\u00f3\u00a0del 100% a m\u00e1s del 200% en 2023, el salto grande se dio en el primer trimestre de este a\u00f1o.<\/p>\n<\/div>\n<div class=\"bbc-19j92fr ebmt73l0\" dir=\"ltr\">\n<p class=\"bbc-hhl7in e17g058b0\" dir=\"ltr\">En solo tres meses, los precios aumentaron\u00a0m\u00e1s del 50%.<\/p>\n<\/div>\n<div class=\"bbc-19j92fr ebmt73l0\" dir=\"ltr\">\n<p class=\"bbc-hhl7in e17g058b0\" dir=\"ltr\">El gobierno atribuy\u00f3 esa aceleraci\u00f3n de la inflaci\u00f3n al gigante aumento del gasto p\u00fablico que llev\u00f3 a cabo la administraci\u00f3n kirchnerista el a\u00f1o anterior, durante la campa\u00f1a electoral, para tratar de quedar en el poder.<\/p>\n<\/div>\n<div class=\"bbc-19j92fr ebmt73l0\" dir=\"ltr\">\n<p class=\"bbc-hhl7in e17g058b0\" dir=\"ltr\">Pero un factor determinante fue\u00a0la devaluaci\u00f3n de m\u00e1s del 50% del valor del peso\u00a0que orden\u00f3 Milei apenas asumi\u00f3, y la liberaci\u00f3n casi total de precios y tarifas.<\/p>\n<\/div>\n<div class=\"bbc-19j92fr ebmt73l0\" dir=\"ltr\">\n<p class=\"bbc-hhl7in e17g058b0\" dir=\"ltr\">A la par, el gobierno ha llevado a cabo\u00a0el mayor ajuste fiscal de la historia, reduciendo cerca de un tercio del gasto p\u00fablico.<\/p>\n<\/div>\n<div class=\"bbc-19j92fr ebmt73l0\" dir=\"ltr\">\n<p class=\"bbc-hhl7in e17g058b0\" dir=\"ltr\">Consultado sobre cu\u00e1nta responsabilidad le corresponde al gobierno por los nuevos \u00edndices de pobreza, el ministro de Econom\u00eda, Luis Caputo, dijo en una entrevista con el canal de noticias LN+: &#8220;A este gobierno, cero&#8221;.<\/p>\n<\/div>\n<div class=\"bbc-19j92fr ebmt73l0\" dir=\"ltr\">\n<p class=\"bbc-hhl7in e17g058b0\" dir=\"ltr\">&#8220;Nosotros salvamos que la pobreza no fuera much\u00edsimo m\u00e1s alta&#8221;, asegur\u00f3.<\/p>\n<\/div>\n<div class=\"bbc-19j92fr ebmt73l0\" dir=\"ltr\">\n<p class=\"bbc-hhl7in e17g058b0\" dir=\"ltr\">Seg\u00fan los libertarios, las medidas que tomaron le permitieron al pa\u00eds\u00a0evitar una nueva crisis hiperinflacionaria\u00a0como la que padeci\u00f3 en 1989, que entonces duplic\u00f3 las cifras de pobreza.<\/p>\n<\/div>\n<div class=\"bbc-19j92fr ebmt73l0\" dir=\"ltr\">\n<p class=\"bbc-hhl7in e17g058b0\" dir=\"ltr\">&#8220;Hoy estar\u00edamos hablando de un 95% de pobres&#8221;, asegur\u00f3 el propio Milei en una entrevista con la famosa presentadora televisiva Susana Gim\u00e9nez, una cifra que ha sido cuestionada por un gran n\u00famero de economistas.<\/p>\n<\/div>\n<div class=\"bbc-19j92fr ebmt73l0\" dir=\"ltr\">\n<h2 id=\"Pobres-con-trabajo\" class=\"bbc-1f03ibc eglt09e0\" tabindex=\"-1\">Pobres con trabajo<\/h2>\n<\/div>\n<div class=\"bbc-19j92fr ebmt73l0\" dir=\"ltr\">\n<p class=\"bbc-hhl7in e17g058b0\" dir=\"ltr\">Los niveles de pobreza actuales solo fueron superados por los que se registraron tras la peor crisis que vivi\u00f3 Argentina, luego del estallido econ\u00f3mico, pol\u00edtico y social de diciembre de 2001.<\/p>\n<\/div>\n<div class=\"bbc-19j92fr ebmt73l0\" dir=\"ltr\">\n<p class=\"bbc-hhl7in e17g058b0\" dir=\"ltr\">La pobreza alcanz\u00f3 el 65,6% en 2002, lo que constituy\u00f3 un r\u00e9cord desde que el Indec comenz\u00f3 a monitorear la evoluci\u00f3n de este fen\u00f3meno, en 1988.<\/p>\n<\/div>\n<div class=\"bbc-19j92fr ebmt73l0\" dir=\"ltr\">\n<p class=\"bbc-hhl7in e17g058b0\" dir=\"ltr\">Al igual que ahora, muchos sufrieron el impacto de una fuerte depreciaci\u00f3n del peso, que perdi\u00f3 tres cuartos de su valor en pocos meses.<\/p>\n<\/div>\n<div class=\"bbc-19j92fr ebmt73l0\" dir=\"ltr\">\n<p class=\"bbc-hhl7in e17g058b0\" dir=\"ltr\">Pero otra gran parte del fen\u00f3meno se debi\u00f3 al\u00a0desempleo, que tambi\u00e9n fue r\u00e9cord, superando el 21%, lo que dej\u00f3 sin sustento a millones de familias.<\/p>\n<\/div>\n<div class=\"bbc-19j92fr ebmt73l0\" dir=\"ltr\">\n<p class=\"bbc-hhl7in e17g058b0\" dir=\"ltr\">Ahora, en cambio,\u00a0la desocupaci\u00f3n es relativamente baja: 7,6%\u00a0(aument\u00f3 1,9 puntos en el primer semestre, a pesar de los temores de que el &#8220;ajustazo&#8221; de Milei podr\u00eda llevar a \u00edndices mucho m\u00e1s preocupantes).<\/p>\n<\/div>\n<div class=\"bbc-19j92fr ebmt73l0\" dir=\"ltr\">\n<p class=\"bbc-hhl7in e17g058b0\" dir=\"ltr\">Por otra parte, en la actualidad los m\u00e1s vulnerables reciben toda una serie de\u00a0ayudas econ\u00f3micas\u00a0-\u201cplanes sociales\u201d- que no exist\u00edan hace dos d\u00e9cadas, y que justamente se empezaron a brindar como consecuencia de la crisis de 2001-2002.<\/p>\n<\/div>\n<div class=\"bbc-19j92fr ebmt73l0\" dir=\"ltr\">\n<p class=\"bbc-hhl7in e17g058b0\" dir=\"ltr\">\u00bfPor qu\u00e9 entonces aument\u00f3 tanto la pobreza?<\/p>\n<p dir=\"ltr\">\n<\/div>\n<figure class=\"bbc-1qn0xuy\">\n<div class=\"bbc-18ywsw9\">\n<div style=\"width: 960px\" class=\"wp-caption alignnone\"><img loading=\"lazy\" decoding=\"async\" class=\"bbc-139onq\" src=\"https:\/\/ichef.bbci.co.uk\/ace\/ws\/640\/cpsprodpb\/a721\/live\/5c26e760-84e7-11ef-85b0-af181ae39b94.jpg.webp\" alt=\"Dos &quot;cartoneras&quot;, o recicladoras urbanas, en La Matanza, Buenos Aires\" width=\"950\" height=\"633\" \/><p class=\"wp-caption-text\">Fuente de la imagen,Getty Images.\u00a0Casi la mitad de los trabajadores son informales, y el 70% es pobre.<\/p><\/div>\n<\/div>\n<\/figure>\n<div class=\"bbc-19j92fr ebmt73l0\" dir=\"ltr\">\n<p dir=\"ltr\">\n<p dir=\"ltr\">\n<p class=\"bbc-hhl7in e17g058b0\" dir=\"ltr\">La explicaci\u00f3n est\u00e1 en la\u00a0ca\u00edda del poder adquisitivo de los ingresos, que no se han mantenido a la par de la inflaci\u00f3n, llevando a un fen\u00f3meno relativamente nuevo en este pa\u00eds: el de los\u00a0trabajadores pobres.<\/p>\n<\/div>\n<div class=\"bbc-19j92fr ebmt73l0\" dir=\"ltr\">\n<p class=\"bbc-hhl7in e17g058b0\" dir=\"ltr\">Un problema agravado por el aumento del empleo informal -el sector con los ingresos m\u00e1s bajos- que hoy representa a cerca del\u00a047% de los trabajadores, seg\u00fan cifras oficiales.<\/p>\n<\/div>\n<div class=\"bbc-19j92fr ebmt73l0\" dir=\"ltr\">\n<p class=\"bbc-hhl7in e17g058b0\" dir=\"ltr\">Si bien la p\u00e9rdida del valor de los ingresos lleva a\u00f1os, se profundiz\u00f3 por la devaluaci\u00f3n y el salto inflacionario del primer trimestre de este a\u00f1o.<\/p>\n<\/div>\n<div class=\"bbc-19j92fr ebmt73l0\" dir=\"ltr\">\n<p class=\"bbc-hhl7in e17g058b0\" dir=\"ltr\">Seg\u00fan el Instituto Gino Germani, dependiente de la Universidad de Buenos Aires (UBA), el 70% de los trabajadores no registrados quedaron por debajo de la l\u00ednea de pobreza.<\/p>\n<\/div>\n<div class=\"bbc-19j92fr ebmt73l0\" dir=\"ltr\">\n<p class=\"bbc-hhl7in e17g058b0\" dir=\"ltr\">En tanto, el\u00a030% de los asalariados en blanco\u00a0-m\u00e1s de dos millones de personas- tambi\u00e9n\u00a0son pobres.<\/p>\n<\/div>\n<div class=\"bbc-19j92fr ebmt73l0\" dir=\"ltr\">\n<p class=\"bbc-hhl7in e17g058b0\" dir=\"ltr\">\u201cNo recuerdo nunca en mi vida que un jornal de trabajo\u00a0no alcance ni para comprar dos kilos de milanesas\u201d, coment\u00f3 a BBC Mundo Jos\u00e9 Cuello del comedor Un Lugarcito.<\/p>\n<\/div>\n<div class=\"bbc-19j92fr ebmt73l0\" dir=\"ltr\">\n<h2 id=\"No-alcanza\" class=\"bbc-1f03ibc eglt09e0\" tabindex=\"-1\">&#8220;No alcanza&#8221;<\/h2>\n<\/div>\n<div class=\"bbc-19j92fr ebmt73l0\" dir=\"ltr\">\n<p class=\"bbc-hhl7in e17g058b0\" dir=\"ltr\">El gobierno afirma que las medidas que toma, en particular el dr\u00e1stico recorte del gasto p\u00fablico, buscan\u00a0reducir la inflaci\u00f3n, que es el principal motivo por el que los ingresos han perdido tanto valor.<\/p>\n<\/div>\n<div class=\"bbc-19j92fr ebmt73l0\" dir=\"ltr\">\n<p class=\"bbc-hhl7in e17g058b0\" dir=\"ltr\">Adem\u00e1s, apuntan a\u00a0incentivar el empleo privado, que est\u00e1 estancado hace m\u00e1s de una d\u00e9cada, y reducir el estatal, que se convirt\u00f3 en los \u00faltimos a\u00f1os en el principal generador de trabajo (y una importante carga para las arcas p\u00fablicas).<\/p>\n<\/div>\n<div class=\"bbc-19j92fr ebmt73l0\" dir=\"ltr\">\n<p class=\"bbc-hhl7in e17g058b0\" dir=\"ltr\">Mientras llevan a cabo lo que el propio Milei ha definido como \u201cel ajuste m\u00e1s grande de la historia de la humanidad&#8221;, las autoridades aseguran que han fortalecido las ayudas sociales para\u00a0proteger a los m\u00e1s vulnerables.<\/p>\n<\/div>\n<div class=\"bbc-19j92fr ebmt73l0\" dir=\"ltr\">\n<p class=\"bbc-hhl7in e17g058b0\" dir=\"ltr\">Un informe publicado a finales de septiembre por el ministerio de Capital Humano -creado por el gobierno libertario para agrupar las excarteras de Trabajo, Educaci\u00f3n, Desarrollo Social y Cultura- se\u00f1al\u00f3 que se realizaron fuertes aumentos en tres de los principales beneficios que reciben los m\u00e1s pobres:<\/p>\n<\/div>\n<div class=\"etpldq00 bbc-oa9drk ebmt73l0\" dir=\"ltr\">\n<ul class=\"bbc-1lxq1jn\" role=\"list\">\n<li class=\"bbc-1maxgwy\" role=\"listitem\">La\u00a0Asignaci\u00f3n Universal por Hijo: aument\u00f3 374%<\/li>\n<li class=\"bbc-1maxgwy\" role=\"listitem\">La\u00a0Prestaci\u00f3n Alimentar\u00a0(una tarjeta para comprar comida): aument\u00f3 138%<\/li>\n<li class=\"bbc-1maxgwy\" role=\"listitem\">El\u00a0Plan 1.000 D\u00edas\u00a0(para ni\u00f1os en sus primeros tres a\u00f1os de vida): aument\u00f3 1.323%<\/li>\n<\/ul>\n<\/div>\n<div class=\"etpldq00 bbc-oa9drk ebmt73l0\" dir=\"ltr\">\n<ul class=\"bbc-1lxq1jn\" role=\"list\">\n<li class=\"bbc-1maxgwy\" role=\"listitem\">\n<p><div style=\"width: 763px\" class=\"wp-caption alignnone\"><img loading=\"lazy\" decoding=\"async\" class=\"bbc-139onq\" src=\"https:\/\/ichef.bbci.co.uk\/ace\/ws\/640\/cpsprodpb\/2336\/live\/ae9c5770-84ea-11ef-85b0-af181ae39b94.jpg.webp\" alt=\"Una mujer con dos ni\u00f1os pidiendo limosna afuera de un supermercado en Buenos Aires.\" width=\"753\" height=\"423\" \/><p class=\"wp-caption-text\">Fuente de la imagen,Getty Images.\u00a0La ayuda social del gobierno de Milei est\u00e1 enfocada especialmente en los ni\u00f1os.<\/p><\/div><\/li>\n<\/ul>\n<\/div>\n<figure class=\"bbc-1qn0xuy\">\n<div class=\"bbc-18ywsw9\"><\/div>\n<\/figure>\n<div class=\"bbc-19j92fr ebmt73l0\" dir=\"ltr\">\n<p dir=\"ltr\">\n<p dir=\"ltr\">\n<p class=\"bbc-hhl7in e17g058b0\" dir=\"ltr\">Seg\u00fan el gobierno, con estas ayudas\u00a0se cubre el \u201c97,7% de la canasta b\u00e1sica alimentaria\u201d, que es la que determina el nivel de indigencia. Un porcentaje mucho mayor que con gobiernos anteriores.<\/p>\n<\/div>\n<div class=\"bbc-19j92fr ebmt73l0\" dir=\"ltr\">\n<p class=\"bbc-hhl7in e17g058b0\" dir=\"ltr\">Sin embargo, ese c\u00e1lculo solo toma en cuenta las necesidades de un menor, y asumiendo que es hijo \u00fanico.<\/p>\n<\/div>\n<div class=\"bbc-19j92fr ebmt73l0\" dir=\"ltr\">\n<p class=\"bbc-hhl7in e17g058b0\" dir=\"ltr\">Si uno toma una \u201cfamilia tipo\u201d (dos adultos y dos menores), la ayuda cubre el 50% del costo de los alimentos b\u00e1sicos para no ser indigente.<\/p>\n<\/div>\n<div class=\"bbc-19j92fr ebmt73l0\" dir=\"ltr\">\n<p class=\"bbc-hhl7in e17g058b0\" dir=\"ltr\">Y si hay m\u00e1s ni\u00f1os -como suele ocurrir en muchas familias de menores ingresos- el porcentaje se reduce a\u00fan m\u00e1s.<\/p>\n<\/div>\n<div class=\"bbc-19j92fr ebmt73l0\" dir=\"ltr\">\n<p class=\"bbc-hhl7in e17g058b0\" dir=\"ltr\">Gisela, de 31 a\u00f1os, tiene cinco hijos, y dice que, si bien la ayuda aument\u00f3, los precios aumentaron mucho m\u00e1s.<\/p>\n<\/div>\n<div class=\"bbc-19j92fr ebmt73l0\" dir=\"ltr\">\n<p class=\"bbc-hhl7in e17g058b0\" dir=\"ltr\">\u201cNo alcanza\u201d, afirma, mientras espera su envase con polenta. \u201cUno dice: \u2018vos ten\u00e9s la ayuda del Estado\u2019. S\u00ed, pero\u00a0as\u00ed como te ayudan te aumentan las cosas&#8221;.<\/p>\n<\/div>\n<div class=\"bbc-19j92fr ebmt73l0\" dir=\"ltr\">\n<p class=\"bbc-hhl7in e17g058b0\" dir=\"ltr\">Se refiere a la liberaci\u00f3n general de precios, principalmente de los alimentos, que durante los gobiernos kirchneristas estuvieron regulados.<\/p>\n<\/div>\n<div class=\"bbc-19j92fr ebmt73l0\" dir=\"ltr\">\n<p class=\"bbc-hhl7in e17g058b0\" dir=\"ltr\">Tambi\u00e9n al aumento de las tarifas: seg\u00fan el Instituto Interdisciplinario de Econom\u00eda Pol\u00edtica (IIEP), de la UBA, la canasta b\u00e1sica de servicios de luz, gas, agua y transporte para una familia tipo en el \u00e1rea metropolitana de Buenos Aires\u00a0subi\u00f3 370%\u00a0desde que asumi\u00f3 Milei, m\u00e1s del doble que la inflaci\u00f3n acumulada durante ese per\u00edodo.<\/p>\n<p dir=\"ltr\">\n<\/div>\n<figure class=\"bbc-1qn0xuy\">\n<div class=\"bbc-18ywsw9\">\n<div style=\"width: 1034px\" class=\"wp-caption alignnone\"><img loading=\"lazy\" decoding=\"async\" class=\"bbc-139onq\" src=\"https:\/\/ichef.bbci.co.uk\/ace\/ws\/640\/cpsprodpb\/dd31\/live\/26d4e710-84ec-11ef-83dd-fbf1b9732cf0.jpg.webp\" alt=\"Un hombre durmiendo en la Plaza de Mayo, frente a la Casa Rosada.\" width=\"1024\" height=\"576\" \/><p class=\"wp-caption-text\">Fuente de la imagen,Getty Images.\u00a0Hace 30 a\u00f1os que la pobreza no baja del 25% en Argentina, pero en los \u00faltimos siete a\u00f1os se duplic\u00f3.<\/p><\/div>\n<\/div>\n<\/figure>\n<div class=\"bbc-19j92fr ebmt73l0\" dir=\"ltr\">\n<p dir=\"ltr\">\n<p dir=\"ltr\">\n<p class=\"bbc-hhl7in e17g058b0\" dir=\"ltr\">Pero incluso dentro del espectro ideol\u00f3gico af\u00edn al gobierno hay cuestionamientos a la ayuda estatal.<\/p>\n<\/div>\n<div class=\"bbc-19j92fr ebmt73l0\" dir=\"ltr\">\n<p class=\"bbc-hhl7in e17g058b0\" dir=\"ltr\">&#8220;La democracia nos trajo libertad pero no progreso. Desde 1983 (fin de la dictadura), Argentina sum\u00f3 17 millones de personas:\u00a014 millones de pobres y 3 millones de no pobres. Es decir que el 82% del crecimiento demogr\u00e1fico fue crecimiento de la pobreza\u201d, sostiene un duro informe publicado por la Fundaci\u00f3n Pensar, del expresidente Mauricio Macri, aliado de Milei.<\/p>\n<\/div>\n<div class=\"bbc-19j92fr ebmt73l0\" dir=\"ltr\">\n<p class=\"bbc-hhl7in e17g058b0\" dir=\"ltr\">El documento cuestiona la eficacia de los \u201cplanes sociales\u201d y el empleo p\u00fablico como herramientas para reducir la pobreza.<\/p>\n<\/div>\n<div class=\"bbc-19j92fr ebmt73l0\" dir=\"ltr\">\n<p class=\"bbc-hhl7in e17g058b0\" dir=\"ltr\">A pesar de que la ayuda estatal &#8220;casi se triplic\u00f3&#8221; en los \u00faltimos 15 a\u00f1os, en la actualidad \u201ces pobre 1 de cada 2 argentinos y 7 de cada 10 chicos\u201d, sostiene.<\/p>\n<\/div>\n<div class=\"bbc-19j92fr ebmt73l0\" dir=\"ltr\">\n<p class=\"bbc-hhl7in e17g058b0\" dir=\"ltr\">Tambi\u00e9n compara a Argentina, donde la pobreza se duplic\u00f3 desde 2017, con otros pa\u00edses de la regi\u00f3n que\u00a0lograron reducir ese \u00edndice\u00a0desde 2011, como Chile (-26%), El Salvador (-22%) y M\u00e9xico (-18%).<\/p>\n<\/div>\n<div class=\"bbc-19j92fr ebmt73l0\" dir=\"ltr\">\n<h2 id=\"Esperanza\" class=\"bbc-1f03ibc eglt09e0\" tabindex=\"-1\">&#8220;Esperanza&#8221;<\/h2>\n<\/div>\n<div class=\"bbc-19j92fr ebmt73l0\" dir=\"ltr\">\n<p class=\"bbc-hhl7in e17g058b0\" dir=\"ltr\">Tras la publicaci\u00f3n de los \u00edndices de pobreza, el gobierno apunt\u00f3 a un dato esperanzador: el segundo trimestre mostr\u00f3\u00a0una mejor\u00eda con respecto al primero, una tendencia que -aseguran- continuar\u00e1.<\/p>\n<\/div>\n<div class=\"bbc-19j92fr ebmt73l0\" dir=\"ltr\">\n<p class=\"bbc-hhl7in e17g058b0\" dir=\"ltr\">\u201cLos distintos indicadores est\u00e1n mostrando que\u00a0el piso de la econom\u00eda se toc\u00f3 entre abril y mayo\u00a0y que de ac\u00e1 en adelante\u00a0solo quedan buenas noticias\u201d, asegur\u00f3 el presidente a Susana Gim\u00e9nez, tres d\u00edas despu\u00e9s de que se conocieran las nuevas cifras del Indec.<\/p>\n<p dir=\"ltr\">\n<\/div>\n<figure class=\"bbc-1qn0xuy\">\n<div class=\"bbc-18ywsw9\">\n<div style=\"width: 981px\" class=\"wp-caption alignnone\"><img loading=\"lazy\" decoding=\"async\" class=\"bbc-139onq\" src=\"https:\/\/ichef.bbci.co.uk\/ace\/ws\/640\/cpsprodpb\/4769\/live\/2f239a40-84ee-11ef-85b0-af181ae39b94.jpg.webp\" alt=\"Javier Milei con el brazo en alto\" width=\"971\" height=\"648\" \/><p class=\"wp-caption-text\">Fuente de la imagen,Getty Images.\u00a0Milei se muestra confiado en que Argentina repuntar\u00e1 pronto.<\/p><\/div>\n<\/div>\n<\/figure>\n<div class=\"bbc-19j92fr ebmt73l0\" dir=\"ltr\">\n<p dir=\"ltr\">\n<p dir=\"ltr\">\n<p class=\"bbc-hhl7in e17g058b0\" dir=\"ltr\">Por su parte, el pasado domingo, Luis Caputo se mostr\u00f3 igual de optimista, en especial ante la ca\u00edda de la inflaci\u00f3n, que arranc\u00f3 el a\u00f1o por arriba del 20% mensual y en septiembre\u00a0cay\u00f3 al 3,5%.<\/p>\n<\/div>\n<div class=\"bbc-19j92fr ebmt73l0\" dir=\"ltr\">\n<p class=\"bbc-hhl7in e17g058b0\" dir=\"ltr\">\u201cEn la medida en que hay\u00a0menos inflaci\u00f3n, hay m\u00e1s estabilidad, lo que genera\u00a0mejores expectativas econ\u00f3micas. Argentina es un pa\u00eds rico en oportunidades, por lo que se debe brindar un marco macroecon\u00f3mico estable, y las inversiones comienzan a llegar. Y ya lo estamos viendo\u201d, asegur\u00f3.<\/p>\n<\/div>\n<div class=\"bbc-19j92fr ebmt73l0\" dir=\"ltr\">\n<p class=\"bbc-hhl7in e17g058b0\" dir=\"ltr\">El ministro pidi\u00f3 tener fe en que las cosas van a mejorar.<\/p>\n<\/div>\n<div class=\"bbc-19j92fr ebmt73l0\" dir=\"ltr\">\n<p class=\"bbc-hhl7in e17g058b0\" dir=\"ltr\">\u201cA quienes la est\u00e1n pasando mal hoy, les digo que\u00a0tengan m\u00e1s esperanza que nunca, que lo peor ya pas\u00f3\u00a0y hoy ya podemos empezar a mostrar resultados\u201d, dijo a LN+.<\/p>\n<\/div>\n<div class=\"bbc-19j92fr ebmt73l0\" dir=\"ltr\">\n<p class=\"bbc-hhl7in e17g058b0\" dir=\"ltr\">\u00bfTienen esperanza?, le pregunt\u00f3 este medio al grupo de mujeres esperando su comida en el barrio El Claro.<\/p>\n<\/div>\n<div class=\"bbc-19j92fr ebmt73l0\" dir=\"ltr\">\n<p class=\"bbc-hhl7in e17g058b0\" dir=\"ltr\">\u201cYo la verdad no, porque cada vez estamos peor\u201d, respondi\u00f3 Gisela, mientras el resto mov\u00eda la cabeza de lado a lado, indicando una respuesta negativa.<\/p>\n<\/div>\n<div class=\"bbc-19j92fr ebmt73l0\" dir=\"ltr\">\n<p class=\"bbc-hhl7in e17g058b0\" dir=\"ltr\">En el comedor Un Lugarcito le hice la misma pregunta a un grupo de ni\u00f1os.<\/p>\n<\/div>\n<div class=\"bbc-19j92fr ebmt73l0\" dir=\"ltr\">\n<p class=\"bbc-hhl7in e17g058b0\" dir=\"ltr\">\u00bfCreen que van a estar mejor en el futuro, como dice el gobierno?<\/p>\n<\/div>\n<div class=\"bbc-19j92fr ebmt73l0\" dir=\"ltr\">\n<p class=\"bbc-hhl7in e17g058b0\" dir=\"ltr\">\u201cYo s\u00ed porque voy a ser narco\u201d, respondi\u00f3 un chico de 12 a\u00f1os, uno de varios que abandon\u00f3 la escuela porque \u201cno entend\u00eda nada\u201d.<\/p>\n<\/div>\n<div class=\"bbc-19j92fr ebmt73l0\" dir=\"ltr\">\n<p class=\"bbc-hhl7in e17g058b0\" dir=\"ltr\">Si bien la respuesta gener\u00f3 la carcajada de sus amigos, uno de los mayores del grupo asegur\u00f3, con toda seriedad, que en ese barrio vender drogas \u201ces\u00a0una buena salida laboral\u201d.<\/p>\n<p dir=\"ltr\">\n<\/div>\n<figure class=\"bbc-1qn0xuy\">\n<div class=\"bbc-18ywsw9\">\n<div style=\"width: 1034px\" class=\"wp-caption alignnone\"><img loading=\"lazy\" decoding=\"async\" class=\"bbc-139onq\" src=\"https:\/\/ichef.bbci.co.uk\/ace\/ws\/640\/cpsprodpb\/8a2b\/live\/6d90c970-8583-11ef-822c-a50726bfda2e.jpg.webp\" alt=\"Un ni\u00f1o de una familia humilde en su cuarto\" width=\"1024\" height=\"684\" \/><p class=\"wp-caption-text\">Fuente de la imagen,Getty Images.\u00a0El mayor desaf\u00edo del pa\u00eds es sacar de la marginalidad a millones de ni\u00f1os.<\/p><\/div>\n<\/div>\n<\/figure>\n<div class=\"bbc-19j92fr ebmt73l0\" dir=\"ltr\">\n<p dir=\"ltr\">\n<p dir=\"ltr\">\n<p class=\"bbc-hhl7in e17g058b0\" dir=\"ltr\">Darle un futuro mejor a estos ni\u00f1os, criados por familias que en su gran mayor\u00eda\u00a0dependen desde hace varias generaciones de la ayuda del Estado\u00a0y de trabajos informales como las \u201c<i class=\"bbc-h1y5j7 eih42320\">changas<\/i>\u201d (trabajos ocasionales), es, sin dudas, el mayor desaf\u00edo que hoy enfrenta Argentina.<\/p>\n<\/div>\n<div class=\"bbc-19j92fr ebmt73l0\" dir=\"ltr\">\n<p class=\"bbc-hhl7in e17g058b0\" dir=\"ltr\">Muchos del 56% de argentinos que votaron por Milei en diciembre pasado comparten su creencia de que, sin un cambio dr\u00e1stico, las cosas solo\u00a0iban a empeorar.<\/p>\n<\/div>\n<div class=\"bbc-19j92fr ebmt73l0\" dir=\"ltr\">\n<p class=\"bbc-hhl7in e17g058b0\" dir=\"ltr\">Una encuesta realizada por la Universidad de San Andr\u00e9s en julio pasado mostr\u00f3 que, si bien la mitad de los entrevistados (49%) sosten\u00eda que la situaci\u00f3n del pa\u00eds hab\u00eda empeorado durante el primer semestre,\u00a0un 43% cre\u00eda que las cosas mejorar\u00edan.<\/p>\n<\/div>\n<div class=\"bbc-19j92fr ebmt73l0\" dir=\"ltr\">\n<p class=\"bbc-hhl7in e17g058b0\" dir=\"ltr\">Pero la ca\u00edda en la imagen del presidente en las \u00faltimas encuestas sugiere que\u00a0va aumentando el n\u00famero de quienes empiezan a dudar\u00a0si las duras medidas implementadas por el economista libertario cambiar\u00e1n esta tendencia o si hundir\u00e1n al pa\u00eds en un agujero a\u00fan m\u00e1s profundo.<\/p>\n<\/div>\n","protected":false},"excerpt":{"rendered":"<p>&nbsp; &nbsp; \u201cHace un tiempo que viene mal la cosa, los sueldos no alcanzan para comer, la ayuda estatal tampoco\u201d, cuenta Noelia, de 38 a\u00f1os.&hellip;<\/p>\n","protected":false},"author":99,"featured_media":522759,"comment_status":"open","ping_status":"open","sticky":false,"template":"","format":"standard","meta":{"footnotes":""},"categories":[23],"tags":[],"class_list":["post-522758","post","type-post","status-publish","format-standard","has-post-thumbnail","hentry","category-latinoamerica"],"_links":{"self":[{"href":"https:\/\/diarioelpopular.com\/index.php\/wp-json\/wp\/v2\/posts\/522758","targetHints":{"allow":["GET"]}}],"collection":[{"href":"https:\/\/diarioelpopular.com\/index.php\/wp-json\/wp\/v2\/posts"}],"about":[{"href":"https:\/\/diarioelpopular.com\/index.php\/wp-json\/wp\/v2\/types\/post"}],"author":[{"embeddable":true,"href":"https:\/\/diarioelpopular.com\/index.php\/wp-json\/wp\/v2\/users\/99"}],"replies":[{"embeddable":true,"href":"https:\/\/diarioelpopular.com\/index.php\/wp-json\/wp\/v2\/comments?post=522758"}],"version-history":[{"count":1,"href":"https:\/\/diarioelpopular.com\/index.php\/wp-json\/wp\/v2\/posts\/522758\/revisions"}],"predecessor-version":[{"id":522760,"href":"https:\/\/diarioelpopular.com\/index.php\/wp-json\/wp\/v2\/posts\/522758\/revisions\/522760"}],"wp:featuredmedia":[{"embeddable":true,"href":"https:\/\/diarioelpopular.com\/index.php\/wp-json\/wp\/v2\/media\/522759"}],"wp:attachment":[{"href":"https:\/\/diarioelpopular.com\/index.php\/wp-json\/wp\/v2\/media?parent=522758"}],"wp:term":[{"taxonomy":"category","embeddable":true,"href":"https:\/\/diarioelpopular.com\/index.php\/wp-json\/wp\/v2\/categories?post=522758"},{"taxonomy":"post_tag","embeddable":true,"href":"https:\/\/diarioelpopular.com\/index.php\/wp-json\/wp\/v2\/tags?post=522758"}],"curies":[{"name":"wp","href":"https:\/\/api.w.org\/{rel}","templated":true}]}}