{"id":522802,"date":"2024-10-15T09:19:02","date_gmt":"2024-10-15T13:19:02","guid":{"rendered":"https:\/\/diarioelpopular.com\/?p=522802"},"modified":"2024-10-15T09:19:02","modified_gmt":"2024-10-15T13:19:02","slug":"el-tribunal-supremo-estudiara-cuando-se-puede-condenar-a-menores-como-adultos","status":"publish","type":"post","link":"https:\/\/diarioelpopular.com\/index.php\/2024\/10\/15\/el-tribunal-supremo-estudiara-cuando-se-puede-condenar-a-menores-como-adultos\/","title":{"rendered":"El tribunal supremo estudiar\u00e1 cu\u00e1ndo se puede condenar a menores como adultos"},"content":{"rendered":"<p><img loading=\"lazy\" decoding=\"async\" class=\"alignnone size-custom-big-size wp-image-522807\" src=\"https:\/\/diarioelpopular.com\/wp-content\/uploads\/2024\/10\/Screen-Shot-2024-10-15-at-9.18.32-AM-1200x653.png\" alt=\"\" width=\"1200\" height=\"653\" srcset=\"https:\/\/diarioelpopular.com\/wp-content\/uploads\/2024\/10\/Screen-Shot-2024-10-15-at-9.18.32-AM-1200x653.png 1200w, https:\/\/diarioelpopular.com\/wp-content\/uploads\/2024\/10\/Screen-Shot-2024-10-15-at-9.18.32-AM-300x163.png 300w, https:\/\/diarioelpopular.com\/wp-content\/uploads\/2024\/10\/Screen-Shot-2024-10-15-at-9.18.32-AM-768x418.png 768w, https:\/\/diarioelpopular.com\/wp-content\/uploads\/2024\/10\/Screen-Shot-2024-10-15-at-9.18.32-AM-636x346.png 636w, https:\/\/diarioelpopular.com\/wp-content\/uploads\/2024\/10\/Screen-Shot-2024-10-15-at-9.18.32-AM-134x73.png 134w, https:\/\/diarioelpopular.com\/wp-content\/uploads\/2024\/10\/Screen-Shot-2024-10-15-at-9.18.32-AM.png 1024w\" sizes=\"auto, (max-width: 1200px) 100vw, 1200px\" \/><\/p>\n<p>&nbsp;<\/p>\n<ul>\n<li><em><strong>El tribunal m\u00e1s importante de Canad\u00e1 escucha este martes los argumentos sobre cu\u00e1ndo se puede considerar a un joven como adulto a efectos de sentencia.<\/strong><\/em><\/li>\n<\/ul>\n<p>&nbsp;<\/p>\n<p><em><strong>OTTAWA.-<\/strong><\/em> El resultado puede cambiar la forma en que Canad\u00e1 sentencia a los j\u00f3venes y podr\u00eda, seg\u00fan dijo un abogado a Reuters, ser un ejemplo para que lo sigan otros pa\u00edses occidentales.<\/p>\n<p>En cuesti\u00f3n est\u00e1n los casos de I.M. y S.B., dos j\u00f3venes que no pueden ser identificados seg\u00fan la ley canadiense porque los delitos por los que fueron condenados tuvieron lugar cuando eran menores de edad.<\/p>\n<p>I.M. fue condenado por asesinato en primer grado tras un apu\u00f1alamiento en 2011, cuando ten\u00eda 17 a\u00f1os.<\/p>\n<p>S.B. fue condenado por asesinato en primer grado tras un tiroteo en 2010, cuando ten\u00eda 16 a\u00f1os.<\/p>\n<p>Ambos fueron condenados como adultos, a cadena perpetua sin derecho a libertad condicional durante 10 a\u00f1os.<\/p>\n<p>Los acusados \u200b\u200best\u00e1n apelando sus sentencias ante la Corte Suprema de Canad\u00e1, argumentando que los fiscales no cumplieron con su obligaci\u00f3n de refutar la presunci\u00f3n de que los acusados \u200b\u200bten\u00edan una &#8220;menor culpabilidad moral&#8221;.<\/p>\n<p>Seg\u00fan la ley canadiense, las personas acusadas de delitos cometidos cuando eran menores de 18 a\u00f1os son consideradas menos culpables de sus acciones debido a su inmadurez. El fiscal puede solicitar que se los trate como adultos.<\/p>\n<p>Una decisi\u00f3n de la Corte Suprema de 2008 puso sobre los fiscales la carga de refutar la presunci\u00f3n de que un joven tiene una menor culpabilidad moral para que se lo trate como un adulto.<\/p>\n<p>Los abogados de I.M. y S.B. argumentan que el list\u00f3n para refutar esa presunci\u00f3n debe ser alto y deber\u00eda requerir la presentaci\u00f3n de pruebas periciales.<\/p>\n<p>Tambi\u00e9n argumentan que no es suficiente que un delito sea grave: un joven debe tener la madurez para ser sentenciado como un adulto.<\/p>\n<p>El gobierno argumenta en su presentaci\u00f3n ante la corte que la gravedad de un delito es relevante para evaluar la culpabilidad moral, que no se requiere prueba pericial y que I.M. y S.B.<\/p>\n<p>Seg\u00fan la profesora de Derecho de la Universidad de British Columbia Debra Parkes, es habitual que los j\u00f3venes condenados por delitos graves sean condenados como adultos. De los 102 casos de asesinato que involucraron a j\u00f3venes que estudi\u00f3, los fiscales solicitaron sentencias de adultos en 89 y se impusieron en 62, todas ellas de cadena perpetua.<\/p>\n<p>&#8220;En realidad, es m\u00e1s habitual condenar a los j\u00f3venes como adultos cuando el cargo es de asesinato&#8221;, dijo.<\/p>\n<p>Nader Hasan, abogado de I.M., dijo que una decisi\u00f3n de la Corte Suprema podr\u00eda aclarar cu\u00e1ndo un menor puede ser condenado como adulto, algo que ahora se hace de manera inconsistente.<\/p>\n<p>&#8220;La presunci\u00f3n deber\u00eda ser que los menores son condenados como ni\u00f1os a menos que haya una muy buena raz\u00f3n para no hacerlo. Y esa muy buena raz\u00f3n tiene que venir en forma de evidencia pericial&#8221;, dijo.<\/p>\n<p>&#8220;Tengo la esperanza de que este caso, si tenemos \u00e9xito y si comenzamos a ver m\u00e1s sentencias de j\u00f3venes, pueda servir como un ejemplo positivo de lo que deber\u00edan ser las sentencias de j\u00f3venes en una democracia&#8221;.<\/p>\n","protected":false},"excerpt":{"rendered":"<p>&nbsp; El tribunal m\u00e1s importante de Canad\u00e1 escucha este martes los argumentos sobre cu\u00e1ndo se puede considerar a un joven como adulto a efectos de&hellip;<\/p>\n","protected":false},"author":99,"featured_media":522807,"comment_status":"open","ping_status":"open","sticky":false,"template":"","format":"standard","meta":{"footnotes":""},"categories":[21,11191],"tags":[],"class_list":["post-522802","post","type-post","status-publish","format-standard","has-post-thumbnail","hentry","category-canada","category-top-news"],"_links":{"self":[{"href":"https:\/\/diarioelpopular.com\/index.php\/wp-json\/wp\/v2\/posts\/522802","targetHints":{"allow":["GET"]}}],"collection":[{"href":"https:\/\/diarioelpopular.com\/index.php\/wp-json\/wp\/v2\/posts"}],"about":[{"href":"https:\/\/diarioelpopular.com\/index.php\/wp-json\/wp\/v2\/types\/post"}],"author":[{"embeddable":true,"href":"https:\/\/diarioelpopular.com\/index.php\/wp-json\/wp\/v2\/users\/99"}],"replies":[{"embeddable":true,"href":"https:\/\/diarioelpopular.com\/index.php\/wp-json\/wp\/v2\/comments?post=522802"}],"version-history":[{"count":1,"href":"https:\/\/diarioelpopular.com\/index.php\/wp-json\/wp\/v2\/posts\/522802\/revisions"}],"predecessor-version":[{"id":522808,"href":"https:\/\/diarioelpopular.com\/index.php\/wp-json\/wp\/v2\/posts\/522802\/revisions\/522808"}],"wp:featuredmedia":[{"embeddable":true,"href":"https:\/\/diarioelpopular.com\/index.php\/wp-json\/wp\/v2\/media\/522807"}],"wp:attachment":[{"href":"https:\/\/diarioelpopular.com\/index.php\/wp-json\/wp\/v2\/media?parent=522802"}],"wp:term":[{"taxonomy":"category","embeddable":true,"href":"https:\/\/diarioelpopular.com\/index.php\/wp-json\/wp\/v2\/categories?post=522802"},{"taxonomy":"post_tag","embeddable":true,"href":"https:\/\/diarioelpopular.com\/index.php\/wp-json\/wp\/v2\/tags?post=522802"}],"curies":[{"name":"wp","href":"https:\/\/api.w.org\/{rel}","templated":true}]}}